{"id":2960,"date":"2013-05-12T20:24:41","date_gmt":"2013-05-12T19:24:41","guid":{"rendered":"http:\/\/bassdu.mine.nu\/?p=2960"},"modified":"2013-05-12T20:24:41","modified_gmt":"2013-05-12T19:24:41","slug":"miscarea-dacia-si-competenta","status":"publish","type":"post","link":"https:\/\/bassdu.mine.bz\/?p=2960","title":{"rendered":"Mi\u015fcarea Dacia \u015fi&#8230; COMPETEN\u0162A"},"content":{"rendered":"<p><strong>COMPETEN\u0162A este un principiu de baz\u0103 al Mi\u015fc\u0103rii Dacia, care va fi implementat \u00een cadrul mi\u015fc\u0103rii, \u00een cazul c\u0103 aceasta se va legaliza \u00een vederea particip\u0103rii la competi\u0163ia electoral\u0103. \u00cen cazul c\u0103 nu se va merge pe aceast\u0103 linie a LEGALIZ\u0102RII, vom propune \u201efor\u0163elor responsabile ale Na\u0163iunii\u201d, deschiderea unei dezbateri pe aceast\u0103 tem\u0103.<\/strong><br \/>\n<strong>Despre acest principiu am scris pe larg, dar ast\u0103zi o s\u0103 dau pentru o \u00een\u0163elegere mai bun\u0103, exemplul ALEGERILOR CADRELOR DE CONDUCERE ALE STATULUI, care \u00een viziunea noastr\u0103 nu implic\u0103 POLITICIENI \u015fi PARTIDE, ci&#8230; ADMINISTRATORI, din motive asupra c\u0103rora nu mai revin, fiind pe larg expuse \u00een diversele noastre materiale.<\/strong><\/p>\n<p><strong>S\u0103 lu\u0103m ca punct de pornire ALEGERILE LOCALE, singurele \u201ealegeri directe\u201d din punctul nostru de vedere, \u00een baza principiul LARGILOR AUTONOMII LOCALE. Acestea vor fi organizate \u00een vederea constituirii GUVERNULUI LOCAL, cu o compozi\u0163ie dictat\u0103 de specificul locului.<\/strong><br \/>\n<strong>GUVERNELE LOCALE vor participa la alegerea GUVERNULUI REGIONAL, care se va constitui pe baz\u0103 COMPUTERIZAT\u0102, \u00een urma complet\u0103rii unui FORMULAR, cu date relevante pentru o c\u00e2t mai exact\u0103 evaluare \u015fi colocare \u00een func\u0163iile de conducere. Guvernele Regionale odat\u0103 desemnate, vor constitui baza de selec\u0163ie computerizat\u0103 pentru SFATUL \u0162\u0102RII, din r\u00e2ndurile c\u0103ruia se va alege GUVERNUL NA\u0162IONAL \u015fi \u015eEFUL STATULUI. Acesta va avea numai FUNC\u0162IE REPREZENTATIV\u0102, neav\u00e2nd nicio putere suplimentar\u0103 fa\u0163\u0103 de un membru al Sfatului \u0162\u0103rii \u015fi fiind ales LA TERMEN \u015fi cu MANDAT UNIC. Locurile r\u0103mase vacante \u00een urma promov\u0103rilor la nivel superior, vor fi ocupate de urm\u0103torii clasifica\u0163i.<\/strong><br \/>\n<strong>\u00cen paralel cu desemnarea ADMINISTRATORILOR, se vor desemna la toate nivelurile, demnitari prin ALEGERI \u00ceN CADRUL CATEGORIILOR respective, pentru urm\u0103toarele func\u0163ii : AP\u0102RARE \u015fi PROTEC\u0162IE CIVIL\u0102, S\u0102N\u0102TATE, EDUCA\u0162IE \u015fi CULTUR\u0102, JUSTI\u0162IE.<\/strong><br \/>\n<strong>Aceste categorii vor fi INDEPENDENTE dar INTEGRATE, astfel c\u0103 dispare conceptul de INDEPENDEN\u0162\u0102 A PUTERILOR a\u015fa cum este cunoscut azi. Reprezentan\u0163ii acestor categorii vor face parte din toate formele de guvernare.<\/strong><br \/>\n<strong>\u201eProgramele de evaluare computerizat\u0103\u201d (FORMULAR) vor fi \u00eentocmite pe baza unei largi particip\u0103ri a unor speciali\u015fti din toate domeniile de activitate, pentru a crea o SIT\u0102 DE SELEC\u0162IE c\u00e2t mai eficient\u0103.<\/strong><br \/>\n<strong>Acest sistem de organizare statal\u0103, consfin\u0163e\u015fte O SINGUR\u0102 PUTERE \u00ceN STAT \u015fi anume &#8230; SFATUL \u0162\u0102RII, ce va cuprinde COMPETEN\u0162E DIN TOATE DOMENIILE, pentru a r\u0103spunde SOLIDAR tuturor exigen\u0163elor INTERESULUI NA\u0162IONAL.<\/strong><\/p>\n","protected":false},"excerpt":{"rendered":"<p>COMPETEN\u0162A este un principiu de baz\u0103 al Mi\u015fc\u0103rii Dacia, care va fi implementat \u00een cadrul mi\u015fc\u0103rii, \u00een cazul c\u0103 aceasta se va legaliza \u00een vederea particip\u0103rii la competi\u0163ia electoral\u0103. \u00cen cazul c\u0103 nu se va merge pe aceast\u0103 linie a LEGALIZ\u0102RII, vom propune \u201efor\u0163elor responsabile ale Na\u0163iunii\u201d, deschiderea unei dezbateri pe aceast\u0103 tem\u0103. Despre acest [&hellip;]<\/p>\n","protected":false},"author":2,"featured_media":0,"comment_status":"open","ping_status":"open","sticky":false,"template":"","format":"standard","meta":{"footnotes":""},"categories":[73],"tags":[1169,263,1168,1012,210,698,390,295,1170,459],"jetpack_featured_media_url":"","_links":{"self":[{"href":"https:\/\/bassdu.mine.bz\/index.php?rest_route=\/wp\/v2\/posts\/2960"}],"collection":[{"href":"https:\/\/bassdu.mine.bz\/index.php?rest_route=\/wp\/v2\/posts"}],"about":[{"href":"https:\/\/bassdu.mine.bz\/index.php?rest_route=\/wp\/v2\/types\/post"}],"author":[{"embeddable":true,"href":"https:\/\/bassdu.mine.bz\/index.php?rest_route=\/wp\/v2\/users\/2"}],"replies":[{"embeddable":true,"href":"https:\/\/bassdu.mine.bz\/index.php?rest_route=%2Fwp%2Fv2%2Fcomments&post=2960"}],"version-history":[{"count":1,"href":"https:\/\/bassdu.mine.bz\/index.php?rest_route=\/wp\/v2\/posts\/2960\/revisions"}],"predecessor-version":[{"id":2961,"href":"https:\/\/bassdu.mine.bz\/index.php?rest_route=\/wp\/v2\/posts\/2960\/revisions\/2961"}],"wp:attachment":[{"href":"https:\/\/bassdu.mine.bz\/index.php?rest_route=%2Fwp%2Fv2%2Fmedia&parent=2960"}],"wp:term":[{"taxonomy":"category","embeddable":true,"href":"https:\/\/bassdu.mine.bz\/index.php?rest_route=%2Fwp%2Fv2%2Fcategories&post=2960"},{"taxonomy":"post_tag","embeddable":true,"href":"https:\/\/bassdu.mine.bz\/index.php?rest_route=%2Fwp%2Fv2%2Ftags&post=2960"}],"curies":[{"name":"wp","href":"https:\/\/api.w.org\/{rel}","templated":true}]}}