{"id":2963,"date":"2013-05-15T21:19:38","date_gmt":"2013-05-15T20:19:38","guid":{"rendered":"http:\/\/bassdu.mine.nu\/?p=2963"},"modified":"2013-05-15T21:19:38","modified_gmt":"2013-05-15T20:19:38","slug":"monarhia-salveaza-romania-2","status":"publish","type":"post","link":"https:\/\/bassdu.mine.bz\/?p=2963","title":{"rendered":"\u201eMonarhia salveaz\u0103 Rom\u00e2nia\u201d ???"},"content":{"rendered":"<p>Mi-a pl\u0103cut postarea celor \u201e\u00een linie dreapt\u0103\u201d :<\/p>\n<p><a href=\"http:\/\/inliniedreapta.net\/insemnare\/monarhia-salveaza-si-decoreaza-grupul-infractional-organizat-oprescu-decorat-ciorbea-e-pe-lista-de-asteptare\">http:\/\/inliniedreapta.net\/insemnare\/monarhia-salveaza-si-decoreaza-grupul-infractional-organizat-oprescu-decorat-ciorbea-e-pe-lista-de-asteptare<\/a>\/<\/p>\n<p>Iat\u0103 spicuiri din comentariile de la grupul fb \u201eMi\u015fcarea Virtual\u0103 Dacia\u201d <a href=\"https:\/\/www.facebook.com\/groups\/141387601036\/\">https:\/\/www.facebook.com\/groups\/141387601036\/<\/a>:<\/p>\n<p><em>Gheorghe Giovanni \u0162eav\u0103<\/em><br \/>\n&#8230; da domnilor \u00een linie dreapt\u0103 !&#8230; \u00eencepem s\u0103 ne \u00een\u0163elegem, de\u015fi sunt anti-capitalist ! Sper s\u0103 nu v\u0103 sup\u0103ra\u0163i !?&#8230; o s\u0103 a\u015ftept s\u0103 v\u0103 convinge\u0163i \u015fi voi c\u0103 \u201eorice are un \u00eenceput \u015fi un sf\u00e2r\u015fit\u201d !<\/p>\n<p><em>Gheorghe Giovanni \u0162eav\u0103<\/em><br \/>\n&#8230; eu cred c\u0103 nu avem repere \u201evalabile\u201d printre \u201epersonajele\u201d pe buzele tuturor azi ! &#8230; \u015fi nu numai printre personaje, ci \u015fi printre IDEOLOGIILE lor !&#8230; pu\u0163in\u0103 FANTEZIE nu ar strica !<\/p>\n<p><em>Costin Andrie\u0219<\/em><br \/>\ncind vedeti grozaviile casei regale, alianta cu grupul infractional organizat, cum l-a numit un dezertor din psd, tot basescu e de vina !?<br \/>\n&#8230; nu basescu a stricat relatiile cu occidentul si le-a imbunatatit pe cele cu tirania kgbista rusa !<\/p>\n<p><em>Trifan Nicky<\/em><br \/>\nE adev\u0103rat, B\u0103sescu nu a stricat rela\u0163iile cu occidentul, dimpotriv\u0103, a \u00eengenunchiat Rom\u00e2nia occidentului.<\/p>\n<p><em>Gheorghe Giovanni \u0162eav\u0103<\/em><br \/>\nTrifan Nicky \u015fi Costin Andrie\u0219, nu v\u0103 certa\u0163i, c\u0103 pentru c\u0103 noi nu facem deosebiri \u00eentre unii \u015fi al\u0163ii !&#8230; sunt to\u0163i ACEEA\u015eI MIZERIE !&#8230; altfel nu mai eram pe aici s\u0103 combatem SISTEMUL !?&#8230; ne \u00eenscriam pe colo \u015fi pe dincolo ! Vreau s\u0103 specific faptul c\u0103 nu-i ur\u00e2m, ci doar \u00eei &#8230; comp\u0103timim !&#8230; ca oameni&#8230; pentru c\u0103 dpdv MATERIAL, o s\u0103-i l\u0103s\u0103m \u201e\u00een chilo\u0163i\u201d&#8230; s\u0103 vad\u0103 \u015fi ei cum e !&#8230; bine\u00een\u0163eles c\u0103 unii vor folosi elicoptere, f\u0103r\u0103 s\u0103 b\u0103nuiasc\u0103 faptul c\u0103 pilo\u0163ii sunt \u015fi ei oameni, ca s\u0103 nu mai spun c\u0103 o s\u0103 fie greu de g\u0103sit un \u201eaeroport sigur\u201d !?<\/p>\n<p><em>Vlad \u0162epe\u015f<\/em><br \/>\n&#8230; tare mi-e team\u0103 c\u0103 \u00een graba mare, \u0163epele mele nu o s\u0103 fac\u0103&#8230; deosebiri ! &#8230; nu de altceva, dar cine de \u0162EPE tr\u0103ie\u015fte, de \u0162EPE \u201epiere\u015fte\u201d ! hahaha !<\/p>\n<p><em>Costin Andrie\u0219<\/em><br \/>\nTrifan, relatia cu occidentul este de colaborare, nu de ingenunchere, cum este cu alternativa rusa.<\/p>\n<p><em>Gheorghe Giovanni \u0162eav\u0103<\/em><br \/>\n<span style=\"color: #000000;\"><strong>\u201eFere\u015fte-m\u0103 Doamne de prieteni, c\u0103 de du\u015fmani m\u0103 feresc singur !\u201d<\/strong><\/span><br \/>\n&#8230; cam asta e SOARTA Rom\u00e2niei !&#8230; cu o DATORIE de 100 de miliarde de euroi, cu o INDUSTRIE pus\u0103 la p\u0103m\u00e2nt, cu toate RESURSELE \u00eenstr\u0103inate, cu un sistem de \u00ceNV\u0102\u0162\u0102M\u00c2NT \u015fi de S\u0102N\u0102TATE mai rele ca pe vremea \u201e\u00eempu\u015fcatului\u201d, cu o agricultur\u0103 OGM pentru \u201ecombustibili ecologici\u201d, cu un SISTEM BANCAR cu sedii \u015fi cavouri pe alte meleaguri, cu o CRIZ\u0102 IMOBILIAR\u0102 dirijat\u0103 de \u201eprieteni\u201d pentru a stimula \u00ceNDATORAREA rom\u00e2nului, etc. (\u015fi e mare etc-ul \u0103sta !!!), mai-mai c\u0103 nu prea v\u0103d \u201ecolaborarea\u201d asta !?&#8230; nu ne r\u0103m\u00e2ne dec\u00e2t s\u0103 sper\u0103m c\u0103-i ia DRACONES pe to\u0163i, \u015fi la est \u015fi la vest, ca s\u0103 putem \u015fi noi EXPLODA !<\/p>\n","protected":false},"excerpt":{"rendered":"<p>Mi-a pl\u0103cut postarea celor \u201e\u00een linie dreapt\u0103\u201d : http:\/\/inliniedreapta.net\/insemnare\/monarhia-salveaza-si-decoreaza-grupul-infractional-organizat-oprescu-decorat-ciorbea-e-pe-lista-de-asteptare\/ Iat\u0103 spicuiri din comentariile de la grupul fb \u201eMi\u015fcarea Virtual\u0103 Dacia\u201d https:\/\/www.facebook.com\/groups\/141387601036\/: Gheorghe Giovanni \u0162eav\u0103 &#8230; da domnilor \u00een linie dreapt\u0103 !&#8230; \u00eencepem s\u0103 ne \u00een\u0163elegem, de\u015fi sunt anti-capitalist ! Sper s\u0103 nu v\u0103 sup\u0103ra\u0163i !?&#8230; o s\u0103 a\u015ftept s\u0103 v\u0103 convinge\u0163i \u015fi voi c\u0103 \u201eorice [&hellip;]<\/p>\n","protected":false},"author":2,"featured_media":0,"comment_status":"open","ping_status":"open","sticky":false,"template":"","format":"standard","meta":{"footnotes":""},"categories":[73],"tags":[1171,1151,210,1172],"jetpack_featured_media_url":"","_links":{"self":[{"href":"https:\/\/bassdu.mine.bz\/index.php?rest_route=\/wp\/v2\/posts\/2963"}],"collection":[{"href":"https:\/\/bassdu.mine.bz\/index.php?rest_route=\/wp\/v2\/posts"}],"about":[{"href":"https:\/\/bassdu.mine.bz\/index.php?rest_route=\/wp\/v2\/types\/post"}],"author":[{"embeddable":true,"href":"https:\/\/bassdu.mine.bz\/index.php?rest_route=\/wp\/v2\/users\/2"}],"replies":[{"embeddable":true,"href":"https:\/\/bassdu.mine.bz\/index.php?rest_route=%2Fwp%2Fv2%2Fcomments&post=2963"}],"version-history":[{"count":2,"href":"https:\/\/bassdu.mine.bz\/index.php?rest_route=\/wp\/v2\/posts\/2963\/revisions"}],"predecessor-version":[{"id":2965,"href":"https:\/\/bassdu.mine.bz\/index.php?rest_route=\/wp\/v2\/posts\/2963\/revisions\/2965"}],"wp:attachment":[{"href":"https:\/\/bassdu.mine.bz\/index.php?rest_route=%2Fwp%2Fv2%2Fmedia&parent=2963"}],"wp:term":[{"taxonomy":"category","embeddable":true,"href":"https:\/\/bassdu.mine.bz\/index.php?rest_route=%2Fwp%2Fv2%2Fcategories&post=2963"},{"taxonomy":"post_tag","embeddable":true,"href":"https:\/\/bassdu.mine.bz\/index.php?rest_route=%2Fwp%2Fv2%2Ftags&post=2963"}],"curies":[{"name":"wp","href":"https:\/\/api.w.org\/{rel}","templated":true}]}}