{"id":2967,"date":"2013-05-17T17:01:02","date_gmt":"2013-05-17T16:01:02","guid":{"rendered":"http:\/\/bassdu.mine.nu\/?p=2967"},"modified":"2013-05-17T20:18:11","modified_gmt":"2013-05-17T19:18:11","slug":"al-xiv-lea-congres-de-dacologie-buzau","status":"publish","type":"post","link":"https:\/\/bassdu.mine.bz\/?p=2967","title":{"rendered":"AL XIV-lea CONGRES DE DACOLOGIE &#8211; BUZ\u0102U"},"content":{"rendered":"<p>Iat\u0103 mai jos, con\u0163inutul unui schimb de mesaje cu d-l <strong>Napoleon S\u0103vescu<\/strong>, apropos de participarea noastr\u0103 la CONGRESUL DE DACOLOGIE, programat la Buz\u0103u \u015fi Chi\u015fin\u0103u, \u00een aceea\u015fi perioad\u0103 cu \u00cent\u00e2lnirea aderen\u0163ilor Mi\u015fc\u0103rii Dacia. Vor urma detalii asupra modului \u00een care ne vom implica, bine\u00een\u0163eles de comun acord cu organizatorii Congresului !<\/p>\n<p><strong>Gheorghe Giovanni \u0162eav\u0103 :<\/strong><\/p>\n<p><span style=\"color: #000080;\">Stimate domnule S\u0103vescu,<\/span><\/p>\n<p><span style=\"color: #000080;\"> M\u0103 numesc \u0162eav\u0103 Gheorghe \u015fi scriu \u00een numele Mi\u015fc\u0103rii Dacia, al c\u0103rei administrator-fondator sunt.<\/span><\/p>\n<p><span style=\"color: #000080;\"> Cu bucurie \u015fi interes, am aflat c\u0103 anul acesta, Congresul de Dacologie se va desf\u0103\u015fura pe parcursul a mai multor zile \u015fi \u00een loca\u0163ii cu importante semnifica\u0163ii. Din fericire, Mi\u015fcarea Dacia are programat\u0103 \u00een acelea\u015fi zile \u00cent\u00e2lnirea Anual\u0103 a membrilor Sfatului, astfel c\u0103 se ive\u015fte oportunitatea unei \u201eac\u0163iuni paralele\u201d : pe de o parte ac\u0163iunea dumneavoastr\u0103 \u00een plan istoriografic, la care o s\u0103 particip\u0103m cu viu interes, iar pe de alt\u0103 parte ac\u0163iunea noastr\u0103, \u00een mod complementar, dar nu neap\u0103rat cu implicarea dumneavoastr\u0103 direct\u0103, dac\u0103 a\u015fa o s\u0103 considera\u0163i oportun, de\u015fi v-a\u0163i anun\u0163at participarea personal\u0103. Noi am fi onora\u0163i de o implicare direct\u0103 a dumneavoastr\u0103 \u00een activitatea noastr\u0103 de PROIECTARE A UNEI NOI PARADIGME SOCIO-ECONOMICE, profund ancorat\u0103 \u00een SPIRITUALITATEA DACO-ROM\u00c2NEASC\u0102, dar asta r\u0103m\u00e2ne f\u0103r\u0103 \u00eendoial\u0103, la latitudinea dumneavoastr\u0103 s-o decide\u0163i.<\/span><br \/>\n<span style=\"color: #000080;\"> Noi suntem activi de mai bine de 4 ani \u015fi suntem preg\u0103ti\u0163i s\u0103 particip\u0103m la Congres, chiar \u015fi \u00eentr-un \u201eatelier\u201d deschis interesa\u0163ilor, unde s\u0103 prezent\u0103m Proiectul nostru, care nu are \u00eenc\u0103 un \u201ecaracter politic\u201d, ci mai degrab\u0103, un caracter de \u201eproiect de arhitectur\u0103 socio-economic\u0103\u201d, cu profunde r\u0103d\u0103cini \u00een spiritualitatea daco-rom\u00e2neasc\u0103, a\u015fa cum am mai specificat \u015fi cum o demonstreaz\u0103 Principiile noastre \u015fi Obiectivele pe termen lung derivate din acestea. <\/span><br \/>\n<span style=\"color: #000080;\"> Titulatura Atelierului ar putea fi : MI\u015eCAREA DACIA \u2013 PROIECT PENTRU O NOU\u0102 PARADIGM\u0102 SOCIO-ECONOMIC\u0102, CU R\u0102D\u0102CINI \u00ceN SPIRITUALITATEA DACO-ROM\u00c2NEASC\u0102.<\/span><br \/>\n<span style=\"color: #000080;\"> Consider c\u0103 aceast\u0103 preocupare pentru Viitorul Neamului, ar completa-l\u0103rgi, \u015fi ar fi \u00een sintonie cu prestigioasa dumneavoastr\u0103 activitate legat\u0103 de R\u0103d\u0103cinile Neamului.<\/span><br \/>\n<span style=\"color: #000080;\"> Eu \u00eemi declar deplina disponibilitate pentru orice implicare a Mi\u015fc\u0103rii Dacia pe care o considera\u0163i oportun\u0103, asigur\u00e2ndu-v\u0103 de inexisten\u0163a \u00een proiectul nostru, a oric\u0103ror extremisme, sau alte \u201ec\u0103lc\u00e2ie ale lui Ahile\u201d !<\/span><br \/>\n<span style=\"color: #000080;\"> A\u015ftept \u00een acest context, decizia dumneavoastr\u0103 \u015fi eventualele sugestii.<\/span><br \/>\n<span style=\"color: #000080;\"> \u00cen cazul c\u0103 se va considera oportun, am chiar \u015fi \u201emodeste contribu\u0163ii personale \u00een plan istoric\u201d, referitoare la :<\/span><br \/>\n<span style=\"color: #000080;\"> 1. Ipotez\u0103 original\u0103 asupra materialului din care era produs pileusul dacic.<\/span><br \/>\n<span style=\"color: #000080;\"> 2. Popularizarea lucr\u0103rilor etruscologului Mel Copeland, care scrie \u00eentre altele : <\/span><br \/>\n<span style=\"color: #000080;\"> \u201e\u201e I suspect that the similarities will outline an early period of separation when Latin and Gaelic separated. (the theory being that Romanian preserves early forms peculiar to that separation. The coincidence of Etruscan to Romanian confirms the antiquity of the Romanian forms, since the Etruscan language ceased to be spoken about 300 B.C. and thus is an untouched relic from the past (ie., it has not been affected by other languages since its demise). The other part of this finding is a link with the Phrygian language. The Phrygians originally came from an area southeast of Macedonia and were related to the Thracians, according to Herodotus. I believe that the Etruscans, Thracians (Daceans, Getae) and Phrygians represent a Latin-like language group that occupied southeastern Europe ~1,200 B.C., at the time of the Trojan War. The Iliad mentions the Thracians and Phrygians as allies. \u201c.<\/span><br \/>\n<span style=\"color: #000080;\"> 3. Coiful de aur de la Co\u0163ofene\u015fti prezint\u0103 o reprezentare \u201emitraic\u0103\u201d (tauroctomia)?<\/span><br \/>\n<span style=\"color: #000080;\"> 4. OIERITUL \u2013 ocupa\u0163ia de baz\u0103 a str\u0103mo\u015filor no\u015ftri, marea revolu\u0163ie socio-economic\u0103 ce a schimbat soarta omenirii \u00een arealul euro-asiatic.<\/span><br \/>\n<span style=\"color: #000080;\"> 5. Diverse considera\u0163ii personale asupra lingvisticii \u201eoficiale\u201d, cu exemple concrete.<\/span><\/p>\n<p><span style=\"color: #000080;\"> \u00cen ultimii ani am comb\u0103tut \u00een diverse locuri \u201elatinopa\u0163ii\u201d \u015fi am o discret\u0103 experien\u0163\u0103 de \u201edialectic\u0103\u201d \u00een domeniu. A\u015ftept cu interes un semn de la dumneavoastr\u0103.<\/span><\/p>\n<p><span style=\"color: #000080;\"> Cu stim\u0103,<\/span><br \/>\n<span style=\"color: #000080;\"> ing. \u0162eav\u0103 Gheorghe<\/span><br \/>\n<span style=\"color: #000080;\">\u00a0administrator-fondator al grupurilor Facebook \u201eMi\u015fcarea Virtual\u0103 Dacia\u201d \u015fi \u201eMi\u015fcarea Dacia\u201d<\/span><\/p>\n<p><strong>Azi<\/strong><br \/>\n<strong> 16:04<\/strong><br \/>\n<strong> Napoleon Savescu<\/strong><\/p>\n<p><span style=\"color: #800000;\">Va multumesc pentru informatiile de mai sus cat si pentru dorinta de a va implica si participa la Cel de al XIV lea Congres de Dacologie<\/span><br \/>\n<span style=\"color: #800000;\"> Sunteti Bine venit si , daca doriti, ma gasiti la Tel # XXX XXX XXXX<\/span><br \/>\n<span style=\"color: #800000;\"> Cu cele mai bune ganduri<\/span><br \/>\n<span style=\"color: #800000;\"> N.S.<\/p>\n<p><span style=\"color: #000000;\"><strong>P.S. \u00a0Tocmai am avut o convorbire telefonic\u0103 cu d-l Napoleon S\u0103vescu \u015fi am r\u0103mas pl\u0103cut surprins de aprecierile d\u00e2nsului la adresa Mi\u015fc\u0103rii Dacia !? Urmeaz\u0103 s\u0103 continu\u0103m contactele, pentru a stabili \u00eempreun\u0103 cu organizatorii Congresului, detaliile particip\u0103rii noastre. Probabil c\u0103 \u00cent\u00e2lnirea noastr\u0103 din August, o s\u0103 fie \u201eintersectat\u0103\u201d cu Congresul de Dacologie. Vor urma comunic\u0103ri importante pentru cei interesa\u0163i !<br \/>\n<\/strong><\/span><br \/>\n<\/span><\/p>\n","protected":false},"excerpt":{"rendered":"<p>Iat\u0103 mai jos, con\u0163inutul unui schimb de mesaje cu d-l Napoleon S\u0103vescu, apropos de participarea noastr\u0103 la CONGRESUL DE DACOLOGIE, programat la Buz\u0103u \u015fi Chi\u015fin\u0103u, \u00een aceea\u015fi perioad\u0103 cu \u00cent\u00e2lnirea aderen\u0163ilor Mi\u015fc\u0103rii Dacia. Vor urma detalii asupra modului \u00een care ne vom implica, bine\u00een\u0163eles de comun acord cu organizatorii Congresului ! Gheorghe Giovanni \u0162eav\u0103 : [&hellip;]<\/p>\n","protected":false},"author":2,"featured_media":0,"comment_status":"open","ping_status":"open","sticky":false,"template":"","format":"standard","meta":{"footnotes":""},"categories":[3],"tags":[1173,210,1174],"jetpack_featured_media_url":"","_links":{"self":[{"href":"https:\/\/bassdu.mine.bz\/index.php?rest_route=\/wp\/v2\/posts\/2967"}],"collection":[{"href":"https:\/\/bassdu.mine.bz\/index.php?rest_route=\/wp\/v2\/posts"}],"about":[{"href":"https:\/\/bassdu.mine.bz\/index.php?rest_route=\/wp\/v2\/types\/post"}],"author":[{"embeddable":true,"href":"https:\/\/bassdu.mine.bz\/index.php?rest_route=\/wp\/v2\/users\/2"}],"replies":[{"embeddable":true,"href":"https:\/\/bassdu.mine.bz\/index.php?rest_route=%2Fwp%2Fv2%2Fcomments&post=2967"}],"version-history":[{"count":3,"href":"https:\/\/bassdu.mine.bz\/index.php?rest_route=\/wp\/v2\/posts\/2967\/revisions"}],"predecessor-version":[{"id":2969,"href":"https:\/\/bassdu.mine.bz\/index.php?rest_route=\/wp\/v2\/posts\/2967\/revisions\/2969"}],"wp:attachment":[{"href":"https:\/\/bassdu.mine.bz\/index.php?rest_route=%2Fwp%2Fv2%2Fmedia&parent=2967"}],"wp:term":[{"taxonomy":"category","embeddable":true,"href":"https:\/\/bassdu.mine.bz\/index.php?rest_route=%2Fwp%2Fv2%2Fcategories&post=2967"},{"taxonomy":"post_tag","embeddable":true,"href":"https:\/\/bassdu.mine.bz\/index.php?rest_route=%2Fwp%2Fv2%2Ftags&post=2967"}],"curies":[{"name":"wp","href":"https:\/\/api.w.org\/{rel}","templated":true}]}}