{"id":2986,"date":"2013-05-25T11:07:02","date_gmt":"2013-05-25T10:07:02","guid":{"rendered":"http:\/\/bassdu.mine.nu\/?p=2986"},"modified":"2013-05-25T18:43:48","modified_gmt":"2013-05-25T17:43:48","slug":"atentie-nu-luati-in-balon-miscarea-dacia","status":"publish","type":"post","link":"https:\/\/bassdu.mine.bz\/?p=2986","title":{"rendered":"ATEN\u0162IE ! Nu lua\u0163i \u00een balon \u201eMi\u015fcarea Dacia\u201d !"},"content":{"rendered":"<p>Nu sunt pu\u0163ini aceia care iau \u201e\u00een balon\u201d Mi\u015fcarea Dacia !?<br \/>\nTuturor acestora, le aduc la cuno\u015ftin\u0163\u0103 c\u0103 \u201eMi\u015fcarea Dacia\u201d este o MI\u015eCARE DE IDEI, ci nu de OAMENI !!!<br \/>\nTuturor acestora, le mai aduc la cuno\u015ftin\u0163\u0103 c\u0103 IDEILE noastre sunt LARG DIFUZATE \u00ceN OCCIDENT \u015fi cur\u00e2nd vor schimba \u201efa\u0163a\u201d acestuia \u015fi nu numai !&#8230; \u015fi suntem singurii \u00een spa\u0163iul mioritic, pe aceast\u0103 pozi\u0163ie \u201ede ne\u00een\u0163eles pentru ghiolb\u0103nime\u201d !<br \/>\nAcestea sunt motivele pentru care sute de oameni \u201ecare nu au priceput ESEN\u0162A\u201dau fost EXCLU\u015eI din MD !&#8230; la noi BOLNAVII DE PROTAGONISM nu au ce c\u0103uta, deoarece singurul criteriu de admitere este COMPETEN\u0162A , coroborat\u0103 cu LIPSA ORIC\u0102REI SPERAN\u0162E PENTRU UN OS DE ROS \u015fi deci, cu un profund PATRIOTISM !!!<br \/>\nEste evident c\u0103 cine vrea PROTAGONISM, nu-l va ob\u0163ine, deoarece IDEILE noastre sunt FIXE, iar \u201eavantajele materiale\u201d nu exist\u0103 pentru liderii mi\u015fc\u0103rii (vede\u0163i Principiile MD unde exist\u0103 GRILA DE SALARIZARE, BANII ELECTRONICI, AUTONOMIA LOCAL\u0102, \u015fi tot ce mai g\u0103si\u0163i pe acolo) !!!<br \/>\nEu \u00eensumi \u201em\u0103 voi retrage \u00een Grota mea\u201d peste pu\u0163in timp, pentru a demonstra c\u0103 nu sunt animat de astfel de TARE SOCIALE !<br \/>\nCine crede c\u0103 ne intereseaz\u0103 ASPECTUL NUMERIC, gre\u015fe\u015fte, deoarece noi suntem convin\u015fi c\u0103 O M\u00c2N\u0102 DE OAMENI pot face mai mult dec\u00e2t un popor \u00eentreg !&#8230; de aici \u015fi atitudinea noastr\u0103 f\u0103r\u0103 echivoc \u00een ceea ce prive\u015fte DEMOCRA\u0162IA, a\u015fa cum e perceput\u0103 azi !<br \/>\nCine crede c\u0103 poate DETURNA ideile noastre, este mic copil !<br \/>\nCine crede c\u0103 avem COLOC\u0102RI IDENTICE (CONFLICTE DE INTERESE), se \u00een\u015feal\u0103 : nu avem nimic \u00een comun cu nimeni printre \u201emioritici\u201d !!!<br \/>\nLa grupul \u201eMi\u015fcarea Virtual\u0103 Dacia\u201d sunt peste 2663 de aderen\u0163i (cu toate elimin\u0103rile care se succed !) \u015fi mai exist\u0103 \u015fi un \u201egrup fb selec\u0163ionat\u201d numit chiar\u00a0 \u201eMi\u015fcarea Dacia\u201d,unde CINE VREA S\u0102 SE IMPLICE \u015fi CREDE \u00een Principiile \u015fi Obiectivele noastre, POATE CERE ADERAREA&#8230; ca s\u0103 nu mai spun, c\u0103 exist\u0103 \u015fi \u201eoameni \u00een umbr\u0103\u201d, care vor \u201eie\u015fi la lumin\u0103\u201d la momentul potrivit ! &#8230; c\u0103 doar nu crede\u0163i c\u0103 suntem \u201eveni\u0163i cu pluta\u201d \u015fi nu ne cunoa\u015ftem &#8230; ADVERSARUL !?<br \/>\nC\u00e2nd vom ajunge s\u0103 avem 100 \u201eunde trebuie \u015fi cum trebuie\u201d, v\u0103 vom ar\u0103ta noi ce-i aia REVOLU\u0162IE !<\/p>\n","protected":false},"excerpt":{"rendered":"<p>Nu sunt pu\u0163ini aceia care iau \u201e\u00een balon\u201d Mi\u015fcarea Dacia !? Tuturor acestora, le aduc la cuno\u015ftin\u0163\u0103 c\u0103 \u201eMi\u015fcarea Dacia\u201d este o MI\u015eCARE DE IDEI, ci nu de OAMENI !!! Tuturor acestora, le mai aduc la cuno\u015ftin\u0163\u0103 c\u0103 IDEILE noastre sunt LARG DIFUZATE \u00ceN OCCIDENT \u015fi cur\u00e2nd vor schimba \u201efa\u0163a\u201d acestuia \u015fi nu numai !&#8230; [&hellip;]<\/p>\n","protected":false},"author":2,"featured_media":0,"comment_status":"open","ping_status":"open","sticky":false,"template":"","format":"standard","meta":{"footnotes":""},"categories":[73],"tags":[209,210,390,295],"jetpack_featured_media_url":"","_links":{"self":[{"href":"https:\/\/bassdu.mine.bz\/index.php?rest_route=\/wp\/v2\/posts\/2986"}],"collection":[{"href":"https:\/\/bassdu.mine.bz\/index.php?rest_route=\/wp\/v2\/posts"}],"about":[{"href":"https:\/\/bassdu.mine.bz\/index.php?rest_route=\/wp\/v2\/types\/post"}],"author":[{"embeddable":true,"href":"https:\/\/bassdu.mine.bz\/index.php?rest_route=\/wp\/v2\/users\/2"}],"replies":[{"embeddable":true,"href":"https:\/\/bassdu.mine.bz\/index.php?rest_route=%2Fwp%2Fv2%2Fcomments&post=2986"}],"version-history":[{"count":4,"href":"https:\/\/bassdu.mine.bz\/index.php?rest_route=\/wp\/v2\/posts\/2986\/revisions"}],"predecessor-version":[{"id":2989,"href":"https:\/\/bassdu.mine.bz\/index.php?rest_route=\/wp\/v2\/posts\/2986\/revisions\/2989"}],"wp:attachment":[{"href":"https:\/\/bassdu.mine.bz\/index.php?rest_route=%2Fwp%2Fv2%2Fmedia&parent=2986"}],"wp:term":[{"taxonomy":"category","embeddable":true,"href":"https:\/\/bassdu.mine.bz\/index.php?rest_route=%2Fwp%2Fv2%2Fcategories&post=2986"},{"taxonomy":"post_tag","embeddable":true,"href":"https:\/\/bassdu.mine.bz\/index.php?rest_route=%2Fwp%2Fv2%2Ftags&post=2986"}],"curies":[{"name":"wp","href":"https:\/\/api.w.org\/{rel}","templated":true}]}}