{"id":2990,"date":"2013-05-25T23:05:30","date_gmt":"2013-05-25T22:05:30","guid":{"rendered":"http:\/\/bassdu.mine.nu\/?p=2990"},"modified":"2013-06-18T21:50:46","modified_gmt":"2013-06-18T20:50:46","slug":"ce-voia-sa-zica-eminescu-prin-dacizarea-romaniei","status":"publish","type":"post","link":"https:\/\/bassdu.mine.bz\/?p=2990","title":{"rendered":"Ce voia s\u0103 zic\u0103 Eminescu prin &#8230; \u201eDACIZAREA ROM\u00c2NIEI\u201d ?"},"content":{"rendered":"<p><span style=\"color: #000000;\"><strong>EMINESCU este frecvent citat \u00een ultimul timp de \u201ede\u015fteptare a spiritului dacic\u201d, c\u0103 ar fi cerut DACIZAREA ROM\u00c2NIEI !&#8230;dar nimeni nu s-a g\u00e2ndit CE VOIA S\u0102 SPUN\u0102 !?<\/strong><\/span><\/p>\n<p><span style=\"color: #000000;\"><strong><span style=\"color: #800000;\">\u201eTotul trebuie smuls din m\u00e2na acestor oameni cu-o \u00eenn\u0103scut\u0103 incapacitate de-a pricepe adev\u0103rul \u015fi lipsi\u0163i de posibilitatea patriotismului: totul trebuie dacizat oarecum de acum-nainte.\u201d<\/span>\u00a0([Distinguendum est], \u201eTimpul\u201d, 29 iulie l88l).<\/p>\n<p><\/strong><\/span>Cine va citi Principiile \u015fi Obiectivele Mi\u015fc\u0103rii Dacia, va pricepe c\u0103 ne aliniem aproape \u00een totalitate, OPEREI SOCIO-ECONOMICE a jurnalistului Eminescu !<br \/>\n<span style=\"color: #800000;\">\u201e<strong>Mi\u015fcarea Dacia<\/strong>\u201d este SINGURA mi\u015fcare ce \u015fi-a propus \u00eenc\u0103 de la \u00ceNCEPUTURI aceast\u0103 &#8230; DACIZARE<\/span> !<br \/>\nExist\u0103 diverse ambienturi unde este CULTIVAT DACISMUL, dar noi ne deosebim \u00een mod fundamental, ie\u015find din \u201esfera contempl\u0103rii\u201d, sau a \u201estudiului istoric\u201d , ca s\u0103 nu mai pomenesc de \u201esfera comercial\u0103\u201d, concentr\u00e2ndu-ne pe un <strong>PROIECT DE ARHITECTUR\u0102 SOCIO-ECONOMIC\u0102<\/strong>, elaborat \u201ef\u0103r\u0103 vreun sprijin exterior\u201d,\u00a0 care s\u0103 aib\u0103 la baz\u0103 CEEA CE SE CUNOA\u015eTE DESPRE STR\u0102MO\u015eII NO\u015eTRI :<\/p>\n<p><span style=\"color: #000080;\"><strong>1.<\/strong><\/span> <span style=\"color: #000080;\"><strong>Se spune c\u0103 \u201edacii nu aveau sclavi\u201d, deci erau OAMENI LIBERI.<\/strong><\/span><\/p>\n<p>Mi\u015fcarea Dacia dezv\u0103luie Mitul Cavernei (Platon) \u015fi Sindromul Stockholm, care b\u00e2ntuie \u00een Spa\u0163iul Mioritic \u015fi nu numai, pun\u00e2nd astfel BAZELE TREZIRII !&#8230; nu suntem singurii care o fac, dar&#8230; citi\u0163i \u015fi ce urmeaz\u0103 !<br \/>\nFaptul de \u201ea nu avea sclavi\u201d, \u00eenseamn\u0103 c\u0103 domnea \u00een acele vremuri un SPIRIT ETIC \u015eI MORAL, superior a ceea ce avem azi \u201esub ochi \u015fi mai ales pe piele\u201d !<br \/>\nAstfel, Mi\u015fcarea Dacia a introdus \u00een Principii :<br \/>\n&#8211; GRILA DE SALARIZARE<br \/>\n&#8211; MUNC\u0102 PENTRU TO\u0162I.<br \/>\n&#8211; NU CATEGORIC GLOBALIZ\u0102RII, ca form\u0103 de NEOCOLONIALISM.<br \/>\n&#8211; S\u0102N\u0102TATE \u015eI EDUCA\u0162IE GRATIS, CU PARITATE DE OPORTUNIT\u0102\u0162I.<\/p>\n<p><span style=\"color: #000080;\"><strong>2. TRIBURILE DACICE erau independente \u015fi se uneau c\u00e2nd le era periclitat\u0103 IDENTITATEA NA\u0162IONAL\u0102.<\/strong><\/span><\/p>\n<p>Este ceea ce a f\u0103cut \u015fi Burebista c\u00e2nd a ap\u0103rut Imperiul Roman, care \u00eencepuse deja s\u0103 \u201emacine\u201d triburile traco-geto-dace \u015fi ale alia\u0163ilor cel\u0163i.<br \/>\nEl a creeat o \u201efor\u0163\u0103 de reac\u0163iune\u201d, prin unificarea cu binele, dar \u015fi cu for\u0163a, a tuturor triburilor din areal \u015fi a comb\u0103tut IMORALITATEA \u015fi VICIUL\u00a0 \u00a0\u201et\u0103ind chiar \u015fi viile\u201d (precum noi vrem s\u0103 t\u0103iem CORUP\u0162IA) . Urmarea a fost o FORMA\u0162IUNE PRE-STATAL\u0102, care a fr\u00e2nat avansarea \u201ecivilizatorilor\u201d (a se citi jefuitorilor) pentru mul\u0163i ani. Azi, \u201edu\u015fmanul\u201d este GLOBALIZAREA DEZNA\u0162IONALIZANT\u0102, care trebuie comb\u0103tut\u0103, fiind numai o NOU\u0102 FORM\u0102 DE COLONIALISM.<br \/>\nTot apropos de modalit\u0103\u0163ile \u00een care Burebista a realizat UNITATEA TRIBURILOR din arealul carpato-dun\u0103reano-pontic, Mi\u015fcarea Dacia acord\u0103 maxim\u0103 aten\u0163ie REUNIRII CELOR DOU\u0102 STATE ROM\u00c2NE\u015eTI, dar nu CU FOR\u0162A, sau prin m\u00e2na ACTUALELOR PARTIDE, ci PROMOV\u00c2ND ROM\u00c2NISMUL \u00ceN BASARABIA \u015fi proiect\u00e2nd Rom\u00e2niei o SOCIETATE SUPERIOAR\u0102 celei actuale, \u00een m\u0103sur\u0103 s\u0103 stimuleze REDESCOPERIREA IDENTIT\u0102\u0162II NA\u0162IONALE de c\u0103tre BASARABENI !&#8230; ei trebuie \u201es\u0103 vin\u0103 la Rom\u00e2nia\u201d \u00ceN MAS\u0102, convin\u015fi de reg\u0103sirea\u00a0 LOCULUI LOR NATURAL\u00a0 !<br \/>\n\u201eMi\u015fcarea Dacia\u201d militeaz\u0103 pentru LARGI AUTONOMII LOCALE, ca o form\u0103 de TRIBALISM MODERN, \u00a0pentru instaurarea AUTARHIEI, adic\u0103 a AUTO-SUFICIEN\u0162EI pe plan local, condi\u0163ie obiectiv\u0103 a asigur\u0103rii AUTARHIEI la nivel NA\u0162IONAL. Deci, ASIGURAREA EXCLUSIV DIN INTERIOR a tot ce este STRICT NECESAR, este un principiu de baz\u0103 la MD !<br \/>\nPentru asigurarea acestor NECESIT\u0102\u0162I, se impune un STAT PUTERNIC cu o singur\u0103 PUTERE &#8230; cea a SFATULUI \u0162\u0102RII, unde s\u0103 fie prezen\u0163i REPREZENTAN\u0162I COMPETEN\u0162I ai tuturor domeniilor INTERESULUI NA\u0162IONAL : administrativ, executiv, legislativ, militar, social, industrial, agricol, medical, educativ, cultural, \u015ftiin\u0163ific, etc. care s\u0103 CONDUC\u0102 COLECTIV \u00een spiritul RESPONSABILIT\u0102\u0162II COLECTIVE. \u015eeful Statului ar urma s\u0103 aib\u0103 ROL REPREZENTATIV, neav\u00e2nd niciun alt drept \u00een plus fa\u0163\u0103 de ceilal\u0163i SFETNICI !!!<br \/>\nO condi\u0163ie important\u0103 pentru realizarea unui STAT PUTERNIC \u00een viziunea noastr\u0103, este APARTIDISMUL \u015fi asta deoarece CONFLICTUALITATEA PARTIDIC\u0102 este doar APARENT\u0102 (partidele lucr\u00e2nd de fapt \u00eempreun\u0103 \u00eempotriva INTERESELOR NA\u0162IONALE) \u015fi \u00een acela\u015fi timp contrar\u0103 SPIRITULUI UNITAR, care va trebui s\u0103 se bazeze pe DIALECTIC\u0102, ci nu pe STRATEGIA TENSIUNII !!!<br \/>\nUn segment important al STATULUI PUTERNIC, va fi JURIDICUL. Pe aceast\u0103 direc\u0163ie, se va face o REFORM\u0102 A CODURILOR, simplific\u00e2ndu-le \u015fi dezambiguiz\u00e2ndu-le, \u00een spiritul LEGILOR FRUMOASE-LEGILE BELAGINE, cunoscute \u015fi ca LEGILE LUI ZAMOLXE.<br \/>\nSe va trece la denumiri specific rum\u00e2ne\u015fti pentru parlament\/parlamentari, ministere, func\u0163ii administrative, forme de organizare teritorial\u0103, etc., ca form\u0103 de \u201econservare a spiritului na\u0163ional\u201d.<br \/>\nUn STAT PUTERNIC nu poate fi conceput dec\u00e2t prin REGULI INECHIVOCE, aprobate prin REFERENDUM NA\u0162IONAL \u015fi APLICATE strict.<br \/>\n\u00cen acest sens, noi am introdus conceptul de DICTATUR\u0102 A BUNULUI SIM\u0162, \u00een puternic contrast cu DICTATURA NESIM\u0162IRII de azi !<br \/>\nSunt unii care se sperie de primul cuv\u00e2nt, f\u0103r\u0103 a citi \u015fi \u201efinalul\u201d \u015fi f\u0103r\u0103 a pricepe c\u0103 aceste REGULI vor fi acceptate printr-un REFERENDUM POPULAR !? Aceste REGULI vor fi concepute pentru fiecare domeniu \u00een parte, de grupuri de COMPETEN\u0162I din domeniile respective.<br \/>\nTot de un STAT PUTERNIC avem nevoie \u015fi pentru RELA\u0162IILE CU VECINII, \u0163in\u00e2nd cont c\u0103 suntem POPORUL CEL MAI NUMEROS \u00ceN AREALUL CARPATO-BALCANIC. \u00cen aceast\u0103 direc\u0163ie, Mi\u015fcarea Dacia a proiectat o NOU\u0102 POLITIC\u0102 REGIONAL\u0102, de prietenie cu to\u0163i vecinii. Pentru a se ajunge la RELA\u0162II PRIETENE\u015eTI cu ace\u015ftia, o important\u0103 m\u0103sur\u0103 pe care o avem \u00een vedere, este CONVOCAREA UNEI MESE DE TRATATIVE \u00een problema MINORIT\u0102\u0162ILOR, cu scopul UNIFORMIZ\u0102RII TRATAMENTULUI ACESTORA. Se vor stabili REGULI GENERAL VALABILE PENTRU TOATE MINORIT\u0102\u0162ILE din statele respective (Rom\u00e2nia, Bulgaria, Grecia, ex-Yugoslavia, Ungaria, Polonia, Cehia, Slovacia, Ucraina, Albania, Austria).<\/p>\n<p><span style=\"color: #000080;\"><strong>3. Societatea dacic\u0103 era alc\u0103tuit\u0103 din TARABOSTES \u015fi COMA\u0162I, fiecare cu rolul lor specific.<\/strong><\/span><\/p>\n<p>Mi\u015fcarea Dacia nu d\u0103 doi bani pe actualul concept de DEMOCRA\u0162IE, deoarece este \u201egolit de con\u0163inut\u201d !<br \/>\nNoi milit\u0103m pentru o DEMOCRA\u0162IE PARTICIPATIV\u0102 , axat\u0103 pe REPREZENTATIVITATE TERITORIAL\u0102 \u015eI COMPETENT\u0102.<br \/>\nCa \u015fi \u00eentr-o OASTE, \u00een societate exist\u0103\u00a0\u201egenerali\u201d \u015fi \u201eo\u015fteni\u201d, care nu pot avea succes IZOLA\u0162I, dar nici F\u0102R\u0102 RESPECTAREA IERARHIEI !&#8230; deci s\u0103 DECID\u0102 fiecare pentru CE \u015eTIE !&#8230; pentru ce este COMPETENT ! A se aplica zic\u0103toarea : S\u0102-\u015eI VAD\u0102 FIECARE LUNGUL NASULUI ! Nu putem s\u0103 cerem babei Veta p\u0103reri apropos de nuclear (de exemplu) !?<br \/>\n&#8230; cine v\u0103 spune a\u015fa ceva &#8230; V\u0102 MINTE !&#8230; \u015fi o face cu un INTERES precis !&#8230; cel PROPRIU, sau \u015fi mai grav al STR\u0102INILOR !<br \/>\nNoi spunem ADEV\u0102RUL, chiar dac\u0103 multora nu le place (conform ACTUALEI PARADIGME SOCIO-ECONOMICE? !<\/p>\n<p><span style=\"color: #000080;\"><strong>4. Traco-carpo-geto-dacii tr\u0103iau \u00ceN ARMONIE CU NATURA.<\/strong><\/span><\/p>\n<p>Str\u0103mo\u015fii no\u015ftri erau mai con\u015ftien\u0163i dec\u00e2t noi azi, de faptul c\u0103 NU SUNTEM ST\u0102P\u00c2NI asupra a nimic \u015fi mai ales, asupra NATURII !&#8230; astfel, ei tr\u0103iau \u00ceN ARMONIE CU NATURA, mul\u0163umindu-se cu ceea ce le oferea \u015fi respect\u00e2nd-o pentru acest \u201edetaliu\u201d !&#8230; toate tradi\u0163iile lor, inclusiv religioase, erau legate de CICLURILE NATURALE !<br \/>\n\u00cen zadar vor face s\u0103p\u0103turi arheologii pentru a descoperi CET\u0102\u0162I \u00een Dacia, deoarece odat\u0103 cu D\u0102R\u00c2MAREA lor de COTROPITORUL ROMAN, popula\u0163ia s-a retras \u201e\u00een mun\u0163i \u015fi p\u0103duri\u201d, tr\u0103ind simplu, \u00een construc\u0163ii azi desemnate ca ECOLOGICE, din lemn \u015fi p\u0103m\u00e2nt, adic\u0103 din materiale NATURALE, RECICLABILE de Mama Natura. Comunit\u0103\u0163ile odat\u0103 expuse MIGRA\u0162IILOR, prin D\u0102R\u00c2MAREA CET\u0102\u0162ILOR de c\u0103tre cei pe care unii \u00eei cinstesc azi (!?), \u015fi-au simplificat existen\u0163a \u015fi HABITATUL, fiind gata la nevoie s\u0103-\u015fi ia avutul \u00een spinare, s\u0103 otr\u0103veasc\u0103 f\u00e2nt\u00e2nile \u015fi s\u0103 se retrag\u0103 \u00een desi\u015ful p\u0103durilor \u015fi pe piscurile mun\u0163ilor, \u00eenso\u0163i\u0163i numai de animalele domestice.<br \/>\nMi\u015fcarea Dacia propune \u00een acest context, un alt CONCEPT DE HABITAT, care s\u0103 se inspire de la str\u0103mo\u015fii no\u015ftri. Astfel concepem CONSTRUC\u0162II ECO-COMPATIBILE \u015fi mai ales AUTARHIA (independen\u0163a de exterior), \u00eencep\u00e2nd de la propria locuin\u0163\u0103, continu\u00e2nd cu AUTARHIA LOCAL\u0102 \u015fi termin\u00e2nd cu AUTARHIA NA\u0162IONAL\u0102. O prioritate pe aceast\u0103 direc\u0163ie, este ASIGURAREA NECESIT\u0102\u0162ILOR ENERGETICE DIN SURSE ALTERNATIVE COMBUSTIBILILOR FOSILI , RECICLAREA, REFOLOSIREA, RECUPERAREA \u00a0materialelor, folosirea intensiv\u0103 a APEI DE PLOAIE \u00een gospod\u0103rii, producerea de BUNURI DURABILE (nu ca azi !), etc.<br \/>\n\u00cen ziua de azi, OMUL \u00a0a rupt echilibrul cu NATURA, batjocorind-o chiar, prin majoritatea ac\u0163iunilor sale !?<br \/>\n\u201eMi\u015fcarea Dacia\u201d \u00a0\u00ee\u015fi propune RESTABILIREA ECHILIBRULUI BINOMULUI OM-NATUR\u0102, prin implementarea PRINCIPIILOR DEZVOLT\u0102RII SUSTENABILE. Studii ale unor prestigio\u015fi sociologi \u015fi economi\u015fti cita\u0163i \u00een materialele mi\u015fc\u0103rii noastre, arat\u0103 c\u0103 75 % din activit\u0103\u0163ile omene\u015fti sunt &#8230; FUTILE, adic\u0103 nu \u201er\u0103spund unor necesit\u0103\u0163i vitale ale omenirii\u201d, ci sunt doar consumatoare de resurse \u00a0\u015fi energie, ba chiar produc\u0103toare de DEZECHILIBRE SOCIALE \u015fi POLUAREA MEDIULUI !? Tot aceste studii, demonstreaz\u0103 cum activitatea productiv\u0103, deci MUNCA, va trebui redimensionat\u0103, redistribuit\u0103 \u015fi scurtat\u0103, corespunz\u0103tor procentului indicat !&#8230; a\u015fa se completeaz\u0103 conceptul nostru de MUNC\u0102 MAI PU\u0162IN\u0102 \u015eI PENTRU TO\u0162I !<br \/>\n\u201eARMONIA CU NATURA\u201d \u00eenseamn\u0103 \u015fi RESPINGEREA CATEGORIC\u0102 A CULTURILOR AGRICOLE DE OGM \u015fi reducerea la strictul necesar a produc\u0163iei INDUSTRIEI CHIMICE \u015fi FARMACEUTICE, cu impulsionarea viguroas\u0103 a \u201esolu\u0163iilor naturale-alternative\u201d \u00een toate domeniile.<br \/>\nTot la acest capitol se \u00eencadreaz\u0103 NOUL CONCEPT DE PROPRIETATE !&#8230; p\u0103i, dac\u0103 \u201enu suntem st\u0103p\u00e2ni pe nimic \u015fi l\u0103s\u0103m totul aici\u201d, Proprietatea trebuie redefinit\u0103 \u00een a\u015fa fel, ca niciun neghiob s\u0103 nu mai poat\u0103 t\u0103ia p\u0103durile, sau s\u0103 \u00eenfometeze Na\u0163ia necultiv\u00e2ndu-\u015fi terenul , pentru c\u0103 a\u015fa vrea p\u0103l\u0103ria sa de PROPRIETAR !!!&#8230; Proprietatea trebuie subordonat\u0103 INTERESULUI NA\u0162IONAL, deci se pune problema unei COORDON\u0102RI CENTRALIZATE \u00a0A ACTIVIT\u0102\u0162ILOR PRODUCTIVE ( sprijinind astfel \u015fi conceptul de STAT PUTERNIC).<br \/>\nDe aici, ajungem la PROPRIETATEA INTELECTUAL\u0102, concept \u201ede pia\u0163\u0103\u201d, comb\u0103tut de noi prin SPIRITUL OPEN\/FREE-SOURCE.<br \/>\nPROPRIETATEA INTELECTUAL\u0102 are ca provenien\u0163\u0103 INVESTI\u0162IA \u00a0\u00eentregii societ\u0103\u0163i, care nu poate fi pus\u0103 S\u0102 PL\u0102TEASC\u0102 DE DOU\u0102 ORI !!!<\/p>\n<p><span style=\"color: #000080;\"><strong>5. Activit\u0103\u0163ile comerciale ale vechilor traco-carpo-geto-daci se bazau pe &#8230; TROC<\/strong><\/span>.<\/p>\n<p>Exist\u0103 ast\u0103zi teorii ale unor personalit\u0103\u0163i COMPETENTE \u00een Economie, care prev\u0103d reimplementarea TROCULUI \u00een schimburile comerciale interna\u0163ionale, pentru a curma INTERMEDIEREA MONEDELOR ETALON, care aduc foloase numai \u201eemi\u0163\u0103torilor\/tip\u0103ritorilor\u201d, \u00een dauna celor ce le folosesc. \u00a0Bine\u00een\u0163eles c\u0103 aceast\u0103 m\u0103sur\u0103 este condi\u0163ionat\u0103 de RENUN\u0162AREA LA GLOBALIZARE, \u015eTERGEREA DATORIILOR SUVERANE \u015fi ulterior, \u201erestr\u00e2ngerea INTERESELOR ECONOMICE strict \u00ceN INTERIORUL STATELOR\u201d.<br \/>\nBursa de Valori va fi \u00eenlocuit\u0103 de o Burs\u0103 de Produse, Na\u0163ional\u0103 \u015fi Interna\u0163ional\u0103, unde fiecare stat \u00ee\u015fi va pune la dispozi\u0163ia Pie\u0163ei EXCEDENTELE, dup\u0103 ce a satisf\u0103cut CEREREA INTERN\u0102.<br \/>\nSchimburile comerciale se vor face MARF\u0102 CONTRA MARF\u0102, f\u0103r\u0103 nicio intermediere monetar\u0103.<br \/>\nBanii vor avea doar CIRCULA\u0162IA NA\u0162IONAL\u0102 \u015fi se vor alinia criteriului de UTILITATE SOCIAL\u0102.<br \/>\nCOMER\u0162UL INTERN va fi \u00a0PREPONDERENT ELECTRONIC, pentru a r\u0103spunde CERIN\u0162ELOR AMBIENTALE \u015fi se vor generaliza\u00a0BANII ELECTRONICI.<br \/>\nVa exista o unic\u0103 BANC\u0102 NA\u0162IONAL\u0102, iar IMPOZITAREA se va face dup\u0103 LEGEA VALAH\u0102 : 10 % din produc\u0163ie (al zecelea miel \u015fi kil de lapte\/br\u00e2nz\u0103 pentru \u201ep\u0103\u015fune\u201d). \u00cen ziua de azi \u201ep\u0103\u015funea\u201d este Statul, care trebuie s\u0103 asigure astfel : ap\u0103rarea, educa\u0163ia, s\u0103n\u0103tatea, infrastructurile, cercetarea \u015ftiin\u0163ific\u0103, cultura, investi\u0163iile, etc.<\/p>\n<p><span style=\"color: #000080;\"><strong>6. Tracii erau PA\u015eNICI<\/strong><\/span><\/p>\n<p>Se spunea despre TRACI c\u0103 dac\u0103 s-ar uni, nimeni nu le-ar sta \u00een cale !&#8230; \u015fi cu toate astea , nu o f\u0103ceau !?<br \/>\nAstra se datoreaz\u0103 PACIFISMULUI , ci nu DEL\u0102S\u0102RII, cum insinueaz\u0103 unii \u201eprieteni\u201d, sau autolezioni\u015fti autohtoni !<br \/>\nEu obi\u015fnuiesc s\u0103 spun : \u201eam fost \u015fi suntem, pro\u015fti de buni\u201d !<br \/>\nNoi \u00eei primim pe cei cu g\u00e2nduri bune cu P\u00c2INE \u015eI SARE, \u00een vreme ce al\u0163ii pl\u0103teau salariile mercenarilor cu aceste produse !<br \/>\nImportant, e c\u0103 A FI BUNI este o caracteristic\u0103 comportamental\u0103 SUPERIOAR\u0102 !&#8230; Mi\u015fcarea Dacia se aliniaz\u0103 acestei tr\u0103s\u0103turi \u015fi concepe o NOU\u0102 PARADIGM\u0102 SOCIO-ECONOMIC\u0102 , \u00eentr-un SPIRIT DE UNITATE NA\u0162IONAL\u0102, f\u0103r\u0103 a prejudicia INTERESELE ALTOR NA\u0162IUNI SAU ETNII, etc.<br \/>\nDac\u0103 CRITIC\u0102M, o facem pentru a TREZI CON\u015eTIIN\u0162E, ci nu conform STRATEGIEI TENSIUNII !<br \/>\nNoi nu vom chema pe nimeni \u00een pia\u0163\u0103, nu vom cultiva sub nicio form\u0103 VIOLEN\u0162A \u015fi nu vom DEMOLA SISTEMUL, deoarece &#8230; se va demola singur !&#8230; noi proiect\u0103m doar &#8230; CE VA FI DUP\u0102 !<br \/>\nDesigur c\u0103 implementarea unei NOI PARADIGME SOCIO-ECONOMICE conforme PROIECTULUI nostru, va necesita ZECI DE ANI \u015fi mai ales, CONJUNCTURI FAVORABILE !&#8230; dac\u0103 nu am crede, nu am mai fi pe aici !<br \/>\nCelor care ar putea crede c\u0103 suntem o \u201emi\u015fcare elitist\u0103\u201d, le aduc la cuno\u015ftin\u0163\u0103 c\u0103 exist\u0103m \u00een Mediul Virtual, c\u0103 suntem \u201edeschi\u015fi\u201d tuturor f\u0103r\u0103 niciun fel de restric\u0163ii \u00een afar\u0103 de acceptarea Principiilor noastre \u015fi c\u0103 avem tot caracterul unei MI\u015eC\u0102RI DE JOS \u00ceN SUS !&#8230; este adev\u0103rat c\u0103 suntem \u00een c\u0103utarea unei NOI ELITE, dar aceasta va ac\u0163iona dup\u0103 REGULI DE TRANSPAREN\u0162\u0102 \u015eI MORALITATE impuse de la bun \u00eenceput pe baza Principiilor, \u00een a\u015fa fel, ca s\u0103 nu se ajung\u0103 din nou la AD\u00c2NCIREA INECHIT\u0102\u0162II SOCIALE, sau \u015fi mai grav, la AUTORITARISM.<br \/>\nCelor sceptici, care ne acuz\u0103 de UTOPISM, le spunem c\u0103 PROIECTUL nostru se bazeaz\u0103 , nu pe ce a g\u00e2ndit subsemnatul, ci al\u0163ii mult mai DE\u015eTEP\u0162I (deci aten\u0163ie , c\u0103 nu v\u0103 contra\u0163i cu mine, ci cu unii sigur mai de\u015ftep\u0163i \u015fi ca voi !) dintre care numesc c\u00e2\u0163iva : Platon, Lazlo, Russell, Grof, Rath, Fresco, Grillo, Casaleggio, Strada, Adams, P.Joseph, Chomsky, Eliade, Cioran, etc. ca s\u0103 nu-l mai amintesc pe&#8230; EMINESCU !<br \/>\nAm prezentat \u00een sprijinul PROIECTULUI nostru diverse MATERIALE VIDEO din care amintesc : seria Zeitgeist Movement, diverse materiale de la Passaparola ale Mi\u015fc\u0103rii 5 Stele din Italia cu care avem multe \u00een comun, Mi\u015fcarea de Tranzi\u0163ie, Prosper\u0103, Apelul dr. Rath, Creierul Global, Activistul Cuantic, Downshifting, I&#8217;m awake !, etc.<\/p>\n<p>\u00cenchei cu o traducere a unei zic\u0103tori italiene\u015fti, apropos de PROIECTUL nostru :<\/p>\n<p>DAC\u0102 SUNT FLORI , VOR \u00ceNFLORI !<br \/>\n(\u015fi completez pe rum\u00e2ne\u015fte)<br \/>\nDAC\u0102 NU, SE VOR PLIVI !<\/p>\n<p>&#8230; depinde de NOI !<\/p>\n","protected":false},"excerpt":{"rendered":"<p>EMINESCU este frecvent citat \u00een ultimul timp de \u201ede\u015fteptare a spiritului dacic\u201d, c\u0103 ar fi cerut DACIZAREA ROM\u00c2NIEI !&#8230;dar nimeni nu s-a g\u00e2ndit CE VOIA S\u0102 SPUN\u0102 !? \u201eTotul trebuie smuls din m\u00e2na acestor oameni cu-o \u00eenn\u0103scut\u0103 incapacitate de-a pricepe adev\u0103rul \u015fi lipsi\u0163i de posibilitatea patriotismului: totul trebuie dacizat oarecum de acum-nainte.\u201d\u00a0([Distinguendum est], \u201eTimpul\u201d, 29 [&hellip;]<\/p>\n","protected":false},"author":2,"featured_media":0,"comment_status":"open","ping_status":"open","sticky":false,"template":"","format":"standard","meta":{"footnotes":""},"categories":[73],"tags":[1185,1582,1186,390,295],"jetpack_featured_media_url":"","_links":{"self":[{"href":"https:\/\/bassdu.mine.bz\/index.php?rest_route=\/wp\/v2\/posts\/2990"}],"collection":[{"href":"https:\/\/bassdu.mine.bz\/index.php?rest_route=\/wp\/v2\/posts"}],"about":[{"href":"https:\/\/bassdu.mine.bz\/index.php?rest_route=\/wp\/v2\/types\/post"}],"author":[{"embeddable":true,"href":"https:\/\/bassdu.mine.bz\/index.php?rest_route=\/wp\/v2\/users\/2"}],"replies":[{"embeddable":true,"href":"https:\/\/bassdu.mine.bz\/index.php?rest_route=%2Fwp%2Fv2%2Fcomments&post=2990"}],"version-history":[{"count":17,"href":"https:\/\/bassdu.mine.bz\/index.php?rest_route=\/wp\/v2\/posts\/2990\/revisions"}],"predecessor-version":[{"id":3008,"href":"https:\/\/bassdu.mine.bz\/index.php?rest_route=\/wp\/v2\/posts\/2990\/revisions\/3008"}],"wp:attachment":[{"href":"https:\/\/bassdu.mine.bz\/index.php?rest_route=%2Fwp%2Fv2%2Fmedia&parent=2990"}],"wp:term":[{"taxonomy":"category","embeddable":true,"href":"https:\/\/bassdu.mine.bz\/index.php?rest_route=%2Fwp%2Fv2%2Fcategories&post=2990"},{"taxonomy":"post_tag","embeddable":true,"href":"https:\/\/bassdu.mine.bz\/index.php?rest_route=%2Fwp%2Fv2%2Ftags&post=2990"}],"curies":[{"name":"wp","href":"https:\/\/api.w.org\/{rel}","templated":true}]}}