{"id":3018,"date":"2013-06-04T17:56:03","date_gmt":"2013-06-04T16:56:03","guid":{"rendered":"http:\/\/bassdu.mine.nu\/?p=3018"},"modified":"2014-03-23T00:10:46","modified_gmt":"2014-03-22T23:10:46","slug":"oieritul-dovada-primordialitatii-si-continuitatii-noastre","status":"publish","type":"post","link":"https:\/\/bassdu.mine.bz\/?p=3018","title":{"rendered":"OIERITUL &#8211; DOVADA PRIMORDIALIT\u0102\u0162II \u015eI CONTINUIT\u0102\u0162II NOASTRE !"},"content":{"rendered":"<p>OIERITUL:<br \/>\nPrincipala dovad\u0103 a PRIMORDIALIT\u0102\u0162II \u015fi CONTINUIT\u0102\u0162II noastre<\/p>\n<p>Se sus\u0163ine de c\u0103tre unii, c\u0103 rom\u00e2nii ar fi MIGRATORI \u015fi c\u0103 ar fi originari din alte p\u0103r\u0163i dec\u00e2t cele \u00een care tr\u0103iesc azi!?<br \/>\nOIERITUL este principala prob\u0103 a CONTINUIT\u0102\u0162II noastre pe aceste meleaguri carpato-balcanice, deoarece nu se poate sus\u0163ine c\u0103 p\u00e2n\u0103 \u00een ultimele 10 secole, nimeni nu s-ar fi ocupat de cre\u015fterea oilor \u015fi caprelor ! Ba mai sunt unii, care sus\u0163in c\u0103 domesticirea caprinelor \u015fi ovinelor s-ar fi realizat la \u015fes \u015fi pe alte meleaguri, c\u00e2nd aceste animale tr\u0103iesc \u00een zone submontane \u015fi umede, cum numai la noi sunt!?<br \/>\nSe \u015ftie c\u0103 rum\u00e2nii sunt \u201ede c\u00e2nd Lumea oierii centrului Europei\u201d popul\u00e2nd Carpa\u0163ii \u015fi Balcanii \u015fi noi mai credem c\u0103 to\u0163i oierii Europei sunt ROI\u0162I de pe la noi, r\u0103sp\u00e2ndindu-se de-a lungul mileniilor \u015fi \u00een vest, \u00een toate zonele alpine \u015fi subalpine ale re\u0163ilor, ladinilor, roman\u015filor, friulanilor, bascilor, sarzilor, corsicanilor.<\/p>\n<p>OIERITUL este Marea Revolu\u0163ie Socio-Economic\u0103, \u00eenceput\u0103 \u00een arealul carpato-balcano-dun\u0103reano-pontic!<br \/>\nOieritul reprezint\u0103 un salt calitativ enorm pe scara evolu\u0163iei, omul trec\u00e2nd de la stadiul de culeg\u0103tor\/cultivator, la acela de \u00eembl\u00e2nzitor\/cresc\u0103tor de animale. Dac\u0103 pentru a cultiva\/culege sunt necesare multe persoane, iar rezultatele muncii sunt nejustificative pentru crearea unui EXCEDENT DE POPULA\u0162IE, nu acela\u015fi lucru se poate spune de OIERIT, care asigur\u0103 din plin : LAPTE, CARNE, L\u00c2N\u0102, PIELE, BLANA, cu implicarea a pu\u0163ini oameni.<br \/>\nAceasta este principala explica\u0163ie a ROIRII: SUPRAPOPULA\u0162IA!<br \/>\nDeci, pentru a pricepe unde s-a accelerat EVOLU\u0162IA SOCIO-ECONOMIC\u0102, ce\u00e2ndu-se SUPRAPOPULA\u0162IE, trebuie s\u0103 identific\u0103m LOCUL unde a \u00eenceput domesticirea \u015fi cre\u015fterea animalelor, \u00een spe\u0163\u0103 a OVINELOR, cel mai u\u015for de domesticit (corporatur\u0103, agresivitate).<br \/>\nIat\u0103 \u00een r\u00e2ndurile de mai jos, de ce acest spa\u0163iu este SPA\u0162IUL CARPATO-BALCANO-DUN\u0102REANO-PONTIC:<\/p>\n<p>1. Singurul spa\u0163iu su SARE LA VEDERE (se \u015ftie rolul s\u0103rii \u00een oierit \u015fi conservarea c\u0103rnii, ca s\u0103 nu mai vorbim despre rolul acesteia \u00een starea de S\u0102N\u0102TATE a omului \u00eensu\u015fi). A se citi ceea ce a scris d-l ing. Gheorghe Gabriel despre SARE!<br \/>\n2. TRANSHUMAN\u0162A este o \u201emi\u015fcare de transla\u0163ie cu dus \u015fi \u00eentors\u201d \u015fi presupune zone alpine \u015fi subalpine, pentru cele dou\u0103 sezoane majore iarn\u0103-var\u0103. Arcurile carpato-balcanice asigur\u0103 din bel\u015fug aceste condi\u0163ii!<br \/>\n3. IMPORTANTE SURSE DE AP\u0102 cum sunt \u00een arealul nostru, nu mai exist\u0103 \u00een Lume!<br \/>\n4. Condi\u0163iile cele mai favorabile OMULUI \u015fi deci \u015fi SUPRAPOPUL\u0102RII, dar \u015fi OVINELOR, sunt cele TEMPERATE, MONTANE \u015eI SUBMONTANE, care asigur\u0103 cel mai bine vegeta\u0163ie, ap\u0103 \u015fi condi\u0163ii climatice intermedii. Mesopotamia, care este obsesiv re\u0163inut\u0103 ca \u201eleag\u0103nul omenirii\u201d, nu are niciuna din aceste caracteristici, ca s\u0103 nu mai spun c\u0103 p\u0103rerea antropologilor este c\u0103 \u201eo ROIRE masiv\u0103 de succes, are loc de-a lungul aceleia\u015fi latitudini\u201d \u015fi din nou avem motive s\u0103 ne \u00eendoim de \u201eistoria oficioas\u0103\u201d !&#8230; cei care vorbesc de \u201eorigini iraniene\u201d, nu au v\u0103zut oare niciodat\u0103 o HART\u0102 GEOGRAFIC\u0102 \u015fi nu s-au informat despre RESURSELE acelui areal???<\/p>\n<p>Aceast\u0103 OCUPA\u0162IE a determinat \u015fi caracteristicile sociale, pun\u00e2ndu-se bazele CIVILIZA\u0162IEI S\u0102TE\u015eTI, care a supravie\u0163uit pentru milenii CIVILIZA\u0162IEI OR\u0102\u015eENE\u015eTI, asigur\u00e2ndu-i acesteia din urm\u0103, resursele primare de subzisten\u0163\u0103. Ca s\u0103 exemplific conceptul, \u00een ni\u015fte statistici din secolul al XIX-lea privitoare la popula\u0163ie \u015fi religie pentru zona OR\u0102\u015eTIEI, am notat c\u0103 valahii tr\u0103iau \u00een mun\u0163i \u00een a\u015fa zisa CIVILIZA\u0162IE S\u0102TEASC\u0102, preponderent ORAL\u0102 \u015fi ORTODOX\u0102, \u00een timp ce \u201enoii veni\u0163i\u201d se baricadau \u00een ORA\u015e, \u00een a\u015fa-zisa CIVILIZA\u0162IE OR\u0102\u015eENEASC\u0102, CATOLIC\u0102 \u015eI REFORMAT\u0102, unde valahii erau minoritari \u015fi unde \u00eenscrisurile se justificau pentru a consemna rela\u0163ii care \u00een munte nu existau&#8230;, acolo se b\u0103tea palma \u015fi nu se scria niciun contract !&#8230; acolo se aplica Legea Valah\u0103, care circula pe cale oral\u0103 \u015fi era vai \u015fi amar de acela care nu o respecta !&#8230; iat\u0103 de ce nu sunt \u201eurme documentare\u201d ale valahilor. Tot caracteristicile CIVILIZA\u0162IEI S\u0102TE\u015eTI explic\u0103 \u015fi lipsa \u201eurmelor arheologice\u201d, deoarece AUTARHIA (independen\u0163a de alte comunit\u0103\u0163i) \u015fi folosirea exclusiv\u0103 a materialelor de construc\u0163ie BIO-DEGRADABILE, presupuneau un MOD DE VIA\u0162\u0102 SIMPLU, de\u015fi \u00ceMBEL\u015eUGAT. Acest ultim detaliu, l-am constatat \u015fi azi \u00een TIMOC, unde rum\u00e2nii sunt desconsidera\u0163i de \u201eor\u0103\u015feni\u201d, dar sunt \u015fi invidia\u0163i, deoarece &#8230; boga\u0163i !?<br \/>\nCert este c\u0103 IDENTITATEA NA\u0162IONAL\u0102 a r\u0103mas \u201ela origini\u201d, marii intelectuali rom\u00e2ni m\u0103rturisind dintotdeauna c\u0103 SPIRITUALITATEA DACO-RUM\u00c2NEASC\u0102 S\u0102L\u0102\u015eLUIE\u015eTE LA SATE.<\/p>\n<p><a href=\"http:\/\/bassdu.mine.nu\/images\/2013\/06\/cioban-1349698379.jpg\"><img loading=\"lazy\" decoding=\"async\" class=\"aligncenter size-full wp-image-3555\" alt=\"cioban-1349698379\" src=\"http:\/\/bassdu.mine.nu\/images\/2013\/06\/cioban-1349698379.jpg\" width=\"380\" height=\"200\" srcset=\"https:\/\/bassdu.mine.bz\/images\/2013\/06\/cioban-1349698379.jpg 380w, https:\/\/bassdu.mine.bz\/images\/2013\/06\/cioban-1349698379-300x157.jpg 300w\" sizes=\"(max-width: 380px) 100vw, 380px\" \/><\/a><br \/>\nLeg\u0103tura traco-carpo-geto-dacilor cu OIERITUL se demonstreaz\u0103 \u015fi cu a\u015fa-zisul PILEUS DACIC.<\/p>\n<p>\u00cen ceea ce prive\u015fte MATERIALUL din care era confec\u0163ionat acest acoper\u0103m\u00e2nt clasic, am \u00eent\u00e2lnit diverse opinii : cum c\u0103 ar fi un postav, l\u00e2n\u0103, sau piele de ovin\u0103, \u201econfuzia\u201d fiind preluat\u0103 \u015fi \u00een filme artistice \u015fi documentare, sau \u00een grupurile de reenactment.<br \/>\nO privire atent\u0103 a statuilor de daci r\u0103sp\u00e2ndite \u00een lume, catalogate recent de d-l dr. \u00een istoria artei Leonard Velcescu, ne arat\u0103 \u00eens\u0103 un material \u201eelastic\u201d cu o form\u0103 \u201efiziologic\u0103\u201d ce m-a dus cu g\u00e2ndul la un STOMAC de ovin\u0103, probabil berbec\/berbecu\u0163 sacrificat \u00een cadrul ritualurilor religioase. Stomacul de oaie are patru compartimente, PILEUSUL fiind confec\u0163ionat din primele dou\u0103 compartimente, din cele patru totale. Pentru a v\u0103 crea o imagine mai exact\u0103, imagina\u0163i-v\u0103 br\u0103nza de burduf \u00een \u201epieli\u0163a\u201d sa, care pare s\u0103 aib\u0103 propriet\u0103\u0163i fizice asem\u0103n\u0103toare pileusurilor. Aceste acoper\u0103minte erau o caracteristic\u0103 a tracilor , denumite restrictiv frigiene, \u015ftiindu-se c\u0103 frigienii erau tot de neam tracic, la fel ca \u015fi par\u0163ii \u015fi alte popula\u0163ii anatoliene asimilate ulterior de turcici, explic\u00e2ndu-se astfel \u015fi asem\u0103n\u0103rile genetice \u00eentre noi \u015fi popula\u0163ia de azi a Anatoliei. Bine\u00een\u0163eles c\u0103 pileusurile se ob\u0163ineau dup\u0103 o t\u0103b\u0103cire \u00een urma c\u0103reia se ob\u0163inea \u015fi culoarea ro\u015fiatic\u0103, men\u0163in\u00e2ndu-se \u201eelasticitatea originar\u0103\u201d, t\u0103b\u0103cire a c\u0103rei re\u0163et\u0103 s-a pierdut \u00een negura timpurilor, dar ar putea fi obiect de cercetare istoric\u0103.<br \/>\nEste interesant de observat c\u0103 PILEUSUL, este un simbol al LIBERT\u0102\u0162II \u00een diverse opere de art\u0103, pe stema Senatului SUA, pe diverse drapeluri \u015fi pe capul Marianei Fran\u0163ei revolu\u0163ionare, ceea ce ne duce spre ad\u00e2ncile semnifica\u0163ii ale acestuia \u00een CON\u015eTIIN\u0162A UMANIT\u0102\u0162II!<\/p>\n<p><a href=\"http:\/\/bassdu.mine.nu\/images\/2013\/06\/pileus.jpeg\"><img loading=\"lazy\" decoding=\"async\" class=\"aligncenter size-full wp-image-3557\" alt=\"pileus\" src=\"http:\/\/bassdu.mine.nu\/images\/2013\/06\/pileus.jpeg\" width=\"183\" height=\"276\" \/><\/a><br \/>\nUn alt element ce demonstreaz\u0103 leg\u0103tura indisolubil\u0103 \u00eentre OIERIT \u015fi STR\u0102MO\u015eII no\u015ftri, este prezen\u0163a pe partea lateral\u0103 a coifului TRACIC de aur de la CO\u0162OFENE\u015eTI (unul din cele 6 de aceea\u015fi tipologie descoperite pe actualul teritoriu al \u0163\u0103rii), a sacrific\u0103rii rituale a unui berbec, care se aseam\u0103n\u0103 \u00een mod izbitor cu TAUROCTONIA (sacrificarea ritual\u0103 a unui taur) specific\u0103 MITRAISMULUI. Faptul c\u0103 berbecul se substituie taurului, sau invers, se explic\u0103 prin abunden\u0163a diferit\u0103 a celor dou\u0103 animale \u00een zone geografice distincte, sau poate avem de-a face cu perioade\/loca\u0163ii diferite (epoca\/zodia Berbecului, sau a Taurului). Cert este c\u0103 avem de-a face cu sacrificii rituale, c\u0103 animalele sacrificate au o semnifica\u0163ie demn\u0103 de a fi imortalizat\u0103 pe un COIF DE CEREMONIE \u015fi c\u0103 exist\u0103 asem\u0103n\u0103ri importante \u00eentre cultul lui Zamolxe \u015fi cel al lui Mitra, a\u015fa cum se demonstra p\u00e2n\u0103 acum c\u00e2\u0163iva ani, \u00eentr-un film produs de The Zeitgeist Movement \u015fi care azi este de neg\u0103sit!?&#8230; de ce oare?<\/p>\n<p><a href=\"http:\/\/bassdu.mine.nu\/images\/2012\/06\/coiful-de-aur-Cotofenesti.jpg\"><img loading=\"lazy\" decoding=\"async\" class=\"wp-image-2264 alignleft\" alt=\"coiful de aur Cotofenesti\" src=\"http:\/\/bassdu.mine.nu\/images\/2012\/06\/coiful-de-aur-Cotofenesti.jpg\" width=\"213\" height=\"281\" srcset=\"https:\/\/bassdu.mine.bz\/images\/2012\/06\/coiful-de-aur-Cotofenesti.jpg 985w, https:\/\/bassdu.mine.bz\/images\/2012\/06\/coiful-de-aur-Cotofenesti-774x1024.jpg 774w\" sizes=\"(max-width: 213px) 100vw, 213px\" \/><\/a> <a href=\"http:\/\/bassdu.mine.nu\/images\/2013\/06\/coif.jpeg\"><img loading=\"lazy\" decoding=\"async\" class=\"aligncenter size-full wp-image-3559\" alt=\"coif\" src=\"http:\/\/bassdu.mine.nu\/images\/2013\/06\/coif.jpeg\" width=\"183\" height=\"275\" \/><\/a><\/p>\n<p>Simbolistica mitraic\u0103 este o simbolistic\u0103 solar\u0103 \u015fi celest\u0103 !!!<br \/>\n\u201eAdev\u0103rul istoric\u201d pe care-l promoveaz\u0103 istoricii cu patalama, este c\u0103 \u201eMitraismul a fost adus \u00een Dacia de romani dup\u0103 106 d.C.\u201d ( \u015fi pe \u0103sta l-ar fi adus romanii!?).<br \/>\nCe mai \u015ftim, este c\u0103 \u00eemp\u0103ra\u0163ii traco-geto-daci ai Imperiului Roman, au fost adep\u0163ii acestui cult (vezi Galeriu, Constantin \u015fi ceilal\u0163i).<br \/>\nMai \u015ftim c\u0103 MITRAISMUL a fost \u00eembr\u0103\u0163i\u015fat mai ales de c\u0103tre MILITARI \u015fi c\u0103 s-a practicat mul\u0163i ani \u00een Roma \u00een s\u0103la\u015furi subterane, cu anumite caracteristici constructive, care ne duc cu g\u00e2ndul la GROTA LUI ZAMOLXE.<br \/>\nMai \u015ftim c\u0103 \u015fi azi ZOROASTRISMUL (derivat din MITRAISM) este practicat, av\u00e2nd ca \u201eprincipii\u201d:<\/p>\n<p>1. Egalitatea: Drepturi egale, indiferent de ras\u0103 sau religie.<br \/>\n2. Respect fa\u021b\u0103 de toate formele de via\u021b\u0103.<br \/>\n3. Condamnarea asupririi fiin\u021bei umane, actele de cruzime \u0219i sacrificiile de animale.<br \/>\n4. Ecologia: Natura ocup\u0103 un loc central \u00een zoroastrism \u0219i multe s\u0103rb\u0103tori sunt celebrate \u00een natur\u0103: ziua anului nou este prima zi a prim\u0103verii, s\u0103rb\u0103toarea apei \u00een var\u0103, s\u0103rb\u0103toarea toamnei la sf\u00e2r\u0219itul anotimpului \u0219i s\u0103rb\u0103toarea focului la jum\u0103tatea iernii.<br \/>\n5. Munc\u0103 grea \u0219i caritate.<br \/>\n6. Fidelitate familiei, comunit\u0103\u021bii \u0219i tarii.<\/p>\n<p>Alte elemente caracteristice :<br \/>\nSimbolul focului: Energia creatorului este reprezent\u0103 \u00een zoroastrism prin foc \u0219i soare, elemente trainice, radiante, pure \u0219i care sus\u021bin via\u021ba. Zoroastri\u0219ti \u00een mod normal se roag\u0103 \u00een fa\u021ba focului sau a unei surse de lumin\u0103. Nu se adoreaz\u0103 focul, ci este simbolul divinit\u0103\u021bii.<br \/>\nSe observ\u0103 dintr-o privire asem\u0103narea cu \u2026 ZAMOLXIANISMUL!!!<br \/>\nDe asemenea, precizez c\u0103 MITRAISMUL este considerat de mul\u0163i istorici ai religiilor ca \u201eprecursor al Cre\u015ftinismului\u201d, av\u00e2nd foarte multe \u201eelemente \u00een comun\u201d asupra c\u0103rora nu o s\u0103 detaliez, pentru a nu r\u0103ni \u201econvingeri ale altora\u201d.<br \/>\n\u00cenv\u0103\u021b\u0103turile lui Zoroastru au l\u0103sat urm\u0103 \u00een cele trei mari religii: iudaismul, cre\u0219tinism \u0219i prin aceste dou\u0103, a fost influen\u021bat \u0219i islamul.<br \/>\nExemplu de aceste urme sunt: \u00eengerii, arhanghelii etc, la fel ca \u0219i personificarea r\u0103ului ca \u0219arpe sau \u00eentuneric \u0219i Dumnezeu ca lumin\u0103.<br \/>\nUnele studii (Boyce, 1987; Black and Rowley, 1987; Duchesne-Guillemin, 1988) cred c\u0103 un mare num\u0103r de elemente de eshatologie, angeologie \u0219i demonologie a iudaismului, cu influen\u021b\u0103 mare \u00een cre\u0219tinism, au originea \u00een zoroastrism \u0219i au fost transferate iudaismului \u00een timpul captivit\u0103\u021bii babiloniene \u0219i erei persane.<br \/>\n\u00cenainte de secolul XI d.C., zoroastrismul ajunsese \u00een nordul Chinei pe Drumul m\u0103t\u0103sii, av\u00e2nd statut oficial \u00een unele zone din China. Ruine de temple zoroastristas au fost g\u0103site \u00een Kaifeng \u0219i Zhenjiang, \u0219i potrivit unor aprecieri, au existat p\u00e2n\u0103 \u00een anul 1130. \u00cen orice caz, influen\u021ba zoroastrismului se poate aprecia \u00een budism, \u00een special \u00een simbolul luminii.<br \/>\nIat\u0103 cum se \u201e\u00eencruci\u015feaz\u0103\u201d marile religii ale omenirii!!!<br \/>\nCa s\u0103 revenim la \u201eoile noastre\u201d, p\u0103i dac\u0103 MITRAISMUL a fost adus \u00een DACIA de c\u0103tre romani, cum se explic\u0103 atunci prezen\u0163a unui SIMBOL SIMILAR-MITRAIC pe un coif de aur traco-geto-dac din sec. al V-lea \u00ee.C.???<br \/>\nS\u0103 nu aud pe cineva c\u0103 l-a pierdut vreun persan prin Prahova, c\u0103 \u00eei spun c\u0103 tipologia acestui coif este EXCLUSIV TRACO-GETO-DACIC\u0102, exist\u00e2nd multe alte coifuri cu acelea\u015fi caracteristici, descoperite \u00een diverse locuri din nordul \u015fi sudul Dun\u0103rii!<br \/>\nPentru mine devine tot mai evident c\u0103 DENSU\u015eIANU nu era un \u201eramolit\u201d cum este prezentat de \u201eistoricii lui pe\u015fte\u201d, ci un mare istoric, cu o mare percep\u0163ie a \u201eadev\u0103rului istoric\u201d. \u0162ine\u0163i cont c\u0103 DENSU\u015eIANU nu a cunoscut COIFUL de aur de la Co\u0163ofene\u015fti, acesta fiind descoperit \u00een 1926.<\/p>\n<p>OIERITUL este o ocupa\u0163ie multimilenar\u0103, iar primii practican\u0163i, au ROIT desigur \u00een cele patru z\u0103ri. P\u00e2n\u0103 \u015fi \u00een arealul considerat azi Leg\u0103n al Omenirii, se semnaleaz\u0103 invazia unei \u201epopula\u0163ii barbare cu piele alb\u0103 \u015fi p\u0103r blond-ro\u015fcat\u201d &#8230; THE GUTIAN PEOPLE (\u00een englez\u0103) denumire \u015fi caracteristici fizionomice, care nu pot s\u0103 nu ne duc\u0103 cu g\u00e2ndul la GE\u0162I, GO\u0162I, a\u015fa cum rezult\u0103 din diverse surse.<br \/>\nLa pr\u0103bu\u015firea Imperiului AKKADIAN \u00een Mesopotamia (2154 \u00ee.C.), au contribuit \u201eni\u015fte munteni s\u0103lbatici cu piele alb\u0103 \u015fi p\u0103r blond\u201d (s\u0103lbatici, deoarece probabil nesocoteau credin\u0163ele religioase ale mesopotamienilor), care au pus bazele unei dinastii \u015fi care au r\u0103mas \u00een \u201ememoria istoric\u0103\u201d , p\u00e2n\u0103 pe vremea lui Cirus Cel Mare (sec al VI-lea \u00ee.C.), c\u00e2nd exista un guvernator al GUTIEI pe nume Gubaru (Gobryas)<\/p>\n<p>\u201eIn the late 19th-century, Assyriologist Julius Oppert sought to connect the Gutians of remote antiquity with the later Gutones (Goths), whom Ptolemy in 150 AD had known as the Guti, a tribe of Scandia. Oppert&#8217;s theory on this connection is not shared by many scholars today, in the absence of further evidence.\u201d<\/p>\n<p>Vreau s\u0103 DEMITIZEZ \u00een continuare teoria potrivit c\u0103reia NOI AM FI MIGRATORI<\/p>\n<p>A\u015fa de bine ne-au convins \u201eprietenii\u201d, c\u0103 \u015fi unii de-ai no\u015ftri au \u00eenceput s\u0103 cread\u0103 (vezi VLASII, GORALII, VOLOHII, etc.)!?<br \/>\nIat\u0103 o prob\u0103 :<br \/>\n\u201eDespre volohi- rom\u00e2nii din Tatra :<\/p>\n<p>We Are Valachs!<br \/>\nTranslator: Joseph Bittersman<br \/>\nEditor: Leo Baca<br \/>\n\u2026\u2026\u2026\u2026\u2026\u2026\u2026\u2026\u2026..<br \/>\n\u201eFurthermore, the Valachs maintained a greater degree of self determination. It was expressed by different judicial customs called Valachian Law. \u201d<br \/>\n\u2026\u2026\u2026\u2026\u2026\u2026\u2026\u2026\u2026\u2026<br \/>\n\u201cMoravian mountain people around Vsetin, so called Valachs, a courageous people, after Frederick\u2019s (Czech King) defeat in 1620, refused to accept the Austrian yoke and for full three years managed to defend with arms in their hands their freedom.\u201d<br \/>\n\u2026\u2026\u2026\u2026\u2026\u2026\u2026\u2026\u2026\u2026<br \/>\n\u201e The real center of Valachian uprising was in the mountains, which protected them against arbitrariness of the enemy, like a mother protects her children.\u201d<br \/>\n\u2026\u2026\u2026\u2026\u2026\u2026\u2026\u2026\u2026..<br \/>\n\u201eIn spite of this, the mountains were full of \u2018zbojniks\u2019, who, especially according to folk stories, took from the rich and gave to the poor\u201d\u2026<\/p>\n<p>(re\u0163ine\u0163i aceast\u0103 asem\u0103nare izbitoare : ZBOINICI-R\u0102ZBOINICI!)<br \/>\n\u00cen acest document se face o singur\u0103 \u201econcesie\/omisiune\u201d, vorbindu-se de o \u201evenire a valahilor din \u0163\u0103rile rom\u00e2ne\u201d. Eu sunt convins c\u0103 (a\u015fa cum se specific\u0103 \u015fi \u00een text) nimeni \u00een afar\u0103 de valahi nu se ocupa cu oieritul \u00een Carpa\u0163ii Vestici. Deci \u201evenirea lor\u201d trebuie fixat\u0103 cu multe mii de ani \u00eenainte, \u015fi anume din timpurile c\u00e2nd a ap\u0103rut aceast\u0103 \u00eendeletnicire de OIER.<br \/>\nEste imposibil de sus\u0163inut c\u0103 p\u00e2n\u0103 la \u201evenirea valahilor\u201d nimeni nu se ocupa de oierit!!! \u2026 mai degrab\u0103, erau mai pu\u0163ini \u015fi mai pu\u0163in organiza\u0163i (\u00een lipsa \u201eagresiunilor externe\u201d), fapt ce determina \u201elipsa informa\u0163iilor despre ei\u201d. Astfel se explic\u0103 r\u0103sp\u00e2ndirea \u00een to\u0163i mun\u0163ii Europei a cre\u015fterii oilor\u2026 trebuia s\u0103 \u00eenceap\u0103 undeva, iar acest \u201eundeva\u201d este SINGURUL LOC DIN EURASIA UNDE ESTE SARE LA VEDERE, mineritul fiind o ocupa\u0163ie mult mai recent\u0103!<\/p>\n<p>\u00cen num\u0103rul 1088 al revistei FORMULA AS, afl\u0103m alte informa\u0163ii foarte interesante despre valahii din mun\u0163ii Tatra. Articolul se intituleaz\u0103 : \u201eURME ROM\u00c2NE\u015eTI : VLAHII, ST\u0102P\u00c2NII MUN\u0162ILOR TATRA\u201d \u015fi-l recomand c\u0103lduros tuturor.<br \/>\nhttp:\/\/www.formula-as.ro\/2013\/1088\/societate-37\/urme-romanesti-vlahii-stapanii-muntilor-tatra-16927<br \/>\nSingura chestie cu care nu sunt de acord, este PERIOADA c\u00e2nd a avut loc aceast\u0103\u2026 ROIRE!?<br \/>\nEu sunt convins \u015fi am \u015fi argumente serioase, c\u0103 aceast\u0103 ROIRE DIN SPA\u0162IUL CARPATIC, a avut loc cu multe milenii \u00een urm\u0103!!!<br \/>\nRezult\u0103 deci, c\u0103 VALAHII reprezentau POPULA\u0162IA AUTOHTON\u0102 , \u00een momentul migra\u0163iilor slave \u015fi maghiare.<br \/>\nObserva\u0163i c\u0103 am folosit cuvinte diferite precum ROIRE \u015fi MIGRA\u0162IE, care nu au aceea\u015fi defini\u0163ie.<br \/>\nROIREA este fenomenul de deplasare lent\u0103, pe durata a sute \u015fi sute de ani, datorat\u0103 SUPRAPOPUL\u0102RII SPA\u0162IULUI ORIGINAR, \u015fi este determinat\u0103 de ABUNDEN\u0162A DE HRAN\u0102, \u00ceMBR\u0102C\u0102MINTE, ENERGIE (LEMN), AP\u0102, SARE, VEGETA\u0162IE, FAUN\u0102, etc.<br \/>\nMIGRA\u0162IA este un fenomen RAPID \u015fi este practicat\u0103 de popula\u0163ii LIPSITE DE MIJLOACE DE SUBZISTEN\u0162\u0102 \u00ceN SPA\u0162IUL LOR ORIGINAR, sau \u201e\u00eempinse\u201d de al\u0163i migratori, a\u015fa cum a fost cazul slavilor (\u00eencep\u00e2nd din secolul al 7-lea d.C.) \u015fi al maghiarilor (\u00eencep\u00e2nd din secolul al 9-lea d.C.).<br \/>\nMai sunt \u015fi alte popula\u0163ii MIGRATOARE MINORE, care au disp\u0103rut prin exterminare \u00een lupte, sau \u00een cele mai fericite cazuri prin ASIMILARE (vezi hunii, pecenegii, cumanii, etc.).<br \/>\nFac o parantez\u0103 apropos de actualii BULGARI, care conform ultimelor CERCET\u0102RI GENETICE, ar fi rude cu noi, \u00een contrast cu faptul c\u0103 poporul migrator al bulgarilor era turcic, ei fiind slaviza\u0163i de ru\u015fii care i-au \u015fi gonit par\u0163ial din zona Uralilor, spre Balcani. Acolo au dat peste autohtonii traco-geto-daci, pe care i-au slavizat, proces ce continu\u0103 de sute de ani cu sprijinul direct al ortodoxiei greco-slave, fiind azi aproape finalizat.<br \/>\nISTORIILE OFICIALE ale popoarelor din jurul Rom\u00e2niei sunt FALSE, iar vecinii no\u015ftri \u015ftiu asta, astfel av\u00e2nd explica\u0163ia urii \u015fi dispre\u0163ului cu care ne trateaz\u0103 pe noi VALAHII, urma\u015fii siguri ai TRACO-CARPO-GETO-DACILOR autohtoni.<br \/>\nNumai polonezii, mai au c\u00e2te un istoric pe ici, pe colea, care sus\u0163ine c\u0103 sunt urma\u015fi ai traco-geto-dacilor de nord, iar dac\u0103 ne g\u00e2ndim la GORALI, nu putem s\u0103 nu medit\u0103m serios!?<br \/>\nTuturor \u201eistoricilor lui pe\u015fte\u201d din vecini, trebuie s\u0103 li se pun\u0103 urm\u0103toarea \u00eentrebare, cu care li se va \u00eenchide pe veci gura:<br \/>\nDAC\u0102 VALAHII AU \u00ceMP\u00c2NZIT MUN\u0162II CU OILE LOR \u00ceNCEP\u00c2ND DIN JURUL ANULUI 1000, NE POT SPUNE OARE D\u00c2N\u015eII, CINE SE OCUPA DE PROCURAREA L\u00c2NEI, LAPTELUI, BR\u00c2NZEI, PIEILOR, BL\u0102NURILOR, P\u00c2N\u0102 ATUNCI???\u2026 c\u0103 doar OIERITUL nu a ap\u0103rut \u00een jurul anului 1000 , ci CU MULTE MILENII MAI DEVREME, fiind cea mai spectaculoas\u0103 REVOLU\u0162IE SOCIO-ECONOMIC\u0102, care a \u00eensemnat pentru mileniile urm\u0103toare CEA MAI RENTABIL\u0102 OCUPA\u0162IE!<\/p>\n<p>Noi rum\u00e2nii \u201edin toate cele patru z\u0103ri\u201d, suntem CEL MAI NUMEROS POPOR DIN CENTRUL \u015eI SUD-ESTUL EUROPEI , iar ocupa\u0163ia noastr\u0103 de baz\u0103, a fost \u015fi este &#8230; OIERITUL! Noi nu am devenit CEL MAI NUMEROS POPOR \u00een c\u00e2teva secole deoarece avem \u201ecalit\u0103\u0163i reproductive exagerate\u201d, reu\u015find s\u0103 \u201esufoc\u0103m\u201d alte popoare mai pu\u0163in \u00eenzestrate, ci pur \u015fi simplu, deoarece suntem urma\u015fii direc\u0163i ai \u201ecelui mai numeros popor european\u201d, care a constituit FUNDAMENTUL GENETIC al actualelor popoare din jurul Rom\u00e2niei!<\/p>\n<p>Vechimea multimilenar\u0103 a OIERITULUI este demonstrat\u0103 \u015fi de \u00d6tzi (Oetzi), \u201eomul z\u0103pezilor\u201d care a tr\u0103it acum 5300 de ani \u015fi care a fost descoperit \u00een ghea\u0163a permanent\u0103 a Alpilor, la SIMILAUN <img loading=\"lazy\" decoding=\"async\" class=\" wp-image-3558 alignleft\" alt=\"\" src=\"http:\/\/bassdu.mine.nu\/images\/2013\/06\/oetzi.2.jpg\" width=\"247\" height=\"381\" srcset=\"https:\/\/bassdu.mine.bz\/images\/2013\/06\/oetzi.2.jpg 1812w, https:\/\/bassdu.mine.bz\/images\/2013\/06\/oetzi.2-194x300.jpg 194w, https:\/\/bassdu.mine.bz\/images\/2013\/06\/oetzi.2-662x1024.jpg 662w\" sizes=\"(max-width: 247px) 100vw, 247px\" \/>, \u00eentr-o excelent\u0103 stare de conservare.<\/p>\n<p><a href=\"http:\/\/bassdu.mine.nu\/images\/2013\/06\/oetzi.2.jpg\">\u00a0<\/a><\/p>\n<p>Dup\u0103 studii aprofundate, s-a stabilit c\u0103 :<br \/>\n&#8211; avea \u00eembr\u0103c\u0103minte \u015fi \u00eenc\u0103l\u0163\u0103minte din PIELE DE CAPR\u0102.<br \/>\n&#8211; era TATUAT prin \u00een\u0163epare \u00een \u201ecentre energetice\u201d.<br \/>\n&#8211; se presupune c\u0103 era P\u0102STOR.<br \/>\n&#8211; avea CARACTERISTICI GENETICE asem\u0103n\u0103toare SARZILOR \u015fi CORSICANILOR.<br \/>\n&#8211; zona \u00een care a fost descoperit apar\u0163inea PROTOCEL\u0162ILOR, care se \u015ftie c\u0103 erau \u201erude apropiate\u201d ale prototracilor.<br \/>\n&#8211; prin testarea ADN a 3700 de locuitori din zona descoperirii, s-au descoperit 19 persoane cu acelea\u015fi caracteristici, put\u00e2ndu-se spune c\u0103 ace\u015ftia sunt descenden\u0163i ai lui \u00d6tzi. De aici rezult\u0103 CONTINUITATEA POPOARELOR \u00een ciuda anilor \u015fi valurilor migratoare, extrapolabil \u015fi poporului nostru !<\/p>\n<p>Despre ad\u00e2ncile r\u0103d\u0103cini \u00een Istorie ale str\u0103mo\u015filor no\u015ftri, militeaz\u0103 \u015fi MEL COPELAND -ETRUSCOLOGUL, care se extinde cu studiile sale \u015fi asupra scrierilor lidienilor \u015fi frigienilor, \u015fi care afirm\u0103 c\u0103 limba rom\u00e2n\u0103 p\u0103streaz\u0103 o bogat\u0103 mo\u015ftenire a LIMBII MATRICE a popula\u0163iilor antice :<\/p>\n<p>\u201e I suspect that the similarities will outline an early period of separation when Latin and Gaelic separated. (the theory being that Romanian preserves early forms peculiar to that separation. The coincidence of Etruscan to Romanian confirms the antiquity of the Romanian forms, since the Etruscan language ceased to be spoken about 300 B.C. and thus is an untouched relic from the past (ie., it has not been affected by other languages since its demise). The other part of this finding is a link with the Phrygian language. The Phrygians originally came from an area southeast of Macedonia and were related to the Thracians, according to Herodotus. I believe that the Etruscans, Thracians (Daceans, Getae) and Phrygians represent a Latin-like language group that occupied southeastern Europe ~1,200 B.C., at the time of the Trojan War. The Iliad mentions the Thracians and Phrygians as allies. \u201c http:\/\/independent.academia.edu\/MelCopeland<\/p>\n<p>\u00cen urma studierii tuturor scrierilor etrusce cunoscute ( Tavola Eugubine, Novilara Stele, Magliano Disk, Perugia Cipus, Lemnos Stele, Zagreb Mummy, Devotional Plates, Etruscan Mirrors &amp; Murals), Mel Copeland a \u00eentocmit un Glosar de 2600 de cuvinte, printre care eu, f\u0103r\u0103 a emite preten\u0163ii de lingvist, am identificat circa 200 identice, sau aproape identice cu cuvinte rom\u00e2ne\u015fti azi \u00een folosin\u0163\u0103, restul p\u00e2n\u0103 la 2600, reg\u0103sindu-se \u00een &#8230;latin\u0103. Cineva ar putea spune c\u0103 din latin\u0103 ar fi ajuns \u015fi la noi, dar atrag aten\u0163ia c\u0103 forma etrusc\u0103 este mai apropiat\u0103 de cea rom\u00e2neasc\u0103, dec\u00e2t de cea latin\u0103.<\/p>\n<p>2579\u2026volum 2565\u2026vin 2492\u2026vaci 2478\u2026unu 2470 \u2026un 2427\u2026tu 2415\u2026trist ca \u00een welsh 2407\u2026trib 2396\u2026trei 2382\u2026tors (corp) 2385\u2026tuse (zgomot) 2369\u2026tuna 2247\u2026termene\u2026terminat\/termen 2228\u2026ten \u2026\u0163in 2226\u2026tema\u2026teama 2209\u2026tecum\u2026teaca 2167\u2026table\u2026 t\u0103blie\/table 2166\u2026(a) ta 2163\u2026supru\u2026(dea)supra 2161\u2026sunt 2148\u2026su\u2026s\u0103u 2142\u2026streta\u2026str\u00e2mta 2141\u2026 SUT\u2026SUTA\u2026CENTUM 2140\u2026 stu\u2026stau 2139\u2026 stintu\u2026stins 2135\u2026statiti\u2026statici 2131\u2026stai 2130\u2026stabli\u2026stabil 2129\u2026sta\/st\u0103 2101\u2026sutem\u2026sus\u0163ine 2100\u2026 sutanas\u2026sutana 2098\u2026sorum\u2026sora(mea) 2096\u2026surus\u2026sur\u00e2s 2084\u2026suna\u2026suna\/c\u00e2nta 2076\u2026socri\u2026soacra\/socru\/socrii 2063\u2026sires\u2026cire\u015f 2054\u2026sin\u2026singur 2024\u2026serut\u2026s\u0103rut 1988\u2026sek\u2026sec(era) 1979\u2026scorpi\u2026scorpion\/scorpie 1977\u2026scol\/scul\u2026\u015fcoal\u0103 (Olteanu-slav\u0103) 1976\u2026 scis\u2026(a) \u015fti 1966\u2026satu\u2026s\u0103tul1958\u2026sataru\u2026 satura\/s\u0103tura(t) 1935\u2026sana\u2026sanare\/s\u0103n\u0103tate 1932\u2026salt 1922\u2026sakre\u2026sacru\/e 1911\u2026sac 1908\u2026sa\u2026(a)sa 1894\u2026ruta\/rota\u2026roata 1876\u2026rona\u2026ronda 1858\u2026roca 1854\u2026riva\/riua\u2026r\u00e2u 1853\u2026ritu\u2026rit 1846\u2026riu\/v\u2026r\u00e2u 1817\u2026reviv\u2026reviu 1808\u2026resta\u2026(A)resta\/rest 1806\u2026resin\u2026r\u0103\u015fin\u0103 1773\/5\u2026regla\u2026regula\/re 1752\/3\u2026rar\/a\u2026rar\/\u0103 1742\u2026 ramur\u2026ar\u0103mire\/arama 1716\u2026puia\u2026apoi 1677\u2026porta\u2026poarta 1678\u2026porti\u2026purta\/poart\u0103 1668\u2026pupulu\u2026popor\/ul 1666\u2026popi 1664\u2026 puntis\u2026punte\/pod 1658-61\u2026pune 1653\u2026pulpe 1647\u2026poia\u2026apoi 1646\u2026poci\/puci\u2026pic 1639\u2026plano\/u\u2026plana 1638\u2026plak\u2026plac\/e 1621\u2026pinca\u2026picta 1606\u2026phurie\u2026furie (\u00een toate limbile !) 1604\u2026phuntia\u2026f\u00e2nt\u00e2na 1573\u2026 petro\/u\u2026piatra\/pietros 1569\u2026pet (cinci din \u201es\u00e2rb\u0103\u201d\u2026 care evident l-au luat de la traci !!!) 1550\u2026peri\u2026pieri 1435\u2026onor\u2026onora 1431\u2026omne\u2026 om\/b\u0103rbat 1425\u2026ulie\u2026ulei 1400\u2026nov\/nuv\u2026nou 1398\u2026nora 1377\/8\u2026niul\u2026nul 1354\u2026nepos\u2026nepot 1346\u2026nave 1344\u2026natur\u2026natura 1333\u2026nasc\u2026nasc\/na\u015fte 1328\u2026napti\u2026nepoat\u0103 1327\u2026naphar\u2026nefericit nefast 1287\u2026mulak\u2026molatic 1278\u2026minimu\u2026minim 1268\u2026miele\u2026miere 1265\u2026mi(mie mi) 1256\u2026mes\u2026mers 1252\u2026meritu\u2026merit 1207\u2026martir\u2026martor 1201\u2026merlum\u2026mierla 1198\u2026mare 1178\u2026mamar 1141\u2026liman 1125\u2026LER (?) 1124\u2026lenies\u2026<br \/>\nlene\u015f 1122\u2026lene 1112\u2026lei 1046\u2026Kre\u2026crea 1038\u2026koreg\u2026corect\/corecta 1013\u2026koce\u2026coace 969\u2026karne\/karnos\u2026carne\/c\u0103rnos 952\u2026 kanal\u2026canal 940\u2026Iuan (Bachus) 797\u2026goverm\u2026guvern 780\u2026foato\u2026f\u0103t 772\u2026frati\/frater\u2026frate 742\u2026fiaul\u2026ficat(ul) 681\/673\u2026fak\/fac\u2026fac 675\u2026vaca 658\u2026este 646\/8\u2026esi\u2026ie\u015fi 615\u2026epic 617\u2026epos 618\u2026era 498\u2026comate\/\u0163i (p\u0103r) 497\u2026cum 458\u2026clan 467\u2026cleri\u2026clar\/i 445- 450\u2026 citi\/cita 406\u2026chiem\u2026chema 396\u2026cestor\u2026chestor 382\u2026(a) cere 363\u2026cel 357\u2026cei 330\/2\u2026casa 312\u2026cap 278\u2026ber\u2026bea 271\u2026Baba 274\u2026batin\u2026bate 148\u2026arc 138\u2026aprob\u2026aproba 129\u2026api\u2026apa 119\u2026apa 103\u2026ani 98\u2026Anca 79\u2026alti\u2026\u00eenal\u0163i.<\/p>\n<p>E r\u00e2ndul lingvi\u015ftilor s\u0103 aprofundeze lucr\u0103rile lui Mel Copeland \u2026 dac\u0103 avem a\u015fa ceva !?<\/p>\n<p>Aceea\u015fi convingere o are \u015fi Miche\u00e1l (Michael) Ledwith , care a afirmat \u00eentr-un recent interviu, c\u0103 latina este posterioar\u0103 limbii rum\u00e2ne\u015fti \u015fi derivat\u0103 din aceasta. Acesta a fost consilier al Papei Ioan Paul al II-lea (care se pare c\u0103 era la origini GORAL -VALAH !?), fiind un intelectual de tot respectul care s-a mi\u015fcat \u00een ambientul Vaticanului \u015fi deci a avut ocazia s\u0103 vad\u0103 ceea ce pu\u0163ini ochi au v\u0103zut !<\/p>\n<p>De multe ori ne c\u0103\u015fun\u0103 pe \u015ecoala Ardelean\u0103, c\u0103 ar fi f\u0103cut \u015fi dres, dar se uit\u0103 acest citat :<br \/>\n\u201eaceaia iaste adeverit, precum vazum deasupra, ca nu limba latineasca cea proasta s-au facut din limba latineasca cea corecta ci ceasta din ceaia. De aciia, macar ca ne-am deprins a zice ca limba romineasca e fiica limbei latinesti, adeca ceii corecte, totusi, de vom vrea a grai oblu, limba romineasca e mama limbei ceii latinesti.\u201d (Petru Maior, scrieri, vol 1, pag. 311, ed. Minerva, bucuresti, 1976).<\/p>\n<p>CONCLUZII<br \/>\nPreten\u0163ia unor istorici \u015fi lingvi\u015fti \u201ecu patalama\u201d, de a avea monopolul cercet\u0103rii istorice \u015fi lingvistice, ridiculiz\u00e2nd PROTOCRONISMUL, este lipsit\u0103 de bun sim\u0163, deoarece studiul evolu\u0163iei omenirii, trebuie s\u0103 fie o OPER\u0102 MULTIDISCIPLINAR\u0102, \u00een care s\u0103 fie implica\u0163i : antropologi, medici, psihologi, sociologi, militari, climatologi, geografi, zootehni\u015fti, metalurgi\u015fti, geneticieni, matematicieni, ingineri, etc. \u015fi orice s-ar spune , facultatea de Istorie nu poate acoperi toate aceste domenii !&#8230; dovada, este c\u0103 OIERITUL nu a fost luat \u00een considera\u0163ie , de\u015fi un element de maxim\u0103 relevan\u0163\u0103 istoric\u0103, dup\u0103 cum am demonstrat !?<\/p>\n<p>Ultima or\u0103 !!!<br \/>\n\u201eIstoricii cu patalama\u201d de la Babe\u015f-Bolyai, vor face analiza oaselor lui Basarab, ca s\u0103 ne demonstreze c\u0103 rom\u00e2nii sunt CUMANI. Ba chiar Djuvara \u00een persoan\u0103 e dispus s\u0103 se constituie drept PROB\u0102, fiind el urma\u015f al Basarabilor \u015fi &#8230; CUMAN !!!<br \/>\nDac\u0103 nu ne vom convinge noi \u201edacomaniacii\u201d, s-ar putea s\u0103 ne demonstreze tot ei c\u0103 Vlad era s\u00e2rb, Mircea era turc, Mihai bulgar, samd !?<br \/>\nEu zic s\u0103 nu mai piard\u0103 timp, deoarece Ferdinand era NEAM\u0162, iar noi nu suntem azi &#8230; NEM\u0162I !<\/p>\n","protected":false},"excerpt":{"rendered":"<p>OIERITUL: Principala dovad\u0103 a PRIMORDIALIT\u0102\u0162II \u015fi CONTINUIT\u0102\u0162II noastre Se sus\u0163ine de c\u0103tre unii, c\u0103 rom\u00e2nii ar fi MIGRATORI \u015fi c\u0103 ar fi originari din alte p\u0103r\u0163i dec\u00e2t cele \u00een care tr\u0103iesc azi!? OIERITUL este principala prob\u0103 a CONTINUIT\u0102\u0162II noastre pe aceste meleaguri carpato-balcanice, deoarece nu se poate sus\u0163ine c\u0103 p\u00e2n\u0103 \u00een ultimele 10 secole, nimeni [&hellip;]<\/p>\n","protected":false},"author":2,"featured_media":0,"comment_status":"open","ping_status":"open","sticky":false,"template":"","format":"standard","meta":{"footnotes":""},"categories":[3],"tags":[1188,898,1047,840,1189,1192,1193,1049,1187,1195,920,885,1052,1194,1191,924,1190,919],"jetpack_featured_media_url":"","_links":{"self":[{"href":"https:\/\/bassdu.mine.bz\/index.php?rest_route=\/wp\/v2\/posts\/3018"}],"collection":[{"href":"https:\/\/bassdu.mine.bz\/index.php?rest_route=\/wp\/v2\/posts"}],"about":[{"href":"https:\/\/bassdu.mine.bz\/index.php?rest_route=\/wp\/v2\/types\/post"}],"author":[{"embeddable":true,"href":"https:\/\/bassdu.mine.bz\/index.php?rest_route=\/wp\/v2\/users\/2"}],"replies":[{"embeddable":true,"href":"https:\/\/bassdu.mine.bz\/index.php?rest_route=%2Fwp%2Fv2%2Fcomments&post=3018"}],"version-history":[{"count":6,"href":"https:\/\/bassdu.mine.bz\/index.php?rest_route=\/wp\/v2\/posts\/3018\/revisions"}],"predecessor-version":[{"id":3561,"href":"https:\/\/bassdu.mine.bz\/index.php?rest_route=\/wp\/v2\/posts\/3018\/revisions\/3561"}],"wp:attachment":[{"href":"https:\/\/bassdu.mine.bz\/index.php?rest_route=%2Fwp%2Fv2%2Fmedia&parent=3018"}],"wp:term":[{"taxonomy":"category","embeddable":true,"href":"https:\/\/bassdu.mine.bz\/index.php?rest_route=%2Fwp%2Fv2%2Fcategories&post=3018"},{"taxonomy":"post_tag","embeddable":true,"href":"https:\/\/bassdu.mine.bz\/index.php?rest_route=%2Fwp%2Fv2%2Ftags&post=3018"}],"curies":[{"name":"wp","href":"https:\/\/api.w.org\/{rel}","templated":true}]}}