{"id":3021,"date":"2013-06-05T21:52:06","date_gmt":"2013-06-05T20:52:06","guid":{"rendered":"http:\/\/bassdu.mine.nu\/?p=3021"},"modified":"2013-06-06T20:28:46","modified_gmt":"2013-06-06T19:28:46","slug":"new-world-order-sau-new-world-order","status":"publish","type":"post","link":"https:\/\/bassdu.mine.bz\/?p=3021","title":{"rendered":"New &#8230; World Order, sau New World&#8230; Order ?"},"content":{"rendered":"<p><span style=\"color: #000000;\"><strong>Se vorbe\u015fte \u015fi se scrie despre NWO peste tot<\/strong><\/span> !<br \/>\nObama ar dori a\u015fa ceva, ca \u015fi Papa, ca \u015fi Barroso, ca \u015fi Ban Ki-moon, etc.<br \/>\n<span style=\"color: #800000;\">\u00cen principiu, \u015fi <strong>Mi\u015fcarea Dacia<\/strong> dore\u015fte O NOU\u0102 ORDINE MONDIAL\u0102, al\u0103turi de multe MI\u015eC\u0102RI ANTI-SISTEM din toat\u0103 Lumea<\/span>.<br \/>\n<span style=\"color: #000080;\"><strong>O prim\u0103 concluzie, ar fi c\u0103 p\u00e2n\u0103 \u015fi reprezentan\u0163ii <\/strong><\/span><span style=\"color: #000080;\"><strong>de v\u00e2rf , recunosc FALIMENTUL SISTEMULUI ACTUAL !<\/strong><\/span>?<br \/>\nIat\u0103 un prim \u201esemnal \u00eencurajator\u201d pentru cei c\u0103rora LE E TEAM\u0102 de a se angaja pe strada unei NOI PARADIGME SOCIO-ECONOMICE , a\u015fa cum propune Mi\u015fcarea Dacia !<br \/>\nR\u0102M\u00c2NE O PROBLEM\u0102 :<br \/>\nP\u0103i dac\u0103 cei enumera\u0163i vor cu adev\u0103rat a\u015fa ceva, DE CE NU O FAC ?&#8230; DE CE FAC PE DOS ?<br \/>\nS\u0103 fie vorba de un PROCES VIITOR, sau numai de o &#8230; \u201eABUREAL\u0102\u201d ?<br \/>\nUn lucru e sigur : EXIST\u0102 DOU\u0102 STRUCTURI ce proiecteaz\u0103 NWO !&#8230; eu cred c\u0103 cei men\u0163iona\u0163i \u201eau auzit ceva, dar nu au priceput\u201d&#8230; c\u0103 vorba aia : \u201esurdul nu aude, dar le potrive\u015fte !\u201d<br \/>\nEu cred c\u0103 \u201estructura\u201d ce \u201elucreaz\u0103\u201d pentru o ADEV\u0102RAT\u0102 NOU\u0102 ORDINE MONDIAL\u0102, se folose\u015fte de vocile lor, pentru a-i&#8230; DELEGITIMA !<br \/>\n&#8230; p\u0103i cum s\u0103 vorbe\u015fti tu de NWO \u015fi s\u0103 practici \u201eexportul de democra\u0163ie cu ajutorul armelor\u201d ?<br \/>\n&#8230; p\u0103i cum s\u0103 spui tu Papa, c\u0103 BANUL E OCHIUL DRACULUI \u015fi s\u0103 nu desfiin\u0163ezi Banca Vatican\u0103 ?<br \/>\n&#8230; p\u0103i cum s\u0103 pledezi tu pentru NWO \u015fi s\u0103 fi un delincvent comun ?<br \/>\n&#8230; p\u0103i cum s\u0103 pledezi tu pentru NWO \u015fi s\u0103 vrei o popula\u0163ie mondial\u0103 de doar 500 de milioane, c\u00e2nd P\u0103m\u00e2ntul \u0163ine azi de 14 ori mai mult ?&#8230; ce faci cu \u201erestul\u201d ?<br \/>\n&#8230; p\u0103i cum s\u0103 pledezi tu pentru NWO \u015fi s\u0103 s\u0103 nu pricepi c\u0103 \u201eP\u0103m\u00e2ntul trebuie l\u0103sat s\u0103 respire\u201d !&#8230; c\u0103 l-am sufocat cu FUTILIT\u0102\u0162ILE noastre !?<br \/>\n&#8230; \u015fi a\u015f putea s\u0103 continui, dar v\u0103 invit s\u0103 citi\u0163i materialele noastre pentru a avea o \u201eimagine aproape complet\u0103\u201d !<\/p>\n<p>Se pomenesc pe toate p\u0103r\u0163ile bilderbergii, trilaterala, cefereul (nu \u0103la de privatizat !), clubangii de la Roma, etc., ca fiind \u201eochiul diavolului\u201d \u015fi nu am \u00eendoieli c\u0103 e a\u015fa, at\u00e2ta timp c\u00e2t sus\u0163in ACTUALA PARADIGM\u0102 SOCIO-ECONOMIC\u0102 !&#8230; dar trebuie s\u0103 se priceap\u0103, c\u0103 ei nu fac altceva dec\u00e2t au f\u0103cut ELITELE MONDIALE de mii de ani !<br \/>\nSunt exponen\u0163ii unei FOR\u0162E care \u201emi\u015fc\u0103\u201d Lumea !&#8230; dar ca orice FOR\u0162\u0102 DE AC\u0162IUNE, e simultan\u0103 unei FOR\u0162E DE REAC\u0162IUNE \u201eegal\u0103 \u015fi de sens contrar\u201d conform LEGILOR NATURALE, pe care nici m\u0103car bilderbergii nu le pot schimba !&#8230; cu c\u00e2t prima for\u0163\u0103 se manifest\u0103 mai puternic, cu at\u00e2t \u201ereac\u0163iunea\u201d va fi mai puternic\u0103 !<br \/>\nOmenirea se afl\u0103 de la \u00eenceputuri \u00eentr-o DEVENIRE-EVOLU\u0162IE continu\u0103 \u015fi se pare c\u0103 suntem \u00een proximitatea unor EVENIMENTE EPOCALE, \u00een urma c\u0103rora NIMIC DIN CEEA CE P\u00c2N\u0102 AZI NI S-A P\u0102RUT CA FIIND NORMAL, nu va mai fi a\u015fa !!!<br \/>\n<span style=\"color: #000000;\"><strong>Gravitatea \u201eefectelor secundare ale actualei paradigme\u201d sunt at\u00e2t de evidente, c\u0103 nu exist\u0103 ALTERNATIV\u0102<\/strong><\/span> !<br \/>\nDeci \u00een loc s\u0103 ne v\u0103ic\u0103rim ca babele \u015fi s\u0103 pierdem timp f\u0103c\u00e2nd publicitate bilderbergilor&amp;co , mai bine haide\u0163i s\u0103 ne imagin\u0103m o ALT\u0102 LUME \u015fi atunci vom avea desigur o NOU\u0102 ORDINE MONDIAL\u0102, deoarece CREIERUL GLOBAL exist\u0103 \u015fi cur\u00e2nd se va manifesta !<br \/>\n<span style=\"color: #000000;\"><strong>Nu va fi un CAP\u0102T DE DRUM, ci doar o ETAP\u0102 pe calea DEVENIRII noastre !&#8230; dar va fi un important SALT CALITATIV<\/strong> <\/span>!<\/p>\n","protected":false},"excerpt":{"rendered":"<p>Se vorbe\u015fte \u015fi se scrie despre NWO peste tot ! Obama ar dori a\u015fa ceva, ca \u015fi Papa, ca \u015fi Barroso, ca \u015fi Ban Ki-moon, etc. \u00cen principiu, \u015fi Mi\u015fcarea Dacia dore\u015fte O NOU\u0102 ORDINE MONDIAL\u0102, al\u0103turi de multe MI\u015eC\u0102RI ANTI-SISTEM din toat\u0103 Lumea. O prim\u0103 concluzie, ar fi c\u0103 p\u00e2n\u0103 \u015fi reprezentan\u0163ii de v\u00e2rf [&hellip;]<\/p>\n","protected":false},"author":2,"featured_media":0,"comment_status":"open","ping_status":"open","sticky":false,"template":"","format":"standard","meta":{"footnotes":""},"categories":[73],"tags":[1200,1201,1196,1198,1199,1168,210,623,1202,622,103,1197,598],"jetpack_featured_media_url":"","_links":{"self":[{"href":"https:\/\/bassdu.mine.bz\/index.php?rest_route=\/wp\/v2\/posts\/3021"}],"collection":[{"href":"https:\/\/bassdu.mine.bz\/index.php?rest_route=\/wp\/v2\/posts"}],"about":[{"href":"https:\/\/bassdu.mine.bz\/index.php?rest_route=\/wp\/v2\/types\/post"}],"author":[{"embeddable":true,"href":"https:\/\/bassdu.mine.bz\/index.php?rest_route=\/wp\/v2\/users\/2"}],"replies":[{"embeddable":true,"href":"https:\/\/bassdu.mine.bz\/index.php?rest_route=%2Fwp%2Fv2%2Fcomments&post=3021"}],"version-history":[{"count":5,"href":"https:\/\/bassdu.mine.bz\/index.php?rest_route=\/wp\/v2\/posts\/3021\/revisions"}],"predecessor-version":[{"id":3023,"href":"https:\/\/bassdu.mine.bz\/index.php?rest_route=\/wp\/v2\/posts\/3021\/revisions\/3023"}],"wp:attachment":[{"href":"https:\/\/bassdu.mine.bz\/index.php?rest_route=%2Fwp%2Fv2%2Fmedia&parent=3021"}],"wp:term":[{"taxonomy":"category","embeddable":true,"href":"https:\/\/bassdu.mine.bz\/index.php?rest_route=%2Fwp%2Fv2%2Fcategories&post=3021"},{"taxonomy":"post_tag","embeddable":true,"href":"https:\/\/bassdu.mine.bz\/index.php?rest_route=%2Fwp%2Fv2%2Ftags&post=3021"}],"curies":[{"name":"wp","href":"https:\/\/api.w.org\/{rel}","templated":true}]}}