{"id":3034,"date":"2013-06-13T21:40:25","date_gmt":"2013-06-13T20:40:25","guid":{"rendered":"http:\/\/bassdu.mine.nu\/?p=3034"},"modified":"2013-06-13T21:40:25","modified_gmt":"2013-06-13T20:40:25","slug":"23-de-ani-de-la-mineriada","status":"publish","type":"post","link":"https:\/\/bassdu.mine.bz\/?p=3034","title":{"rendered":"23 de ani de la MINERIAD\u0102"},"content":{"rendered":"<p>Se \u00eemplinesc 23 de ani de la MINERIAD\u0102 !&#8230; o LOVITUR\u0102 DE STAT orchestrat\u0103 de MOSCOVA prin OAMENII S\u0102I, poate cu asentimentul OCCIDENTULUI, care nu a catadicsit s\u0103 rup\u0103 Tratatul de la Ialta, a\u015fa cum azi nu catadicse\u015fte s\u0103 anuleze consecin\u0163ele PACTULUI RIBBENTROP-MOLOTOV !? Este evident c\u0103 SUNTEM SINGURI ca \u00eentotdeauna \u00een fa\u0163a POFTELOR IMPERIALISTE \u015fi tocmai de aceea trebuie s\u0103 fim VIGILEN\u0162I !&#8230; orice \u201epas gre\u015fit\u201d ne poate costa mult, mai ales dac\u0103 ne lu\u0103m dup\u0103 EXTREMI\u015eTI IGNORAN\u0162I ! Treptat , treptat, profit\u00e2nd de CRIZA SISTEMULUI, putem s\u0103 ne dob\u00e2ndim un STATUT pe care nu-l mai avem de la DECEBAL \u00eencoace !&#8230; dar pentru asta e nevoie de INTELIGEN\u0162\u0102, ci nu de HEIRUPISM ! \u015ei mai e nevoie S\u0102 NU UIT\u0102M !&#8230; iat\u0103 de ce oameni care au mari RESPONSABILIT\u0102\u0162I \u00eencep\u00e2nd cu 1989, trebuiesc DEMASCA\u0162I !&#8230; cursul implementat de ei este pe cale de PR\u0102BU\u015eIRE, cu toate consecin\u0163ele ce deriv\u0103 !<br \/>\nNoi trebuie s\u0103 fim preg\u0103ti\u0163i s\u0103 umplem GOLUL DE PUTERE \u015fi mai ales VIDUL IDEOLOGIC ce rezult\u0103 din COMPROMITEREA VECHII PARADIGME SOCIO-ECONOMICE ! Va fi o LUPT\u0102 LUNG\u0102, pe durata a zeci de ani, dar va fi o LUPT\u0102 PA\u015eNIC\u0102, dac\u0103 se poate spune a\u015fa !?<br \/>\n&#8230; deci, NU VIOLEN\u0162EI DE ORICE FEL, nici m\u0103car \u00eempotriva celor ce \u201eau gre\u015fit\u201d, c\u0103rora suntem dispu\u015fi s\u0103 le iert\u0103m p\u0103catele, ca buni cre\u015ftini ce ne credem !<br \/>\nDar ATEN\u0162IE, c\u0103 ceea ce vrem noi se mai traduce \u015fi prin DICTATURA BUNULUI SIM\u0162, cea ce \u00eenseamn\u0103 c\u0103 NESIM\u0162I\u0162ILOR \u201ele vom pune pielea pe b\u0103\u0163\u201d (\u00een sens metaforic), c\u0103 prea \u00eel evoc\u0103 rom\u00e2nii pe \u0162EPE\u015e !<br \/>\nUrm\u0103ri\u0163i cu aten\u0163ie tot ce se reg\u0103se\u015fte \u00een materialul urm\u0103tor, re\u0163in\u00e2nd ideea c\u0103 A\u015eA CEVA NU TREBUIE S\u0102 SE MAI \u00ceNT\u00c2MPLE, deoarece am avut de-a face cu un adev\u0103rat R\u0102ZBOI \u00ceMPOTRIVA PROPRIULUI POPOR \u015fi mai ales, \u00eempotriva ELITEI acestui popor oropsit !<br \/>\nCineva ar putea s\u0103-mi repro\u015feze c\u0103 acea ELIT\u0102 ar fi implementat ceva, ce azi eu personal consider MORT : CAPITALISMUL !?<br \/>\nDA, dar am fi priceput mai repede care este REALITATEA, f\u0103r\u0103 s\u0103 pierdem RESURSELE UMANE \u015eI MATERIALE, a\u015fa cum au f\u0103cut cei ce strigau \u00een gura mare : NOI NU NE VINDEM \u0162ARA !<br \/>\nEste adev\u0103rat c\u0103 nu au v\u00e2ndut \u0162ARA, ci &#8230; AU DAT-O GRATIS !?<br \/>\nOdat\u0103 cu \u201eeliberarea\u201d Pie\u0163ei Universit\u0103\u0163ii, ADEV\u0102RATA ELITA a fost \u00eenlocuit\u0103 de cei\u00a0 care promovau o alt\u0103 lozinc\u0103 : NOI NU G\u00c2NDIM, NOI MUNCIM ! &#8230; \u015fi care instigau la VIOLEN\u0162\u0102 muncitorimea cu \u201eIMGB&#8230;FACE ORDINE !\u201d &#8230; \u015fi care mul\u0163umeau MINERILOR, victime ale unei MANIPUL\u0102RI ORDINARE, pentru a fi reinstaurat \u201eordinea\u201d \u00een Capital\u0103 !?<br \/>\nAm fi putut avea \u015fi noi o REVOLU\u0162IE DE CATIFEA, dar cineva care nu ne iubea, a vrut s\u0103 curg\u0103 s\u00e2nge !?<\/p>\n<p><a href=\"http:\/\/www.evz.ro\/detalii\/stiri\/23-de-ani-de-la-mineriada-din-13-15-iunie-1990-1042244.html\">http:\/\/www.evz.ro\/detalii\/stiri\/23-de-ani-de-la-mineriada-din-13-15-iunie-1990-1042244.html<\/a><\/p>\n","protected":false},"excerpt":{"rendered":"<p>Se \u00eemplinesc 23 de ani de la MINERIAD\u0102 !&#8230; o LOVITUR\u0102 DE STAT orchestrat\u0103 de MOSCOVA prin OAMENII S\u0102I, poate cu asentimentul OCCIDENTULUI, care nu a catadicsit s\u0103 rup\u0103 Tratatul de la Ialta, a\u015fa cum azi nu catadicse\u015fte s\u0103 anuleze consecin\u0163ele PACTULUI RIBBENTROP-MOLOTOV !? Este evident c\u0103 SUNTEM SINGURI ca \u00eentotdeauna \u00een fa\u0163a POFTELOR IMPERIALISTE [&hellip;]<\/p>\n","protected":false},"author":2,"featured_media":0,"comment_status":"open","ping_status":"open","sticky":false,"template":"","format":"standard","meta":{"footnotes":""},"categories":[73],"tags":[572,454,1168,1208,1212,1211,1207,1213,1202,1105,1209,1210],"jetpack_featured_media_url":"","_links":{"self":[{"href":"https:\/\/bassdu.mine.bz\/index.php?rest_route=\/wp\/v2\/posts\/3034"}],"collection":[{"href":"https:\/\/bassdu.mine.bz\/index.php?rest_route=\/wp\/v2\/posts"}],"about":[{"href":"https:\/\/bassdu.mine.bz\/index.php?rest_route=\/wp\/v2\/types\/post"}],"author":[{"embeddable":true,"href":"https:\/\/bassdu.mine.bz\/index.php?rest_route=\/wp\/v2\/users\/2"}],"replies":[{"embeddable":true,"href":"https:\/\/bassdu.mine.bz\/index.php?rest_route=%2Fwp%2Fv2%2Fcomments&post=3034"}],"version-history":[{"count":1,"href":"https:\/\/bassdu.mine.bz\/index.php?rest_route=\/wp\/v2\/posts\/3034\/revisions"}],"predecessor-version":[{"id":3035,"href":"https:\/\/bassdu.mine.bz\/index.php?rest_route=\/wp\/v2\/posts\/3034\/revisions\/3035"}],"wp:attachment":[{"href":"https:\/\/bassdu.mine.bz\/index.php?rest_route=%2Fwp%2Fv2%2Fmedia&parent=3034"}],"wp:term":[{"taxonomy":"category","embeddable":true,"href":"https:\/\/bassdu.mine.bz\/index.php?rest_route=%2Fwp%2Fv2%2Fcategories&post=3034"},{"taxonomy":"post_tag","embeddable":true,"href":"https:\/\/bassdu.mine.bz\/index.php?rest_route=%2Fwp%2Fv2%2Ftags&post=3034"}],"curies":[{"name":"wp","href":"https:\/\/api.w.org\/{rel}","templated":true}]}}