{"id":3060,"date":"2013-07-14T09:34:44","date_gmt":"2013-07-14T08:34:44","guid":{"rendered":"http:\/\/bassdu.mine.nu\/?p=3060"},"modified":"2013-07-14T09:34:44","modified_gmt":"2013-07-14T08:34:44","slug":"din-nou-despre-basarabia","status":"publish","type":"post","link":"https:\/\/bassdu.mine.bz\/?p=3060","title":{"rendered":"Din nou despre &#8230; Basarabia"},"content":{"rendered":"<p>Asist\u0103m \u00een ultimul timp la multiplicarea ac\u0163iunilor PRO-UNIRE \u015fi asta ne bucur\u0103 !<br \/>\nMai este mult de f\u0103cut \u00eens\u0103 pentru ca aceasta s\u0103 nu fie \u201efor\u0163at\u0103\u201d, adic\u0103 cl\u0103dit\u0103 pe o BAZ\u0102 DEBIL\u0102.<br \/>\nMajoritatea \u201emoldovanilor\u201d este \u00eenc\u0103 substan\u0163ial\u0103 \u015fi sus\u0163inut\u0103 vehement de imperialismul rusesc, colorat \u00eenc\u0103 \u00een ro\u015fu \u00een st\u00e2nga Prutului !?<br \/>\n\u00cen mod paradoxal, \u201enostalgia comunistoid\u0103\u201d este un as \u00een m\u00e2na mancur\u0163ilor, de vreme ce \u015fi \u00een Rom\u00e2nia este un fenomen \u00een cre\u015ftere, datorat NEMUL\u0162UMIRII fa\u0163\u0103 de \u201ebinefacerile\u201d noii-or\u00e2nduiri-vechi.<br \/>\n\u201eMi\u015fcarea Dacia\u201d a sesizat acest pericol \u015fi face apel la to\u0163i cei implica\u0163i \u00een ac\u0163iunile pro-unire, s\u0103 nu-\u015fi axeze strategia pe baze IDEOLOGICE, ci pe baze SPIRITUALE.<br \/>\n\u00cen acest sens, trebuie l\u0103sat\u0103 \u201epoarta deschis\u0103\u201d \u015fi actualilor \u201erefractari\u201d, punct\u00e2ndu-se pe EDUCA\u0162IA CULTURAL\u0102 \u015eI ISTORIC\u0102.<br \/>\nNu este u\u015for de demolat o EDUCA\u0162IE SOVIETIC\u0102 \u00een doi timpi \u015fi trei mi\u015fc\u0103ri !!!<br \/>\nDIVULGAREA adev\u0103ratei istorii \u015fi a leg\u0103turii culturale indisolubile, trebuie s\u0103 fie principalele \u201earme\u201d \u00een m\u00e2na unioni\u015ftilor !<br \/>\n\u201eMOLDOVANILOR\u201d nu trebuie s\u0103 le propunem \u201escenarii vechi\u201d arhiviate deja de Istorie, iar noi de la Mi\u015fcarea Dacia, suntem de p\u0103rere c\u0103 nu trebuie s\u0103 le propunem nici \u201escenarii actuale\u201d din Rom\u00e2nia, ci o NOU\u0102 PARADIGM\u0102 SOCIO-ECONOMIC\u0102.<br \/>\n\u00cen mod sigur, ceea ce proiect\u0103m noi poate schimba atitudinea \u201erefractarilor\u201d fa\u0163\u0103 de Patria Mam\u0103 !!!<br \/>\n\u00cen\u015fi\u015fi ru\u015fii au recunoscut de cur\u00e2nd, c\u0103 IMPULSUL CULTURAL al Rom\u00e2niei, a fost mai eficient dec\u00e2t cel MILITAR-POLITIC al lor !!! &#8230; au \u00eenceput s\u0103 se \u00eempace cu soarta \u015fi caut\u0103 alte forme de men\u0163inere a influen\u0163ei strategice \u00een zon\u0103.<br \/>\n<iframe loading=\"lazy\" src=\"\/\/www.youtube.com\/embed\/hEcy-pSMiqI\" height=\"360\" width=\"640\" allowfullscreen=\"\" frameborder=\"0\"><\/iframe><br \/>\nAcest IMPULS CULTURAL, se manifest\u0103 deja prin EDUCA\u0162IE \u015eCOLAR\u0102-UNIVERSITAR\u0102, dar \u015fi prin SPRIJIN ECONOMIC, pentru a desprinde Basarabia din DEPENDEN\u0162A de Rusia, mai ales \u00een ceea ce prive\u015fte RESURSELE.<br \/>\nAsist\u0103m \u00een ultimul timp \u015fi la o implicare mai important\u0103 a UE \u00een zon\u0103, ceea ce este o noutate. Suntem de acord c\u0103 o aderare a Republicii Moldova la Uniunea European\u0103, ar gr\u0103bi procesul de unificare. Treaba asta este perceput\u0103 \u015fi de Moscova, care prin vocea lui Dughin a oferit Basarabia Rom\u00e2niei, cu condi\u0163ia ader\u0103rii la Comunitatea Economic\u0103 Euroasiatic\u0103. Mul\u0163i s-au revoltat la acest\u0103 \u201eofert\u0103\u201d, dar eu cred c\u0103 trebuie analizat\u0103 \u015fi g\u0103sit\u0103 o \u201esolu\u0163ie de compromis\u201d, dac\u0103 e posibil\u0103 o \u201easociere\u201d, care s\u0103 nu \u00eensemne p\u0103r\u0103sirea UE. Trebuie remarcat c\u0103 UE este \u00een momentul actual prad\u0103 unor \u201emi\u015fc\u0103ri centrifuge de disolu\u0163ie\u201d, datorat \u201esudului\u201d (Italia, Spania, Cipru, Grecia, Portugalia, Slovenia), a\u015fa c\u0103 trebuiesc considerate \u015fi alte STRATEGII GEOPOLITICE .<br \/>\nMul\u0163i vor s\u0103ri ca ar\u015fi, dar noi \u015ftim c\u0103 de nic\u0103ieri nu sper\u0103m la \u201eajutoare dezinteresate\u201d, ba din contr\u0103, ru\u015fii fiind \u00een opinia mea \u00een aceea\u015fi oal\u0103 cu occidentalii. Dac\u0103 ace\u015ftia vor \u201egaran\u0163ii\u201d, trebuiesc luate \u00een considera\u0163ie ! \u201eStrategia Tensiunii\u201d nu este indicat\u0103 nici pe termen scurt \u015fi nici pe termen lung fa\u0163\u0103 de Rusia, dar nici fa\u0163\u0103 de alte Puteri ! Noi suntem \u201ela mijloc\u201d \u015fi nu putem s\u0103 rupem echilibrul strategic la care al\u0163ii nu sunt expu\u015fi precum noi !<br \/>\nNOUA PARADIGM\u0102 SOCIO-ECONOMIC\u0102 odat\u0103 implementat\u0103 \u00een Rom\u00e2nia, \u00een Europa \u015fi \u00een Lume, va elimina Strategia Tensiunii, iar noi suntem singurii care o contempl\u0103m ! Mul\u0163i sunt increduli fa\u0163\u0103 de aceast\u0103 perspectiv\u0103, dar noi suntem o ramur\u0103 rom\u00e2neasc\u0103, \u00eentr-o re\u0163ea ce se l\u0103rge\u015fte pe zi ce trece, \u00een condi\u0163iile ANACRONISMULUI ACTUALEI PARADIGME !<\/p>\n","protected":false},"excerpt":{"rendered":"<p>Asist\u0103m \u00een ultimul timp la multiplicarea ac\u0163iunilor PRO-UNIRE \u015fi asta ne bucur\u0103 ! Mai este mult de f\u0103cut \u00eens\u0103 pentru ca aceasta s\u0103 nu fie \u201efor\u0163at\u0103\u201d, adic\u0103 cl\u0103dit\u0103 pe o BAZ\u0102 DEBIL\u0102. Majoritatea \u201emoldovanilor\u201d este \u00eenc\u0103 substan\u0163ial\u0103 \u015fi sus\u0163inut\u0103 vehement de imperialismul rusesc, colorat \u00eenc\u0103 \u00een ro\u015fu \u00een st\u00e2nga Prutului !? \u00cen mod paradoxal, \u201enostalgia [&hellip;]<\/p>\n","protected":false},"author":2,"featured_media":0,"comment_status":"open","ping_status":"open","sticky":false,"template":"","format":"standard","meta":{"footnotes":""},"categories":[73],"tags":[460,1224,1225,1212,210,698,41,1226,52,47],"jetpack_featured_media_url":"","_links":{"self":[{"href":"https:\/\/bassdu.mine.bz\/index.php?rest_route=\/wp\/v2\/posts\/3060"}],"collection":[{"href":"https:\/\/bassdu.mine.bz\/index.php?rest_route=\/wp\/v2\/posts"}],"about":[{"href":"https:\/\/bassdu.mine.bz\/index.php?rest_route=\/wp\/v2\/types\/post"}],"author":[{"embeddable":true,"href":"https:\/\/bassdu.mine.bz\/index.php?rest_route=\/wp\/v2\/users\/2"}],"replies":[{"embeddable":true,"href":"https:\/\/bassdu.mine.bz\/index.php?rest_route=%2Fwp%2Fv2%2Fcomments&post=3060"}],"version-history":[{"count":1,"href":"https:\/\/bassdu.mine.bz\/index.php?rest_route=\/wp\/v2\/posts\/3060\/revisions"}],"predecessor-version":[{"id":3061,"href":"https:\/\/bassdu.mine.bz\/index.php?rest_route=\/wp\/v2\/posts\/3060\/revisions\/3061"}],"wp:attachment":[{"href":"https:\/\/bassdu.mine.bz\/index.php?rest_route=%2Fwp%2Fv2%2Fmedia&parent=3060"}],"wp:term":[{"taxonomy":"category","embeddable":true,"href":"https:\/\/bassdu.mine.bz\/index.php?rest_route=%2Fwp%2Fv2%2Fcategories&post=3060"},{"taxonomy":"post_tag","embeddable":true,"href":"https:\/\/bassdu.mine.bz\/index.php?rest_route=%2Fwp%2Fv2%2Ftags&post=3060"}],"curies":[{"name":"wp","href":"https:\/\/api.w.org\/{rel}","templated":true}]}}