{"id":3131,"date":"2013-09-08T13:19:39","date_gmt":"2013-09-08T12:19:39","guid":{"rendered":"http:\/\/bassdu.mine.nu\/?p=3131"},"modified":"2013-09-08T14:03:21","modified_gmt":"2013-09-08T13:03:21","slug":"miscarea-dacia-la-congresul-international-de-dacologie-buzau-si-chisinau-16-21-august-2013-3","status":"publish","type":"post","link":"https:\/\/bassdu.mine.bz\/?p=3131","title":{"rendered":"\u201eMi\u015fcarea Dacia\u201d la Congresul Interna\u0163ional de Dacologie \u2013 Buz\u0103u \u015fi Chi\u015fin\u0103u \u2013 16-21 August 2013 (3)"},"content":{"rendered":"<p>\u00cen ziua de 17 \u015fi \u00een diminea\u0163a zilei de 18 August, s-au desf\u0103\u015furat lucr\u0103rile propriu-zise al Congresului de Dacologie, astfel :<br \/>\n\u00cen diminea\u0163a zilei de 17 s-au prezentat \u00een plen \u00een Sala de Conferin\u0163e a Consiliului Jude\u0163ean, 19 materiale, printre care \u015fi cel personal , intitulat \u201eDACIZAREA\u201d, bazat pe materialul deja publicat pe blogul personal \u015fi pe Perete la grupul Facebook \u201eMi\u015fcarea Virtual\u0103 Dacia\u201d, intitulat \u201eCE VOIA S\u0102 SPUN\u0102 EMINESCU PRIN DACIZAREA ROM\u00c2NIEI ?\u201d. Timpul scurt acordat datorit\u0103 multitudinii de materiale propuse, m-a determinat s\u0103-mi axez expunerea pe \u201eparticularit\u0103\u0163ile Mi\u015fc\u0103rii Dacia\u201d, urm\u00e2nd ca cei interesa\u0163i s\u0103 aprofundeze, citind articolul complet \u00een Revista \u201eDacia Magazin\u201d, distribuit\u0103 participan\u0163ilor.<br \/>\n\u00cen holul S\u0103lii de Conferin\u0163e, erau prezente standuri de carte, artizanat \u015fi unul de la ASOCIA\u0162IA GETO-DACII, care s-au folosit de ocazie, s\u0103 mai v\u00e2nd\u0103 c\u00e2te ceva legat de DACISM.<br \/>\nNu am \u00een\u0163eles \u00eens\u0103, de ce oare nu au fost prezen\u0163i \u015fi liderii asocia\u0163iei, mai ales c\u0103 datoreaz\u0103 succesul primului film, tocmai organizatorilor acestui Congres, care se ocup\u0103 de DACISM, din &#8230; secolul trecut\u00a0 !?!?<br \/>\nO fi un nou mod de a mul\u0163umi ??? &#8230; sau o modalitate original\u0103 de a realiza UNIREA DACOLOGILOR ???<br \/>\nTot paradoxal\u0103 mi se pare \u015fi ATITUDINEA POLITIC\u0102 ce o au \u00een ultimul timp liderii asocia\u0163iei, care \u00een diversele ocazii documentate, \u00een care i-am invitat s\u0103 se implice \u00een Mi\u015fcarea Dacia cu propriile IDEI, au declarat c\u0103&#8230; NU FAC POLITIC\u0102 !?!?&#8230; ba unul a declarat chiar,\u00a0 c\u0103 am avea IDEI EXTREMISTE !?&#8230; la cererea mea de a explica ce a g\u0103sit EXTREMIST, nu a r\u0103spuns nici p\u00e2n\u0103 azi !?&#8230; \u00een schimb, s-a afi\u015fat cu un tricolor la o manifesta\u0163ie secuiasc\u0103, chestie pe care Mi\u015fcarea Dacia nu o are \u00eentre PRINCIPII \u015fi OBIECTIVE !?<br \/>\n\u00cencep s\u0103 am unele CERTITUDINI !<br \/>\nCert este c\u0103 \u201esunt daci \u015fi daci\u201d : unii se ocup\u0103 de dacism din pasiune, GRATIS, ba chiar \u201epun\u00e2nd de la ei\u201d, iar cei mai mul\u0163i &#8230; \u00ceN SCOP DE LUCRU !&#8230; altfel, un Tricolor cu Dracones, nu ar costa la ei 100 de lei !&#8230; dar noi o s\u0103-i sprijinim \u015fi o s\u0103 urm\u0103rim cu aten\u0163ie lucrarea lor, chiar dac\u0103 acolo sunt \u015fi \u201elucr\u0103turi\u201d ale unor indivizi, pe care-i cunoa\u015ftem bine \u015fi le \u015ftim \u015fi \u201eg\u00e2ndurile ascunse\u201d. Am \u00een\u0163eles c\u0103 vor s\u0103 fac\u0103 \u201es\u0103p\u0103turi\u201d \u015fi chiar \u015fi un Congres de &#8230; Tracologie, \u00een anul \u00een care Napoleon S\u0103vescu, care scria c\u0103 \u201eNu suntem urma\u015fii Romei\u201d \u00eenc\u0103 din secolul trecut,\u00a0organiza al XIV-lea Congres de Dacologie !?&#8230; s\u0103 sper\u0103m c\u0103 Asocia\u0163ia Daco-Ge\u0163ii nu \u201esap\u0103\u201d gropi aiurea, deoarece se cunoa\u015fte zic\u0103toarea rom\u00e2neasc\u0103 : \u201ecine sap\u0103 groapa altuia, poate c\u0103dea \u00een ea !\u201d&#8230; mai ales c\u00e2nd ai dulapul plin de&#8230; \u201ecadavre\u201d !<br \/>\n&#8230; dar s\u0103 revenim la \u201eoile noastre\u201d :<br \/>\nIat\u0103 din nou Discursul meu \u00een plen, de data asta, de pe Canalul youtube al Mi\u015fc\u0103rii Dacia :<\/p>\n<p><iframe loading=\"lazy\" src=\"\/\/www.youtube.com\/embed\/cTgkWiqHAHs?list=UURybeUDwxP-YuCHt63PX4tg\" height=\"360\" width=\"640\" allowfullscreen=\"\" frameborder=\"0\"><\/iframe><\/p>\n<p>Dup\u0103-amiaza, lucr\u0103rile Congresului au continuat pe Sec\u0163iuni, \u00een fiecare prezent\u00e2ndu-se c\u00e2te 16 lucr\u0103ri :<br \/>\n&#8211; Sec\u0163iunea I-a (Sala de Conferin\u0163e a C.J.) : \u00a0 Bogdan Petriceicu Ha\u015fdeu &#8211; \u201ePierit-au dacii ?\u201d<br \/>\n&#8211; Sec\u0163iunea a II-a (Amfiteatru Liceul Pedagogic \u201eSpiru Haret\u201d) : \u00a0 Misterul Tezaurului de la Pietroasele<br \/>\n&#8211; Sec\u0163iunea a III-a A \u015fi B (Laboratorul de Fizic\u0103 \u015fi Sala 42 ale aceluia\u015fi Liceu) : \u00a0 Dacii \u00een con\u015ftiin\u0163a lumii<\/p>\n<p style=\"text-align: center;\">\u00cen sala 42, am expus cel de-al doilea material aprobat : \u201eOIERITUL &#8211; Principala dovad\u0103 a Primordialit\u0103\u0163ii \u015fi Continuit\u0103\u0163ii poporului nostru\u201d, pe baza materialului cu acela\u015fi titlu, de pe blogul personal \u015fi de pe Peretele grupului fb \u201eMi\u015fcarea Virtual\u0103 Dacia\u201d.<\/p>\n<p><a href=\"http:\/\/bassdu.mine.nu\/images\/2013\/09\/IMG_20130817_161127.jpg\"><img loading=\"lazy\" decoding=\"async\" class=\"aligncenter  wp-image-3134\" alt=\"Lucr\u0103rile Congresului de Dacologie pe Sec\u0163iuni\" src=\"http:\/\/bassdu.mine.nu\/images\/2013\/09\/IMG_20130817_161127-1024x768.jpg\" width=\"614\" height=\"461\" srcset=\"https:\/\/bassdu.mine.bz\/images\/2013\/09\/IMG_20130817_161127-1024x768.jpg 1024w, https:\/\/bassdu.mine.bz\/images\/2013\/09\/IMG_20130817_161127-300x225.jpg 300w\" sizes=\"(max-width: 614px) 100vw, 614px\" \/><\/a><\/p>\n<p>A doua zi, pe 18 August, au continuat expunerile pe Sec\u0163iuni, unde au fost prezentate alte 46 de lucr\u0103ri :<br \/>\n&#8211; Sec\u0163iunea I-a (Sala de Conferin\u0163e a C.J.) : \u00a0 \u00a0Bogdan Petriceicu Ha\u015fdeu &#8211; \u201ePierit-au dacii ?\u201d<br \/>\n&#8211; Sec\u0163iunea a III-a A \u015fi B (Amfiteatru \u015fi Sala 42 a Liceului Pedagogic \u201eSpiru Haret\u201d) : \u00a0 \u00a0Dacii \u00een con\u015ftiin\u0163a lumii<\/p>\n<p>\u00cen Sala 42, cel\u0103lalt membru al Mi\u015fc\u0103rii Dacia prezent cu lucr\u0103ri la Congres, ION IUSTIN B\u00ceLI\u015e (\u00een prim-planul fotografiei de mai sus), a prezentat lucrarea : \u201eStudiu comparativ \u00eentre Dacia roman\u0103 \u015fi Basarabia\u201d, demonstr\u00e2nd CONTINUITATEA POPORULUI ROM\u00c2N \u00een dou\u0103 circumstan\u0163e diferite \u00een timp \u015fi spa\u0163iu.<\/p>\n<p>Toate cele trei materiale propuse de noi au suscitat un mare interes, manifestat prin dezbateri ce au continuat \u015fi \u00een restul timpului, cu personalit\u0103\u0163i importante din domeniul istoriei, \u015ftiin\u0163ei, literaturii, filozofiei, sociologiei, economiei, educa\u0163iei, medicinei, de la care am primit am\u00e2ndoi dovezi de simpatie \u015fi apreciere, inclusiv c\u0103r\u0163i autografate scrise de unii dintre ei\u00a0!<br \/>\nLa ora Pr\u00e2nzului, s-au \u00eencheiat lucr\u0103rile Congresului, d-l Napoleon S\u0103vescu av\u00e2nd un Cuv\u00e2nt de \u00cencheiere, \u00een care a tras concluziile \u015fi a trasat perspectivele pentru viitorul Congres de Dacologie.<\/p>\n<p>(va urma)<\/p>\n","protected":false},"excerpt":{"rendered":"<p>\u00cen ziua de 17 \u015fi \u00een diminea\u0163a zilei de 18 August, s-au desf\u0103\u015furat lucr\u0103rile propriu-zise al Congresului de Dacologie, astfel : \u00cen diminea\u0163a zilei de 17 s-au prezentat \u00een plen \u00een Sala de Conferin\u0163e a Consiliului Jude\u0163ean, 19 materiale, printre care \u015fi cel personal , intitulat \u201eDACIZAREA\u201d, bazat pe materialul deja publicat pe blogul personal [&hellip;]<\/p>\n","protected":false},"author":2,"featured_media":0,"comment_status":"open","ping_status":"open","sticky":false,"template":"","format":"standard","meta":{"footnotes":""},"categories":[3],"tags":[1254,1255,1250,1253,1582,1251,210,1174,1252,104],"jetpack_featured_media_url":"","_links":{"self":[{"href":"https:\/\/bassdu.mine.bz\/index.php?rest_route=\/wp\/v2\/posts\/3131"}],"collection":[{"href":"https:\/\/bassdu.mine.bz\/index.php?rest_route=\/wp\/v2\/posts"}],"about":[{"href":"https:\/\/bassdu.mine.bz\/index.php?rest_route=\/wp\/v2\/types\/post"}],"author":[{"embeddable":true,"href":"https:\/\/bassdu.mine.bz\/index.php?rest_route=\/wp\/v2\/users\/2"}],"replies":[{"embeddable":true,"href":"https:\/\/bassdu.mine.bz\/index.php?rest_route=%2Fwp%2Fv2%2Fcomments&post=3131"}],"version-history":[{"count":5,"href":"https:\/\/bassdu.mine.bz\/index.php?rest_route=\/wp\/v2\/posts\/3131\/revisions"}],"predecessor-version":[{"id":3137,"href":"https:\/\/bassdu.mine.bz\/index.php?rest_route=\/wp\/v2\/posts\/3131\/revisions\/3137"}],"wp:attachment":[{"href":"https:\/\/bassdu.mine.bz\/index.php?rest_route=%2Fwp%2Fv2%2Fmedia&parent=3131"}],"wp:term":[{"taxonomy":"category","embeddable":true,"href":"https:\/\/bassdu.mine.bz\/index.php?rest_route=%2Fwp%2Fv2%2Fcategories&post=3131"},{"taxonomy":"post_tag","embeddable":true,"href":"https:\/\/bassdu.mine.bz\/index.php?rest_route=%2Fwp%2Fv2%2Ftags&post=3131"}],"curies":[{"name":"wp","href":"https:\/\/api.w.org\/{rel}","templated":true}]}}