{"id":3138,"date":"2013-09-08T16:10:58","date_gmt":"2013-09-08T15:10:58","guid":{"rendered":"http:\/\/bassdu.mine.nu\/?p=3138"},"modified":"2013-09-08T16:54:19","modified_gmt":"2013-09-08T15:54:19","slug":"miscarea-dacia-la-congresul-international-de-dacologie-buzau-2013-4","status":"publish","type":"post","link":"https:\/\/bassdu.mine.bz\/?p=3138","title":{"rendered":"\u201eMi\u015fcarea Dacia\u201d la Congresul Interna\u0163ional de Dacologie \u2013 Buz\u0103u \u015fi Chi\u015fin\u0103u \u2013 16-21 August 2013 (4)"},"content":{"rendered":"<p>Dup\u0103 \u00cenchiderea Festiv\u0103 a Congresului de Dacologie, \u00een dup\u0103-amiaza zilei de 18 August, autocarele au purtat participan\u0163ii la locul descoperirii TEZAURULUI DE LA PIETROASELE, unde am avut parte de o expunere foarte competent\u0103 din partea istoricilor \u015fi arheologilor buzoieni, asupra \u00eemprejur\u0103rilor descoperirii, dar \u015fi asupra conjuncturilor timpurilor respective !<\/p>\n<p><a href=\"http:\/\/bassdu.mine.nu\/images\/2013\/09\/IMG_20130818_164955.jpg\"><img loading=\"lazy\" decoding=\"async\" class=\"aligncenter  wp-image-3139\" alt=\"IMG_20130818_164955\" src=\"http:\/\/bassdu.mine.nu\/images\/2013\/09\/IMG_20130818_164955-1024x768.jpg\" width=\"614\" height=\"461\" srcset=\"https:\/\/bassdu.mine.bz\/images\/2013\/09\/IMG_20130818_164955-1024x768.jpg 1024w, https:\/\/bassdu.mine.bz\/images\/2013\/09\/IMG_20130818_164955-300x225.jpg 300w\" sizes=\"(max-width: 614px) 100vw, 614px\" \/><\/a><\/p>\n<p><a href=\"http:\/\/bassdu.mine.nu\/images\/2013\/09\/IMG_20130818_170936.jpg\"><img loading=\"lazy\" decoding=\"async\" class=\"aligncenter  wp-image-3140\" alt=\"IMG_20130818_170936\" src=\"http:\/\/bassdu.mine.nu\/images\/2013\/09\/IMG_20130818_170936-1024x768.jpg\" width=\"614\" height=\"461\" srcset=\"https:\/\/bassdu.mine.bz\/images\/2013\/09\/IMG_20130818_170936-1024x768.jpg 1024w, https:\/\/bassdu.mine.bz\/images\/2013\/09\/IMG_20130818_170936-300x225.jpg 300w\" sizes=\"(max-width: 614px) 100vw, 614px\" \/><\/a><br \/>\nDe la locul descoperirii Tezaurului, care corespunde \u015fi unei vechi a\u015fez\u0103ri dacice \u00een curs de valorificare arheologic\u0103, am continuat drumul p\u00e2n\u0103 la BISERICA DINTR-O PIATR\u0102 de la N\u0103ieni, de unde se poate admira at\u00e2t \u00eentinderea B\u0103r\u0103ganului, c\u00e2t \u015fi culmile domoale ale mun\u0163ilor Buz\u0103ului \u015fi Ciuca\u015fului. Am aflat cu acest prilej, c\u0103 turcii au construit \u00een secolul al 18-lea un nou drum spre est (Rusia) prin zona de \u015fes, cel existent printre primele coline , neasigur\u00e2nd SECURITATEA TRUPELOR. Se demonstreaz\u0103 astfel , c\u0103 MUNTELE \u00a0e greu de controlat, motiv pentru care, a fost dintotdeauna \u201eultimul refugiu al autohtonilor\u201d \u015fi garan\u0163ia CONTINUIT\u0102\u0162II lor !<\/p>\n<p><a href=\"http:\/\/bassdu.mine.nu\/images\/2013\/09\/IMG_20130818_184818.jpg\"><img loading=\"lazy\" decoding=\"async\" class=\"aligncenter  wp-image-3141\" alt=\"IMG_20130818_184818\" src=\"http:\/\/bassdu.mine.nu\/images\/2013\/09\/IMG_20130818_184818-1024x768.jpg\" width=\"614\" height=\"461\" srcset=\"https:\/\/bassdu.mine.bz\/images\/2013\/09\/IMG_20130818_184818-1024x768.jpg 1024w, https:\/\/bassdu.mine.bz\/images\/2013\/09\/IMG_20130818_184818-300x225.jpg 300w\" sizes=\"(max-width: 614px) 100vw, 614px\" \/><\/a><br \/>\nZiua s-a \u00eencheiat cu o mas\u0103 \u201ela iarb\u0103 verde\u201d cu produse locale, oferit\u0103 de gazdele buzoiene \u015fi din N\u0103ieni, care ne-au primit cu p\u00e2ine \u015fi sare , dar mai ales cu mare c\u0103ldur\u0103 sufleteasc\u0103.<br \/>\n\u00cen puterea nop\u0163ii, grupul participan\u0163ilor s-a divizat, unii plec\u00e2nd spre Bucure\u015fti, iar ceilal\u0163i spre Buz\u0103u, de unde \u00een diminea\u0163a urm\u0103toare, urma s\u0103 se plece spre CHI\u015eIN\u0102UL unui Simpozion de Dacologie, g\u0103zduit de Biblioteca Na\u0163ional\u0103 a Republicii Moldova.<\/p>\n<p>(va urma)<\/p>\n","protected":false},"excerpt":{"rendered":"<p>Dup\u0103 \u00cenchiderea Festiv\u0103 a Congresului de Dacologie, \u00een dup\u0103-amiaza zilei de 18 August, autocarele au purtat participan\u0163ii la locul descoperirii TEZAURULUI DE LA PIETROASELE, unde am avut parte de o expunere foarte competent\u0103 din partea istoricilor \u015fi arheologilor buzoieni, asupra \u00eemprejur\u0103rilor descoperirii, dar \u015fi asupra conjuncturilor timpurilor respective ! De la locul descoperirii Tezaurului, care [&hellip;]<\/p>\n","protected":false},"author":2,"featured_media":0,"comment_status":"open","ping_status":"open","sticky":false,"template":"","format":"standard","meta":{"footnotes":""},"categories":[3],"tags":[1257,1250,210,1256,1258,1259],"jetpack_featured_media_url":"","_links":{"self":[{"href":"https:\/\/bassdu.mine.bz\/index.php?rest_route=\/wp\/v2\/posts\/3138"}],"collection":[{"href":"https:\/\/bassdu.mine.bz\/index.php?rest_route=\/wp\/v2\/posts"}],"about":[{"href":"https:\/\/bassdu.mine.bz\/index.php?rest_route=\/wp\/v2\/types\/post"}],"author":[{"embeddable":true,"href":"https:\/\/bassdu.mine.bz\/index.php?rest_route=\/wp\/v2\/users\/2"}],"replies":[{"embeddable":true,"href":"https:\/\/bassdu.mine.bz\/index.php?rest_route=%2Fwp%2Fv2%2Fcomments&post=3138"}],"version-history":[{"count":2,"href":"https:\/\/bassdu.mine.bz\/index.php?rest_route=\/wp\/v2\/posts\/3138\/revisions"}],"predecessor-version":[{"id":3144,"href":"https:\/\/bassdu.mine.bz\/index.php?rest_route=\/wp\/v2\/posts\/3138\/revisions\/3144"}],"wp:attachment":[{"href":"https:\/\/bassdu.mine.bz\/index.php?rest_route=%2Fwp%2Fv2%2Fmedia&parent=3138"}],"wp:term":[{"taxonomy":"category","embeddable":true,"href":"https:\/\/bassdu.mine.bz\/index.php?rest_route=%2Fwp%2Fv2%2Fcategories&post=3138"},{"taxonomy":"post_tag","embeddable":true,"href":"https:\/\/bassdu.mine.bz\/index.php?rest_route=%2Fwp%2Fv2%2Ftags&post=3138"}],"curies":[{"name":"wp","href":"https:\/\/api.w.org\/{rel}","templated":true}]}}