{"id":3143,"date":"2013-09-08T18:43:33","date_gmt":"2013-09-08T17:43:33","guid":{"rendered":"http:\/\/bassdu.mine.nu\/?p=3143"},"modified":"2013-09-08T18:43:33","modified_gmt":"2013-09-08T17:43:33","slug":"miscarea-dacia-la-congresul-international-de-dacologie-buzau-si-chisinau-16-21-august-2013-5","status":"publish","type":"post","link":"https:\/\/bassdu.mine.bz\/?p=3143","title":{"rendered":"\u201eMi\u015fcarea Dacia\u201d la Congresul Interna\u0163ional de Dacologie \u2013 Buz\u0103u \u015fi Chi\u015fin\u0103u \u2013 16-21 August 2013 (5)"},"content":{"rendered":"<p style=\"text-align: center;\">\u00cen diminea\u0163a zilei de 19 August, o parte dintre participan\u0163ii la <strong>Congresul Interna\u0163ional de Dacologie<\/strong>, au plecat spre <strong>CHI\u015eIN\u0102U<\/strong>, pentru a participa la <strong>SIMPOZIONUL DE DACOLOGIE<\/strong> organizat de <strong>Dacia Revival International<\/strong>, \u00een frumoas\u0103 colaborare cu <strong>Biblioteca Na\u0163ional\u0103 a Republicii Moldova<\/strong>.<br \/>\nDin c\u00e2te am \u00een\u0163eles , d-l <strong>Napoleon S\u0103vescu<\/strong> ar fi avut inten\u0163ia de a organiza Congresul la Chi\u015fin\u0103u, dar s-a \u201elovit\u201d de un zid de cauciuc (probabil al latimopatiei) format de partide \u015fi&#8230; academii.<\/p>\n<p><span style=\"color: #800000;\"><em>\u201e<strong>Am vrut sa fac Congresul al XIV-lea de dacologie aici la Chi\u0219in\u0103u. Dar b\u0103t\u00e2nd la diferite u\u0219i, de la Primar, Pre\u0219edinte\u2026 la Ambasadorul RM din SUA dar u\u0219ile erau \u00eenchise.\u201d<\/strong><\/em><\/span><\/p>\n<p>Acest \u201ezid\u201d, a fost confirmat de d-l <strong><span style=\"color: #000000;\">academician Petru Soltan<\/span><\/strong> :<br \/>\n\u201e<span style=\"color: #800000;\"><strong><em>Draga doctore Napoleon S\u0103vescu, onora\u021bi participan\u021bi la acest simpozion, eu sunt transnistrean \u0219i am dreptul s\u0103 spun mai multe cuvinte dec\u00e2t dou\u0103. Sunt cam mirat de lipsa unor istorici!!! \u2026 \u0219tiu c\u0103 istoricii de la Politehnic\u0103 organizeaz\u0103 simpozioane\u2026, unde-s ei? Nemaivorbind de cei de la Academie! Unde sunt istoricii de acolo?\u201d<br \/>\n<\/em><\/strong><\/span><br \/>\n<a href=\"http:\/\/bassdu.mine.nu\/images\/2013\/09\/Acad.-Petru-Soltan-baltica.jpg\"><img loading=\"lazy\" decoding=\"async\" class=\"aligncenter  wp-image-3145\" alt=\"Acad. Petru Soltan-baltica\" src=\"http:\/\/bassdu.mine.nu\/images\/2013\/09\/Acad.-Petru-Soltan-baltica-1024x576.jpg\" width=\"614\" height=\"346\" srcset=\"https:\/\/bassdu.mine.bz\/images\/2013\/09\/Acad.-Petru-Soltan-baltica-1024x576.jpg 1024w, https:\/\/bassdu.mine.bz\/images\/2013\/09\/Acad.-Petru-Soltan-baltica-300x168.jpg 300w, https:\/\/bassdu.mine.bz\/images\/2013\/09\/Acad.-Petru-Soltan-baltica.jpg 1920w\" sizes=\"(max-width: 614px) 100vw, 614px\" \/><\/a><br \/>\nDin fericire, a ap\u0103rut d-na jurnalist\u0103 <strong>Valentina G\u0103lu\u015fc\u0103<\/strong>, editoarea site-ului <a href=\"http:\/\/cerulalbastru.com\/2013\/08\/simpozion-dacologic-la-chisinau-dacii-nu-au-pierit-niciodata\/\">\u201eCERUL ALBASTRU\u201d<\/a>, care a preluat \u015ftafeta (la link ave\u0163i detalii despre Simpozion):<br \/>\n<span style=\"color: #800000;\"><strong><em>\u201eC\u00e2nd am aflat c\u0103 \u00een anul acesta Congresul de dacologie planificat s\u0103 aib\u0103 loc la Chi\u0219in\u0103u s-a contramandat, deci, m-am \u00eentristat \u0219i am zis: Cum a\u0219a? Oare dacii de aici au pierit? Oare, nu suntem \u0219i noi, basarabenii suntem urma\u0219ii dacilor?! Dacia a fost \u0219i la Nistru, \u0219i dincolo, mai departe\u2026 Hotarele nu le cunoa\u0219te nimeni cu exactitate!<\/em><\/strong><\/span><br \/>\n<span style=\"color: #800000;\"><strong><em>Deci, fiind jurnalist\u0103, editoarea site-ului Cerul Albastru, am publicat dou\u0103 articole \u0219i mi-am expus punctul meu de vedere \u0219i aceste articole au fost preluate de presa rom\u00e2neasc\u0103 de partea dreapta a Prutului \u0219i au ajuns \u0219i la dacologii din diaspor\u0103, la New York. \u00cen acele articole am scris c\u0103 dac\u0103 nu este cu putin\u021b\u0103 s\u0103 se fac\u0103 anul acesta congresul de dacologie la Chi\u0219in\u0103u, deci, s\u0103 se fac\u0103 m\u0103car un simpozion!<\/em><\/strong><\/span><br \/>\n<span style=\"color: #800000;\"><strong><em>Am venit la dl Alexei R\u0103u, directorul Bibliotecii Na\u021bionale din Chi\u0219in\u0103u \u0219i dumnealui m-a \u00eent\u00e2lnit cu mult\u0103 amabilitate \u0219i a fost de acord. Iat\u0103, deci, c\u0103 Dumnezeu mi-a deschis u\u0219a. Uneori \u0219i buturuga mic\u0103 poate s\u0103 r\u0103stoarne carul mare!<\/em><\/strong><\/span><br \/>\n<span style=\"color: #800000;\"><strong><em>V\u0103 mul\u021bumesc tuturor c\u0103 a\u021bi venit la Chi\u0219in\u0103u ca s\u0103 spunem \u0219i aici, cu voce tare, adev\u0103rul nostru primordial \u0219i anume c\u0103 ANUME dacii sunt str\u0103mo\u0219ii no\u0219tri!<\/em><\/strong><\/span><br \/>\n<span style=\"color: #800000;\"><strong><em>Iar noi to\u021bi \u00eempreun\u0103 form\u0103m o na\u021biune cu un trecut foarte \u00eendep\u0103rtat \u0219i GLORIOS. Suntem un popor de fii ai lui Dumnezeu. Dacii au avut un Duh PUTERNIC, au venit \u00een lume cu o misiune s\u0103 civilizeze omenirea\u2026 Dumnezeu s\u0103 ne ajute la acest simpozion \u00een dezv\u0103luirea adev\u0103rurilor importante din istoria noastr\u0103.\u201d<br \/>\n<a href=\"http:\/\/bassdu.mine.nu\/images\/2013\/09\/dacologie-40-1024x576.jpg\"><img loading=\"lazy\" decoding=\"async\" class=\"aligncenter  wp-image-3146\" alt=\"dacologie-40-1024x576\" src=\"http:\/\/bassdu.mine.nu\/images\/2013\/09\/dacologie-40-1024x576.jpg\" width=\"614\" height=\"346\" srcset=\"https:\/\/bassdu.mine.bz\/images\/2013\/09\/dacologie-40-1024x576.jpg 1024w, https:\/\/bassdu.mine.bz\/images\/2013\/09\/dacologie-40-1024x576-300x168.jpg 300w\" sizes=\"(max-width: 614px) 100vw, 614px\" \/><\/a><\/em><\/strong><\/span><\/p>\n<p style=\"text-align: center;\">Recomand c\u0103lduros accesarea site-ului \u201e<strong><span style=\"color: #000000;\">CERUL ALBASTRU<\/span><\/strong>\u201d pentru a avea detalii ale SIMPOZIONULUI \u015fi materiale deosebit de bogate pentru CAUZA DACISMULUI, ale d-nei <strong><span style=\"color: #000000;\">VALENTINA G\u0102LU\u015eC\u0102<\/span><\/strong> :<br \/>\n( <a href=\"http:\/\/cerulalbastru.com\/2013\/08\/simpozion-dacologic-la-chisinau-dacii-nu-au-pierit-niciodata\/\">http:\/\/cerulalbastru.com\/2013\/08\/simpozion-dacologic-la-chisinau-dacii-nu-au-pierit-niciodata\/<\/a> )<\/p>\n<p>Eu personal, am l\u0103sat \u201eac\u0163iunea politic\u0103\u201d \u00een seama d-lui Napoleon S\u0103vescu, care a f\u0103cut s\u0103 r\u0103sune Biblioteca Na\u0163ional\u0103 din Republica Moldova de \u201eNU RIBBENTROP, NU MOLOTOV !\u201d \u015fi am expus materialul \u201eOIERITUL : PRINCIPALA PROB\u0102 A PRIMORDIALIT\u0102\u0162II \u015eI CONTINUIT\u0102\u0162II NOASTRE\u201d<\/p>\n<p><a href=\"http:\/\/bassdu.mine.nu\/images\/2013\/09\/chi\u015fin\u0103u.jpg\"><img loading=\"lazy\" decoding=\"async\" class=\"aligncenter  wp-image-3147\" alt=\"chi\u015fin\u0103u\" src=\"http:\/\/bassdu.mine.nu\/images\/2013\/09\/chi\u015fin\u0103u.jpg\" width=\"614\" height=\"461\" srcset=\"https:\/\/bassdu.mine.bz\/images\/2013\/09\/chi\u015fin\u0103u.jpg 1024w, https:\/\/bassdu.mine.bz\/images\/2013\/09\/chi\u015fin\u0103u-300x225.jpg 300w\" sizes=\"(max-width: 614px) 100vw, 614px\" \/><\/a><\/p>\n<p><iframe loading=\"lazy\" src=\"\/\/www.youtube.com\/embed\/AEGQTSLSM8E?list=UURybeUDwxP-YuCHt63PX4tg\" height=\"360\" width=\"640\" allowfullscreen=\"\" frameborder=\"0\"><\/iframe><\/p>\n<p style=\"text-align: center;\">\u00cen ciuda \u201eboicotului oficial\u201d, putem spune c\u0103 SIMPOZIONUL DE DACOLOGIE \u00a0a fost un succes, mai ales c\u0103 DACISMUL se manifest\u0103 pentru prima oar\u0103 la CHI\u015eIN\u0102U, \u00een SPA\u0162IUL DACILOR LIBERI \u015fi asta tot prin meritul d-lui Napoleon S\u0103vescu !<br \/>\nSenza\u0163ia noastr\u0103 a tuturor celor veni\u0163i de peste Prut \u015fi din lumea larg\u0103, a fost aceea c\u0103 SUNTEM ACAS\u0102 !<br \/>\nMotive personale de satisfac\u0163ie, am avut datorit\u0103 prezen\u0163ei la \u00ceNT\u00c2LNIRE a mai mul\u0163i aderen\u0163i la \u201eMi\u015fcarea Dacia\u201d, dec\u00e2t la Buz\u0103u.<br \/>\nPrintre al\u0163ii, m-am \u00eent\u00e2lnit \u015fi la Chi\u015fin\u0103u (deoarece a fost \u015fi la Buz\u0103u) cu <strong><span style=\"color: #000000;\">GHENADI CAZACU<\/span><\/strong>, un inimos basarabean, care s-a oferit s\u0103 publice o Revist\u0103 cu denumirea de \u201eNOUA PARADIGM\u0102\u201d (prezent \u015fi \u00een finalul filmule\u0163ului de la Cina Festiv\u0103 de la Hotelul Chi\u015fin\u0103u) \u00een care s\u0103 apar\u0103 materialele noastre.<br \/>\nM-am bucurat s\u0103-l cunosc de persoan\u0103 pe <span style=\"color: #000000;\"><strong>SORIN BECCIU<\/strong><\/span>, aderent la MD \u015fi Responsabil pe Chi\u015fin\u0103u la AC\u0162IUNEA 2012 !<br \/>\n\u00cen concluzie, <span style=\"color: #800000;\"><strong>AU FOST F\u0102CU\u0162I MUL\u0162I PRIMI PA\u015eI \u015eI &#8230; \u00ceNAINTE<\/strong><\/span> !<br \/>\nDe\u015fi timpul a fost scurt, somnul a ocupat pu\u0163in timp, majoritatea acestuia fiind destinat\u0103 dezbaterilor \u015fi vizit\u0103rii diferitelor obiective , din care nu putea s\u0103 lipseasc\u0103 ALEEA SCRIITORILOR \u015fi STATUIA LUI \u015eTEFAN CEL MARE :<\/p>\n<p><a href=\"http:\/\/bassdu.mine.nu\/images\/2013\/08\/IMG_20130820_191830-e1377202053788.jpg\"><img loading=\"lazy\" decoding=\"async\" class=\"aligncenter  wp-image-3098\" alt=\"IMG_20130820_191830\" src=\"http:\/\/bassdu.mine.nu\/images\/2013\/08\/IMG_20130820_191830-e1377202053788-768x1024.jpg\" width=\"614\" height=\"819\" srcset=\"https:\/\/bassdu.mine.bz\/images\/2013\/08\/IMG_20130820_191830-e1377202053788-768x1024.jpg 768w, https:\/\/bassdu.mine.bz\/images\/2013\/08\/IMG_20130820_191830-e1377202053788-225x300.jpg 225w\" sizes=\"(max-width: 614px) 100vw, 614px\" \/><\/a><br \/>\n<a href=\"http:\/\/bassdu.mine.nu\/images\/2013\/09\/IMG_20130820_193824.jpg\"><img loading=\"lazy\" decoding=\"async\" class=\"aligncenter  wp-image-3149\" alt=\"IMG_20130820_193824\" src=\"http:\/\/bassdu.mine.nu\/images\/2013\/09\/IMG_20130820_193824-e1378660917824-768x1024.jpg\" width=\"558\" height=\"743\" srcset=\"https:\/\/bassdu.mine.bz\/images\/2013\/09\/IMG_20130820_193824-e1378660917824-768x1024.jpg 768w, https:\/\/bassdu.mine.bz\/images\/2013\/09\/IMG_20130820_193824-e1378660917824-225x300.jpg 225w\" sizes=\"(max-width: 558px) 100vw, 558px\" \/><\/a><br \/>\nSejurul nostru la Chi\u015fin\u0103u s-a \u00eencheiat cu o Cin\u0103 Festiv\u0103 :<\/p>\n<p><iframe loading=\"lazy\" src=\"\/\/www.youtube.com\/embed\/KxdVSAhiaNU\" height=\"360\" width=\"480\" allowfullscreen=\"\" frameborder=\"0\"><\/iframe><\/p>\n<p>A doua zi , pe 21 August, am vizitat alte obiective interesante \u015fi nostalgici, dar bucuro\u015fi de a fi \u00eent\u00e2lnit \u201ebrava gente\u201d, am trecut Prutul&#8230; s\u0103 sper\u0103m c\u0103 pentru pu\u0163in timp \u00eenc\u0103, str\u0103juit de &#8230; vame\u015fi !?<br \/>\n<span style=\"color: #000000;\"><strong>S\u0103 fiu iertat dac\u0103 am omis pe cineva , dar men\u0163ionez c\u0103 \u201e\u0163in anumite cartu\u015fe pe&#8230; \u0163eav\u0103 !\u201d<\/strong><\/span> \ud83d\ude42<\/p>\n","protected":false},"excerpt":{"rendered":"<p>\u00cen diminea\u0163a zilei de 19 August, o parte dintre participan\u0163ii la Congresul Interna\u0163ional de Dacologie, au plecat spre CHI\u015eIN\u0102U, pentru a participa la SIMPOZIONUL DE DACOLOGIE organizat de Dacia Revival International, \u00een frumoas\u0103 colaborare cu Biblioteca Na\u0163ional\u0103 a Republicii Moldova. Din c\u00e2te am \u00een\u0163eles , d-l Napoleon S\u0103vescu ar fi avut inten\u0163ia de a organiza [&hellip;]<\/p>\n","protected":false},"author":2,"featured_media":0,"comment_status":"open","ping_status":"open","sticky":false,"template":"","format":"standard","meta":{"footnotes":""},"categories":[3],"tags":[1261,1263,1260,1264,380,1250,210,1174,1262],"jetpack_featured_media_url":"","_links":{"self":[{"href":"https:\/\/bassdu.mine.bz\/index.php?rest_route=\/wp\/v2\/posts\/3143"}],"collection":[{"href":"https:\/\/bassdu.mine.bz\/index.php?rest_route=\/wp\/v2\/posts"}],"about":[{"href":"https:\/\/bassdu.mine.bz\/index.php?rest_route=\/wp\/v2\/types\/post"}],"author":[{"embeddable":true,"href":"https:\/\/bassdu.mine.bz\/index.php?rest_route=\/wp\/v2\/users\/2"}],"replies":[{"embeddable":true,"href":"https:\/\/bassdu.mine.bz\/index.php?rest_route=%2Fwp%2Fv2%2Fcomments&post=3143"}],"version-history":[{"count":2,"href":"https:\/\/bassdu.mine.bz\/index.php?rest_route=\/wp\/v2\/posts\/3143\/revisions"}],"predecessor-version":[{"id":3152,"href":"https:\/\/bassdu.mine.bz\/index.php?rest_route=\/wp\/v2\/posts\/3143\/revisions\/3152"}],"wp:attachment":[{"href":"https:\/\/bassdu.mine.bz\/index.php?rest_route=%2Fwp%2Fv2%2Fmedia&parent=3143"}],"wp:term":[{"taxonomy":"category","embeddable":true,"href":"https:\/\/bassdu.mine.bz\/index.php?rest_route=%2Fwp%2Fv2%2Fcategories&post=3143"},{"taxonomy":"post_tag","embeddable":true,"href":"https:\/\/bassdu.mine.bz\/index.php?rest_route=%2Fwp%2Fv2%2Ftags&post=3143"}],"curies":[{"name":"wp","href":"https:\/\/api.w.org\/{rel}","templated":true}]}}