{"id":3154,"date":"2013-09-09T22:45:39","date_gmt":"2013-09-09T21:45:39","guid":{"rendered":"http:\/\/bassdu.mine.nu\/?p=3154"},"modified":"2013-09-09T22:51:19","modified_gmt":"2013-09-09T21:51:19","slug":"drajna-de-sus-1","status":"publish","type":"post","link":"https:\/\/bassdu.mine.bz\/?p=3154","title":{"rendered":"DRAJNA DE SUS (1)"},"content":{"rendered":"<p>Neam de neamu meu, at\u00e2t din partea mamei , c\u00e2t \u015fi a tat\u0103lui, a s\u0103l\u0103\u015fluit \u00eentre v\u0103ile Teleajenului \u015fi Buz\u0103ului.<br \/>\nDac\u0103 \u0162EVARII din partea tat\u0103lui erau mo\u015fneni lemnari \u015fi oieri din p\u0103r\u0163ile Starchiojdului, cei din partea mamei , P\u00c2NTE\u015eTII, sunt atesta\u0163i documentar din 10 Iulie 1517, de pe vremea lui Neagoe Basarab.<br \/>\nOb\u015ftea, \u00een care erau oameni de frunte \u015fi c\u0103reia Neagoe Basarab le \u00eent\u0103rea prin respectivul document, proprietatea \u00een dev\u0103lm\u0103\u015fie a mun\u0163ilor din zon\u0103,\u00a0 se numea chiar \u201eOB\u015eTEA ST\u0102NE\u015eTI-P\u00c2NTE\u015eTI\u201d.<br \/>\nC\u0103 erau \u201eoameni de seam\u0103\u201d , o demonstreaz\u0103 \u015fi faptul c\u0103 au ctitorit o Biseric\u0103 \u00een satul lor DRAJNA DE SUS, numit\u0103 \u015fi azi BISERICA P\u00c2NTE\u015eTILOR.<br \/>\nLa loc de cinste \u00een fa\u0163a bisericii, se afl\u0103 \u00eenmorm\u00e2nta\u0163i bunica mea dup\u0103 mam\u0103 ANA POPESCU &#8211; P\u00c2NTEA \u015fi bunicul NICOLAE POPESCU-DRAJNA, de fel, tot starchiojdean, ca \u015fi \u0162evarii.<\/p>\n<div id=\"attachment_3161\" style=\"width: 517px\" class=\"wp-caption aligncenter\"><a href=\"http:\/\/bassdu.mine.nu\/images\/2013\/09\/cimitir-e1378763308454.jpg\"><img loading=\"lazy\" decoding=\"async\" aria-describedby=\"caption-attachment-3161\" class=\" wp-image-3161  \" alt=\"Morm\u00e2ntul str\u0103bunilor mei\" src=\"http:\/\/bassdu.mine.nu\/images\/2013\/09\/cimitir-e1378763308454-768x1024.jpg\" width=\"507\" height=\"675\" srcset=\"https:\/\/bassdu.mine.bz\/images\/2013\/09\/cimitir-e1378763308454-768x1024.jpg 768w, https:\/\/bassdu.mine.bz\/images\/2013\/09\/cimitir-e1378763308454-225x300.jpg 225w\" sizes=\"(max-width: 507px) 100vw, 507px\" \/><\/a><p id=\"caption-attachment-3161\" class=\"wp-caption-text\">Morm\u00e2ntul str\u0103bunilor mei<\/p><\/div>\n<p>\u00cen acest cimitir, se afl\u0103 \u015fi o cruce masiv\u0103 dintr-o piatr\u0103 de circa 100 cm \u00een\u00e2l\u0163ime \u015fi 25 cm grosime, cu scriere probabil slavon\u0103 spre baz\u0103, cu un simbol solar central , asemenea celui de la F\u00e2nt\u00e2na lui Mihai de la M\u0103gura (vezi fotografii Congres Dacologie)\u00a0 \u015fi din alte zeci de loca\u0163ii de pe teritoriul Rom\u00e2niei, dar nu numai !<\/p>\n<p><a href=\"http:\/\/bassdu.mine.nu\/images\/2013\/09\/cruce-1.jpg\"><img loading=\"lazy\" decoding=\"async\" class=\"wp-image-3155 aligncenter\" alt=\"cruce Biserica P\u00e2nte\u015fti\" src=\"http:\/\/bassdu.mine.nu\/images\/2013\/09\/cruce-1-768x1024.jpg\" width=\"538\" height=\"717\" srcset=\"https:\/\/bassdu.mine.bz\/images\/2013\/09\/cruce-1-768x1024.jpg 768w, https:\/\/bassdu.mine.bz\/images\/2013\/09\/cruce-1-225x300.jpg 225w\" sizes=\"(max-width: 538px) 100vw, 538px\" \/><\/a><\/p>\n<p>Acela\u015fi simbol, se afl\u0103 \u015fi pe drapelul Ligii Nordului din Italia, cu denumirea de SOARELE ALPILOR.\u00a0 Men\u0163ionez c\u0103 \u201enordi\u015ftii\u201d din Italia, se consider\u0103 urma\u015fi ai CEL\u0162ILOR care populau nordul peninsulei italice, \u00eenc\u0103 \u00eenainte de fondarea Romei.<\/p>\n<p><a href=\"http:\/\/bassdu.mine.nu\/images\/2013\/09\/lega-nord.jpeg\"><img loading=\"lazy\" decoding=\"async\" class=\"aligncenter size-full wp-image-3158\" alt=\"Soarele Alpilor\" src=\"http:\/\/bassdu.mine.nu\/images\/2013\/09\/lega-nord.jpeg\" width=\"225\" height=\"224\" srcset=\"https:\/\/bassdu.mine.bz\/images\/2013\/09\/lega-nord.jpeg 225w, https:\/\/bassdu.mine.bz\/images\/2013\/09\/lega-nord-150x150.jpeg 150w\" sizes=\"(max-width: 225px) 100vw, 225px\" \/><\/a><\/p>\n<p>\u201eCRUCEA SOLAR\u0102\u201d de la BISERICA P\u00c2NTE\u015eTILOR, ar trebui poate studiat\u0103 de istorici, deoarece s-ar p\u0103rea c\u0103 scrierea de la baz\u0103 (se v\u0103d doar dou\u0103 r\u00e2nduri) nu este vizibil\u0103 complet.<\/p>\n","protected":false},"excerpt":{"rendered":"<p>Neam de neamu meu, at\u00e2t din partea mamei , c\u00e2t \u015fi a tat\u0103lui, a s\u0103l\u0103\u015fluit \u00eentre v\u0103ile Teleajenului \u015fi Buz\u0103ului. Dac\u0103 \u0162EVARII din partea tat\u0103lui erau mo\u015fneni lemnari \u015fi oieri din p\u0103r\u0163ile Starchiojdului, cei din partea mamei , P\u00c2NTE\u015eTII, sunt atesta\u0163i documentar din 10 Iulie 1517, de pe vremea lui Neagoe Basarab. Ob\u015ftea, \u00een care [&hellip;]<\/p>\n","protected":false},"author":2,"featured_media":0,"comment_status":"open","ping_status":"open","sticky":false,"template":"","format":"standard","meta":{"footnotes":""},"categories":[3],"tags":[1043,1265,1266,1267,1268],"jetpack_featured_media_url":"","_links":{"self":[{"href":"https:\/\/bassdu.mine.bz\/index.php?rest_route=\/wp\/v2\/posts\/3154"}],"collection":[{"href":"https:\/\/bassdu.mine.bz\/index.php?rest_route=\/wp\/v2\/posts"}],"about":[{"href":"https:\/\/bassdu.mine.bz\/index.php?rest_route=\/wp\/v2\/types\/post"}],"author":[{"embeddable":true,"href":"https:\/\/bassdu.mine.bz\/index.php?rest_route=\/wp\/v2\/users\/2"}],"replies":[{"embeddable":true,"href":"https:\/\/bassdu.mine.bz\/index.php?rest_route=%2Fwp%2Fv2%2Fcomments&post=3154"}],"version-history":[{"count":5,"href":"https:\/\/bassdu.mine.bz\/index.php?rest_route=\/wp\/v2\/posts\/3154\/revisions"}],"predecessor-version":[{"id":3160,"href":"https:\/\/bassdu.mine.bz\/index.php?rest_route=\/wp\/v2\/posts\/3154\/revisions\/3160"}],"wp:attachment":[{"href":"https:\/\/bassdu.mine.bz\/index.php?rest_route=%2Fwp%2Fv2%2Fmedia&parent=3154"}],"wp:term":[{"taxonomy":"category","embeddable":true,"href":"https:\/\/bassdu.mine.bz\/index.php?rest_route=%2Fwp%2Fv2%2Fcategories&post=3154"},{"taxonomy":"post_tag","embeddable":true,"href":"https:\/\/bassdu.mine.bz\/index.php?rest_route=%2Fwp%2Fv2%2Ftags&post=3154"}],"curies":[{"name":"wp","href":"https:\/\/api.w.org\/{rel}","templated":true}]}}