{"id":319,"date":"2009-06-19T10:01:08","date_gmt":"2009-06-19T09:01:08","guid":{"rendered":"http:\/\/bassdu.mine.nu\/?p=319"},"modified":"2009-06-30T21:01:24","modified_gmt":"2009-06-30T20:01:24","slug":"movimento-dac-4","status":"publish","type":"post","link":"https:\/\/bassdu.mine.bz\/?p=319","title":{"rendered":"Movimento Virtuale DAC"},"content":{"rendered":"<p>\u00a0<\/p>\n<p align=\"center\"><strong>Movimento Virtuale \u00a0DAC<\/strong><\/p>\n<p align=\"center\"><strong>Parte quarta: dedicata a giornalisti, associazioni, partiti, intellettuali<\/strong><\/p>\n<p>\u00a0<\/p>\n<p>\u00a0\u00a0\u00a0\u00a0\u00a0\u00a0 <strong>Giungono voci<\/strong> che qualcuno si stia muovendo per mettere in pratica l\u2019idea di <em>unit\u00e0<\/em> della <em>Diaspora<\/em>.<\/p>\n<p>\u00a0\u00a0\u00a0\u00a0\u00a0\u00a0 Mi rivolgo quindi ai <strong>giornalisti<\/strong> affinch\u00e9 non perdano il treno di questa iniziativa, vista anche la <em>poca visibilit\u00e0<\/em> attuale, per non parlare della <em>scarsit\u00e0 di idee<\/em> espresse.<\/p>\n<p>\u00a0\u00a0\u00a0\u00a0\u00a0\u00a0 Le <strong>Associazioni e partiti<\/strong> che hanno assunto, di propria iniziativa, la <em>responsabilit\u00e0<\/em> di rappresentare i <em>romeni d\u2019Italia<\/em>, devono stare attenti a non perdere del tutto questo privilegio. Devono essere in prima linea con questa iniziativa, aperta a <strong>TUTTI<\/strong> <em>i romeni, i loro amici italiani e di altre etnie, indipendentemente dai loro target o piattaforme politiche.<\/em><\/p>\n<p>\u00a0\u00a0\u00a0\u00a0\u00a0\u00a0 Gli <strong>intellettuali<\/strong> presenti nella penisola, hanno una grande responsabilit\u00e0 verso la <em>Patria<\/em>, ma anche per il miglioramento <em>dell\u2019immagine e lo status<\/em> dei romeni qui residenti.<\/p>\n<p><strong>\u00a0\u00a0\u00a0\u00a0\u00a0\u00a0 Giorno dopo giorno, diventa pi\u00f9 urgente un incontro riservato con tutti coloro che possono dare un contributo a questa causa!<\/strong><\/p>\n<p>\u00a0\u00a0\u00a0\u00a0\u00a0\u00a0 I <strong><a href=\"http:\/\/it.wikipedia.org\/wiki\/Partito_Pirata\">Pirati svedesi<\/a><\/strong> hanno dimostrato che un <strong><span style=\"text-decoration: underline;\">movimento virtuale<\/span><\/strong>, pu\u00f2 diventare un soggetto politico con una piattaforma semplice e condivisibile. Facciamo vedere che anche noi siamo capaci di mobilitazione, per una causa molto pi\u00f9 <em>seria<\/em>.<\/p>\n<p>Alla prossima !<\/p>\n","protected":false},"excerpt":{"rendered":"<p>\u00a0 Movimento Virtuale \u00a0DAC Parte quarta: dedicata a giornalisti, associazioni, partiti, intellettuali \u00a0 \u00a0\u00a0\u00a0\u00a0\u00a0\u00a0 Giungono voci che qualcuno si stia muovendo per mettere in pratica l\u2019idea di unit\u00e0 della Diaspora. \u00a0\u00a0\u00a0\u00a0\u00a0\u00a0 Mi rivolgo quindi ai giornalisti affinch\u00e9 non perdano il treno di questa iniziativa, vista anche la poca visibilit\u00e0 attuale, per non parlare della scarsit\u00e0 [&hellip;]<\/p>\n","protected":false},"author":2,"featured_media":0,"comment_status":"open","ping_status":"open","sticky":false,"template":"","format":"standard","meta":{"footnotes":""},"categories":[88],"tags":[84,45,1581,11,10],"jetpack_featured_media_url":"","_links":{"self":[{"href":"https:\/\/bassdu.mine.bz\/index.php?rest_route=\/wp\/v2\/posts\/319"}],"collection":[{"href":"https:\/\/bassdu.mine.bz\/index.php?rest_route=\/wp\/v2\/posts"}],"about":[{"href":"https:\/\/bassdu.mine.bz\/index.php?rest_route=\/wp\/v2\/types\/post"}],"author":[{"embeddable":true,"href":"https:\/\/bassdu.mine.bz\/index.php?rest_route=\/wp\/v2\/users\/2"}],"replies":[{"embeddable":true,"href":"https:\/\/bassdu.mine.bz\/index.php?rest_route=%2Fwp%2Fv2%2Fcomments&post=319"}],"version-history":[{"count":2,"href":"https:\/\/bassdu.mine.bz\/index.php?rest_route=\/wp\/v2\/posts\/319\/revisions"}],"predecessor-version":[{"id":335,"href":"https:\/\/bassdu.mine.bz\/index.php?rest_route=\/wp\/v2\/posts\/319\/revisions\/335"}],"wp:attachment":[{"href":"https:\/\/bassdu.mine.bz\/index.php?rest_route=%2Fwp%2Fv2%2Fmedia&parent=319"}],"wp:term":[{"taxonomy":"category","embeddable":true,"href":"https:\/\/bassdu.mine.bz\/index.php?rest_route=%2Fwp%2Fv2%2Fcategories&post=319"},{"taxonomy":"post_tag","embeddable":true,"href":"https:\/\/bassdu.mine.bz\/index.php?rest_route=%2Fwp%2Fv2%2Ftags&post=319"}],"curies":[{"name":"wp","href":"https:\/\/api.w.org\/{rel}","templated":true}]}}