{"id":3201,"date":"2013-09-28T20:07:48","date_gmt":"2013-09-28T19:07:48","guid":{"rendered":"http:\/\/bassdu.mine.nu\/?p=3201"},"modified":"2013-09-28T20:13:16","modified_gmt":"2013-09-28T19:13:16","slug":"ultima-ora","status":"publish","type":"post","link":"https:\/\/bassdu.mine.bz\/?p=3201","title":{"rendered":"ULTIMA OR\u0102 !!!"},"content":{"rendered":"<p>GUVERNUL DE ST\u00c2NGA-DREAPTA (!?) DIN ITALIA A C\u0102ZUT !<br \/>\nCineva se poate \u00eentreba : CE NE INTERESEAZ\u0102 PE NOI ?<br \/>\nR\u0103spunsul este cunoscut de aderen\u0163ii la MI\u015eCAREA DACIA : se cunoa\u015fte afinitatea \u00eentre noi \u015fi Mi\u015fcarea 5 Stele din Italia (MoVimento Cinque Stelle), care a PREZIS FINALUL ACESTUI COMPROMIS ISTORIC, datorat INCAPACIT\u0102\u0162II ACTUALELOR PARTIDE \u201eTRADI\u0162IONALE\u201d de a r\u0103spunde PROBLEMATICII COMPLEXE induse de ACTUALA PARADIGM\u0102 SOCIO-ECONOMIC\u0102.<br \/>\nCURENTUL ANTI-SISTEM este \u00een cre\u015ftere viguroas\u0103 nu numai \u00een Italia, ci \u015fi \u00een alte \u0163\u0103ri europene, chiar \u015fi \u00een Germania, care este totu\u015fi singura BENEFICIAR\u0102 A ACTUALEI CRIZE \u015fi asta, deoarece aceasta se va r\u0103sfr\u00e2nge cur\u00e2nd \u015fi asupra sa !<br \/>\nMi\u015fc\u0103ri politice ANTI-SISTEM prolifereaz\u0103 \u00een Grecia, Portugalia, Germania, Fran\u0163a \u015fi cur\u00e2nd vor deveni FOR\u0162E DETERMINANTE pentru MAREA SCHIMBARE PARADIGMATIC\u0102. \u00cen r\u00e2ndul acestora, se situeaz\u0103 \u015fi MI\u015eCAREA DACIA, de\u015fi \u00een acest moment suntem nesemnificativi numeric \u015fi calitativ. Noi nu o s\u0103 deraiem pe linia ZORILOR AURII de orientare fascistoid\u0103, \u201epopulat\u0103\u201d \u00een special de \u201efor\u0163e de represiune\u201d, care consider\u0103 EMIGRA\u0162IA ca principala surs\u0103 de declin, nepricep\u00e2nd c\u0103 trebuie comb\u0103tute CAUZELE, ci nu EFECTELE. Noi avem o orientare PA\u015eNIC\u0102 \u015fi contempl\u0103m CAUZELE actualei CRIZE SISTEMICE, oferind SOLU\u0162II COMPLEMENTARE \u00a0pentru o real\u0103 MARE SCHIMBARE.<br \/>\nNu \u00eent\u00e2mpl\u0103tor am amintit de ZORII AURII, ci pentru a delinia cele dou\u0103 posibilit\u0103\u0163i de a ie\u015fi din Criz\u0103 : una VIOLENT\u0102 \u015fi una PA\u015eNIC\u0102, dup\u0103 cum afirm\u0103 \u015fi liderul Mi\u015fc\u0103rii 5 Stele, Beppe Grillo.<br \/>\nCriza de guvern din Italia, a fost declan\u015fat\u0103 chipurile, din inten\u0163ia primului ministru din Partidului Democrat, de a m\u0103ri TVA-ul la 22%, dar de fapt este datorat\u0103 eminentei INTERZICERI a liderului PDL Silvio Berlusconi de la activit\u0103\u0163ile publice, inclusiv de la activit\u0103\u0163ile de senator, \u00een urma CONDAMN\u0102RII DUP\u0102 TOATE GRADELE DE JUDECAT\u0102 PENTRU EVAZIUNE FISCAL\u0102 (ca \u015fi Al Capone, c\u0103 doar BANII nu se fac a\u015fa de repede \u015fi de mul\u0163i cu mijloace legale, nu ?). M\u0103rirea TVA-ului, nu place nim\u0103nui, dar e o m\u0103sur\u0103 OBLIGAT\u0102, dac\u0103 se \u0163ine cont c\u0103 s-a \u00eenc\u0103lcat PACTUL DE STABILITATE al \u0163\u0103rilor din aria Euro, care prevede un DEFICIT DE MAXIM 3% pentru raportul Produs Intern Brut : Debit Public. Ori Italia deja este la 3,2%, ceea ce face OBLIGATORIE m\u0103rirea \u201eintr\u0103rilor\u201d statului prin NOI TAX\u0102RI ale activit\u0103\u0163ilor productive.<br \/>\nSe accentueaz\u0103 astfel EFECTUL SPIRAL\u0102 DESCENDENT\u0102 a CONSUMULUI, deci o CRE\u015eTERE CORESPUNZ\u0102TOARE A DATORIEI PUBLICE, datorat\u0103 CRE\u015eTERII DOB\u00c2NZILOR LA CREDITUL SUVERAN. Deja se vorbe\u015fte de o DECLASARE A BONURILOR VALORICE (DATORIEI) ale Italiei de c\u0103tre Moody&#8217;s, la categoria GARBAGE !?!? Co o astfel de declasare, deja imposibil de pl\u0103tit DATORIE italian\u0103, de peste 2.000 de miliarde de Euro, devine \u015fi mai \u015fi !!! Italia trebuie s\u0103 pl\u0103teasc\u0103 circa 38 de miliarde de Euro\/lun\u0103, numai de DOB\u00c2ND\u0102 LA DEBIT !!!&#8230; de unde s\u0103 sco\u0163i at\u00e2\u0163ia bani, c\u00e2nd de ani de zile economia stagneaz\u0103, intreprinderile delocalizeaz\u0103 aiurea prin lume (c\u0103 doar avem GLOBALIZARE, NU ?) puterea de cump\u0103rare se pr\u0103bu\u015fe\u015fte, \u015fomajul a ajuns deja la 13 %, taxele cresc continuu (eu am pierdut circa 1500 de euro \u00een 2012, iar anul \u0103sta tot cam pe at\u00e2t&#8230; \u015fi nu s-a terminat !?) , la Lampedusa ajung circa 200 emigran\u0163i africani PE ZI , etc. ???<br \/>\nCineva ar putea crede c\u0103 numai Italia se scald\u0103 \u00een \u201emerda\u201d, dar nu e a\u015fa, deoarece o pr\u0103bu\u015fire a SISTEMULUI ITALIA este o &#8230; PR\u0102BU\u015eIRE DE SISTEM GENERAL !&#8230; mare parte din BONURILE VALORICE ITALIENE se afl\u0103 \u00een \u201em\u00e2ini\u201d franceze \u015fi germane, care cur\u00e2nd se vor trezi c\u0103 sunt&#8230; GOALE !&#8230; ca s\u0103 nu mai spunem, c\u0103 DATORIA SUVERAN\u0102 este peste \u201elimitele matematice\u201d, \u00een multe alte \u0163\u0103ri, care nu sunt azi men\u0163ionate din \u201emotive strategice\u201d !?<br \/>\nEi bine, MI\u015eCAREA 5 STELE din Italia , a prev\u0103zut acest scenariu, \u00eenc\u0103 de la apari\u0163ia sa \u00een octombrie 2009 !<br \/>\nSOLU\u0162IILE acestei mi\u015fc\u0103ri, uneori ne\u00eemp\u0103rt\u0103\u015fite \u00een totalitate de Mi\u015fcarea Dacia, sunt \u00een principiu ANTI-GLOBALIZARE, deci, spre disperarea oengi\u015ftilor \u015fi altor \u201edemocra\u0163i\u201d&#8230; NA\u0162IONALISMUL !<br \/>\nMI\u015eCAREA DACIA face un important INPUT din activitatea M5S, tocmai pentru a \u201eaccelera\u201d evolu\u0163ia noastr\u0103, prin \u201eeliminarea incoeren\u0163elor\u201d depistate de noi, care au dus la o \u201e\u00eent\u00e2rziere a procesului reformator\u201d. Nu o s\u0103 intru \u00een detalii, urm\u00e2nd ca cei interesa\u0163i, s\u0103 aprofundeze ideile celor dou\u0103 mi\u015fc\u0103ri, care, liderilor no\u015ftri sunt le cunoscute.<br \/>\nCert este, c\u0103 ALIAN\u0162ELE STRATEGICE menite s\u0103 SALVEZE SISTEMUL FALIMENTAR, constituite din FOR\u0162E IDEOLOGICE CONTRASTANTE, DAR SISTEMICE, sunt destinate E\u015eECULUI, \u015fa cum se va petrece cur\u00e2nd \u015fi \u00een Rom\u00e2nia USLA\u015e\u0102 !<br \/>\nNimeni nu va putea nega \u00een viitor c\u0103 MI\u015eCAREA DACIA a fost prima FOR\u0162\u0102 POLITIC\u0102 ce a avut VIZIUNE EXACT\u0102 \u015fi deci, nimeni nu va avea motive s\u0103 cread\u0103, c\u0103 nu o vom avea \u015fi pe viitor !&#8230; \u015fi asta deoarece noi nu suntem nici de Dreapta, nici de Centru \u015fi nici de St\u00e2nga !&#8230; SUNTEM DE DEASUPRA !!!<br \/>\nC\u00e2nd MI\u015eCAREA 5 STELE din Italia va c\u00e2\u015ftiga viitoarele alegeri (deja e pronosticat\u0103 la 22% de \u201emedia oficioas\u0103\u201d), poate se va pricepe \u015fi \u00een Rom\u00e2nia c\u0103 trebuie a\u015fa ceva, iar noi vom ar\u0103ta c\u0103 SUNTEM DEJA , ba chiar MAI VECHI ca M5S !&#8230; numai c\u0103&#8230; \u201enu avem (\u00eenc\u0103) CU CINE !?!?\u201d<\/p>\n","protected":false},"excerpt":{"rendered":"<p>GUVERNUL DE ST\u00c2NGA-DREAPTA (!?) DIN ITALIA A C\u0102ZUT ! Cineva se poate \u00eentreba : CE NE INTERESEAZ\u0102 PE NOI ? R\u0103spunsul este cunoscut de aderen\u0163ii la MI\u015eCAREA DACIA : se cunoa\u015fte afinitatea \u00eentre noi \u015fi Mi\u015fcarea 5 Stele din Italia (MoVimento Cinque Stelle), care a PREZIS FINALUL ACESTUI COMPROMIS ISTORIC, datorat INCAPACIT\u0102\u0162II ACTUALELOR PARTIDE \u201eTRADI\u0162IONALE\u201d [&hellip;]<\/p>\n","protected":false},"author":2,"featured_media":0,"comment_status":"open","ping_status":"open","sticky":false,"template":"","format":"standard","meta":{"footnotes":""},"categories":[69,73],"tags":[123,572,475,1113,290,210,408,151,698,1097,1275,659],"jetpack_featured_media_url":"","_links":{"self":[{"href":"https:\/\/bassdu.mine.bz\/index.php?rest_route=\/wp\/v2\/posts\/3201"}],"collection":[{"href":"https:\/\/bassdu.mine.bz\/index.php?rest_route=\/wp\/v2\/posts"}],"about":[{"href":"https:\/\/bassdu.mine.bz\/index.php?rest_route=\/wp\/v2\/types\/post"}],"author":[{"embeddable":true,"href":"https:\/\/bassdu.mine.bz\/index.php?rest_route=\/wp\/v2\/users\/2"}],"replies":[{"embeddable":true,"href":"https:\/\/bassdu.mine.bz\/index.php?rest_route=%2Fwp%2Fv2%2Fcomments&post=3201"}],"version-history":[{"count":4,"href":"https:\/\/bassdu.mine.bz\/index.php?rest_route=\/wp\/v2\/posts\/3201\/revisions"}],"predecessor-version":[{"id":3204,"href":"https:\/\/bassdu.mine.bz\/index.php?rest_route=\/wp\/v2\/posts\/3201\/revisions\/3204"}],"wp:attachment":[{"href":"https:\/\/bassdu.mine.bz\/index.php?rest_route=%2Fwp%2Fv2%2Fmedia&parent=3201"}],"wp:term":[{"taxonomy":"category","embeddable":true,"href":"https:\/\/bassdu.mine.bz\/index.php?rest_route=%2Fwp%2Fv2%2Fcategories&post=3201"},{"taxonomy":"post_tag","embeddable":true,"href":"https:\/\/bassdu.mine.bz\/index.php?rest_route=%2Fwp%2Fv2%2Ftags&post=3201"}],"curies":[{"name":"wp","href":"https:\/\/api.w.org\/{rel}","templated":true}]}}