{"id":321,"date":"2009-06-21T09:58:02","date_gmt":"2009-06-21T08:58:02","guid":{"rendered":"http:\/\/bassdu.mine.nu\/?p=321"},"modified":"2009-06-30T21:08:14","modified_gmt":"2009-06-30T20:08:14","slug":"movimento-dac-5","status":"publish","type":"post","link":"https:\/\/bassdu.mine.bz\/?p=321","title":{"rendered":"Movimento Virtuale DAC"},"content":{"rendered":"<p>\u00a0<\/p>\n<p align=\"center\"><strong>Movimento Virtuale DAC<\/strong><\/p>\n<p align=\"center\"><strong>Parte quinta<\/strong><\/p>\n<p>\u00a0<\/p>\n<p>\u00a0\u00a0\u00a0\u00a0\u00a0\u00a0\u00a0 Prover\u00f2 in seguito a spiegare il <em>collegamento<\/em> tra <strong><span style=\"text-decoration: underline;\">The Zeitgeist Movement e Movimento Virtuale DAC<\/span><\/strong>.<\/p>\n<p>\u00a0\u00a0\u00a0\u00a0\u00a0\u00a0\u00a0 Perch\u00e9 un movimento anti-sistema \u00e8 chiamato in causa per uno radicato in questui?<\/p>\n<p>\u00a0\u00a0\u00a0\u00a0\u00a0\u00a0\u00a0 Per spiegarmi, parto dalla premessa che il lettore abbia gi\u00e0 preso conoscenza delle fondamenta dei due movimenti.<\/p>\n<p>\u00a0\u00a0\u00a0\u00a0\u00a0\u00a0\u00a0 La domanda \u201c<em>come si fa arrivare alla societ\u00e0 umana prospettata con il Movimento Zeitgeist?<\/em>\u201d, non ha una risposta edificante da parte dei promotori. Cito:<\/p>\n<p>\u00a0<\/p>\n<p><em>\u00a0\u00a0\u00a0\u00a0\u00a0\u00a0\u00a0 \u00a0&#8230;&#8221;Certamente molti lettori si staranno chiedendo: \u201c<span style=\"text-decoration: underline;\">Come possiamo farlo<\/span>, considerando il sistema di valori distorto che \u00e8 ora in funzione? Come possiamo fare questa mossa in avanti o una transizione?\u201d Questa \u00e8, infatti<span style=\"text-decoration: underline;\">, la domanda pi\u00f9 difficile<\/span>. <span style=\"text-decoration: underline;\">La risposta: dobbiamo cominciare da qualche parte.<\/span> Ci sono molte cose che possono essere fatte da <strong>un singolo o da una comunit\u00e0<\/strong> che comincerebbe a ritagliare questa visione<span style=\"text-decoration: underline;\">. Il passo pi\u00f9 importante risiede nell\u2019<strong>educazione<\/strong><\/span>&#8220;&#8230;<\/em><\/p>\n<p>\u00a0<\/p>\n<p>\u00a0\u00a0\u00a0\u00a0\u00a0\u00a0\u00a0\u00a0 <em>,,,&#8221;la vita sulla terra pu\u00f2 sbocciare (<strong>e cos\u00ec sar\u00e0<\/strong>) in un sistema di continua crescita verso il meglio, dove le conseguenze sociali negative, come <span style=\"text-decoration: underline;\">la stratificazione sociale, la guerra, ingiustizie, elitarismo e attivit\u00e0 criminali saranno continuamente ridotte<\/span> e, idealmente, un giorno non risiederanno pi\u00f9 nello spettro dello stesso <span style=\"text-decoration: underline;\">comportamento umano<\/span>. Questa possibilit\u00e0 \u00e8, ovviamente, molto difficile da considerare per la maggior parte delle persone, in quanto <span style=\"text-decoration: underline;\">siamo stati condizionati dalla societ\u00e0 a pensare che crimine, corruzione e disonest\u00e0 sono la norma e ci saranno sempre persone che vogliono abusare, ferire e avvantaggiarsi degli altri&#8221;&#8230;<\/span><\/em><\/p>\n<p>\u00a0\u00a0\u00a0\u00a0\u00a0\u00a0\u00a0 \u00a0<\/p>\n<p>\u00a0\u00a0\u00a0\u00a0\u00a0\u00a0\u00a0 Chi ha preso conoscenza dei principi di base della <strong>Lobby romena e del Movimento Virtuale DAC<\/strong>, far\u00e0 subito il <strong><em><span style=\"text-decoration: underline;\">collegamento. <\/span><\/em><\/strong><\/p>\n<p>\u00a0\u00a0\u00a0\u00a0\u00a0\u00a0\u00a0 <strong>Il Grande Cambiamento<\/strong> pu\u00f2 arrivare, come gi\u00e0 prospettato, in maniera <strong>violenta<\/strong>, oppure <strong>pacificamente<\/strong>, partendo dal sistema attuale, cosiddetto democratico, per impostare \u201cdall\u2019alto\u201d una nuova societ\u00e0 umana. Questa \u00e8 la mia risposta e spero che sia anche la vostra!<\/p>\n<p>\u00a0\u00a0\u00a0\u00a0\u00a0\u00a0\u00a0 The Venus Project con il suo Zeitgeist Movement, \u00e8 giovane ma con una grande diffusione (basta vedere le \u201cvisite\u201d sul loro sito!) e vorrei vedere i miei connazionali in prima fila, nel promuovere questa nuova visione sul futuro della societ\u00e0 umana.<\/p>\n<p>Alla prossima !<\/p>\n","protected":false},"excerpt":{"rendered":"<p>\u00a0 Movimento Virtuale DAC Parte quinta \u00a0 \u00a0\u00a0\u00a0\u00a0\u00a0\u00a0\u00a0 Prover\u00f2 in seguito a spiegare il collegamento tra The Zeitgeist Movement e Movimento Virtuale DAC. \u00a0\u00a0\u00a0\u00a0\u00a0\u00a0\u00a0 Perch\u00e9 un movimento anti-sistema \u00e8 chiamato in causa per uno radicato in questui? \u00a0\u00a0\u00a0\u00a0\u00a0\u00a0\u00a0 Per spiegarmi, parto dalla premessa che il lettore abbia gi\u00e0 preso conoscenza delle fondamenta dei due movimenti. [&hellip;]<\/p>\n","protected":false},"author":2,"featured_media":0,"comment_status":"open","ping_status":"open","sticky":false,"template":"","format":"standard","meta":{"footnotes":""},"categories":[88],"tags":[84,1581,56,61,65],"jetpack_featured_media_url":"","_links":{"self":[{"href":"https:\/\/bassdu.mine.bz\/index.php?rest_route=\/wp\/v2\/posts\/321"}],"collection":[{"href":"https:\/\/bassdu.mine.bz\/index.php?rest_route=\/wp\/v2\/posts"}],"about":[{"href":"https:\/\/bassdu.mine.bz\/index.php?rest_route=\/wp\/v2\/types\/post"}],"author":[{"embeddable":true,"href":"https:\/\/bassdu.mine.bz\/index.php?rest_route=\/wp\/v2\/users\/2"}],"replies":[{"embeddable":true,"href":"https:\/\/bassdu.mine.bz\/index.php?rest_route=%2Fwp%2Fv2%2Fcomments&post=321"}],"version-history":[{"count":7,"href":"https:\/\/bassdu.mine.bz\/index.php?rest_route=\/wp\/v2\/posts\/321\/revisions"}],"predecessor-version":[{"id":339,"href":"https:\/\/bassdu.mine.bz\/index.php?rest_route=\/wp\/v2\/posts\/321\/revisions\/339"}],"wp:attachment":[{"href":"https:\/\/bassdu.mine.bz\/index.php?rest_route=%2Fwp%2Fv2%2Fmedia&parent=321"}],"wp:term":[{"taxonomy":"category","embeddable":true,"href":"https:\/\/bassdu.mine.bz\/index.php?rest_route=%2Fwp%2Fv2%2Fcategories&post=321"},{"taxonomy":"post_tag","embeddable":true,"href":"https:\/\/bassdu.mine.bz\/index.php?rest_route=%2Fwp%2Fv2%2Ftags&post=321"}],"curies":[{"name":"wp","href":"https:\/\/api.w.org\/{rel}","templated":true}]}}