{"id":3214,"date":"2013-10-04T21:41:04","date_gmt":"2013-10-04T20:41:04","guid":{"rendered":"http:\/\/bassdu.mine.nu\/?p=3214"},"modified":"2013-10-04T21:53:26","modified_gmt":"2013-10-04T20:53:26","slug":"ipocrizia-sistemului-actual-2","status":"publish","type":"post","link":"https:\/\/bassdu.mine.bz\/?p=3214","title":{"rendered":"IPOCRIZIA SISTEMULUI ACTUAL"},"content":{"rendered":"<p>Ieri s-a petrecut din nou o TRAGEDIE UMANITAR\u0102 \u00een Mediterana, \u00een apele teritoriale italiene, \u00een vecin\u0103tatea insulei LAMPEDUSA, primul \u201eport european\u201d al migan\u0163ilor din Africa, vizitat\u0103 recent \u015fi de Papa Francisc, pentru a aduce un sprijin moral sutelor de emigran\u0163i \u201estivui\u0163i\u201d \u00een Centrul de Primire devenit ne\u00eenc\u0103p\u0103tor. O nav\u0103 cu circa 500 de africani s-a scufundat, numai circa 150 dintre ei put\u00e2nd fi salva\u0163i.<br \/>\nItalia , stat apartenent SPA\u0162IULUI SCHENGEN, cere ajutorul \u00eentregii UE, pentru a face fa\u0163\u0103 invaziei tot mai accentuate \u015fi face apel c\u0103tre \u0163\u0103rile de unde pornesc aceste \u201enave de dispera\u0163i\u201d, s\u0103 ia m\u0103suri pentru a \u00eempiedica aceste tragedii. Nenorocirea, este c\u0103 \u0163\u0103rile din UE au treab\u0103 cu o m\u00e2n\u0103 de \u0163igani rom\u00e2ni \u015fi nu au timp de alte rase, cu toate c\u0103 Italia e doar o \u201epoart\u0103 de intrare\u201d \u00een Europa, propria-i situa\u0163ie socio-economic\u0103 fiind aproape de COLAPS !? Pe de alt\u0103 parte, apelul c\u0103tre \u201e\u0163\u0103rire riverane\u201d va r\u0103m\u00e2ne f\u0103r\u0103 reac\u0163ii, deoarece toate au trecut prin \u201eprim\u0103veri arabe\u201d, care le-au ad\u00e2ncit INSTABILITATEA \u015fi NEGUVERNABILITATEA (unde e\u015fti tu Ghaddafi, c\u0103ruia Berlusconi \u00eei pupa m\u00e2na, probabil pentru c\u0103 oprise fluxul de emigran\u0163i !?). E suficient s\u0103 vedem ce na\u0163ionalit\u0103\u0163i au \u201emor\u0163ii m\u0103rilor\u201d: libieni, sirieni, egipteni, algerieni, tunisieni \u015fi diverse na\u0163ii din Cornul Africii, ca \u00een cazul de fa\u0163\u0103, c\u00e2nd avem o majoritate de eritrei. Toate aceste \u0163\u0103ri de provenien\u0163\u0103, au avut \u015fi au pe teritoriul lor,\u00a0 r\u0103zboaie \u015fi alte \u201eprim\u0103veri\u201d, care au RESPONSABILI cunoscu\u0163i !&#8230; deci apelul este c\u0103tre \u201eentit\u0103\u0163i gre\u015fite\u201d ! Apelul ar trebuie s\u0103 fie :<br \/>\n&#8211; <span style=\"color: #800000;\"><strong>OPRI\u0162I R\u0102ZBOAIELE \u015eI R\u0102ZMERI\u0162ELE, VOI CEI CE LE PRODUCE\u0162I<\/strong><\/span> !<br \/>\n&#8230; sau :<br \/>\n&#8211; <span style=\"color: #800000;\"><strong>CU 10% DIN BANII PENTRU R\u0102ZBOAIE, VOI CEI RESPONSABILI, A\u0162I PUTEA HR\u0102NI GRATIS TOAT\u0102 AFRICA<\/strong><\/span> !<br \/>\nAceste CAUZE ALE MIGRA\u0162IEI, au fost demascate \u015fi de Papa Francisc \u00een cadrul vizitei \u201ede lucru\u201d de la\u00a0 LAMPEDUSA, numindu-le :\u00a0 <span style=\"color: #800000;\">GLOBALIZAREA, BANUL OCHIUL DRACULUI, PROFITUL, EGOCENTRISMUL, etc<\/span>. &#8230; poate ar fi trebuit \u00eens\u0103, s\u0103 mearg\u0103 p\u00e2n\u0103 la cap\u0103t \u015fi s\u0103-i EXCOMUNICE pe diver\u015fi laurea\u0163i ai premiului Nobel pentru Pace \u015fi al\u0163i EXPORTATORI DE DEMOCRA\u0162IE !? &#8230; poate ar fi trebuit s\u0103\u00a0 explice c\u0103 e mai u\u015for s\u0103 forezi pu\u0163uri \u015fi s\u0103 dai ceva tractoare, dec\u00e2t s\u0103-i dotezi cu bombe \u015fi tancuri !? Nimeni dintre SUS\u0162IN\u0102TORII SISTEMULUI nu va avea \u00eens\u0103 acest curaj, deoarece ar \u00eensemna s\u0103 adere la o NOU\u0102 PARADIGM\u0102 SOCIO-ECONOMIC\u0102&#8230; iar teama de necunoscut e mare, mai ales pentru cei care au cu\u0163itul \u015fi p\u00e2inea \u00een m\u00e2n\u0103 !&#8230; noi mai sper\u0103m \u00eenc\u0103 !<\/p>\n<p>ADEV\u0102RUL, este c\u0103 PROBLEMELE OMENIRII sunt multe, iar EMIGRA\u0162IA este una dintre ele. Dac\u0103 cineva \u00eencearc\u0103 s\u0103 rezolve EXCLUSIV acest\u0103 problem\u0103, nu o va putea face IZOLAT fa\u0163\u0103 de TOATE PROBLEMELE INTERCONEXE ALE ACTUALEI PARADIGME ! A\u015fa cum se MINTE apropos de DEMOCRA\u0162IE, LIBERTATE, ADEV\u0102R, CIVILIZA\u0162IE, PROGRES, \u00a0etc., tot a\u015fa se minte \u015fi apropos de EMIGRA\u0162IE ! Cine a citit postarea anterioar\u0103 <a href=\"http:\/\/bassdu.mine.nu\/?p=3192\">ECUA\u0162II \u015eI SISTEME DE ECUA\u0162II<\/a>, poate trece la capitolul ECUA\u0162IE \u015fi chestiunea EMIGRA\u0162IEI ! Aten\u0163ie, c\u0103 ECUA\u0162IA EMIGRA\u0162IE are foarte multe NECUNOSCUTE : transmiterea de boli, terorismul, dezr\u0103d\u0103cinarea \u00een ambienturi ostile din toate punctele de vedere, inegalit\u0103\u0163i salariale, sclavagism autentic, tensiuni sociale, interrasiale, \u00a0interreligioase, interculturale, etc., ca s\u0103 nu vorbim de PERICLITAREA IDENTIT\u0102\u0162II NA\u0162IONALE \u00a0a popoarelor !<br \/>\nPRINCIPALA PREMIS\u0102 a rezolv\u0103rii acestei ECUA\u0162II, este ASIGURAREA CONDI\u0162IILOR DEMNE FIEC\u0102RUIA \u201eACAS\u0102 LA EL\u201d !&#8230; \u015fi atunci VICTIMELE MEDITERANEI \u015fi ale altor M\u0102RI DE EMIGRA\u0162IE, nu vor mai exista ! Responsabilitatea Occidentului este imens\u0103, fa\u0163\u0103 de fostele colonii \u015fi popoarele lor native ! \u201eCOMER\u0162UL CU NEGRII\u201d trebuie s\u0103 \u00eenceteze !&#8230; chiar dac\u0103 unora le aduce PROFITURI URIA\u015eE !&#8230; iar dac\u0103 PROFITUL ar dispare din PARADIGM\u0102, atunci totul va deveni foarte u\u015for !<br \/>\n<span style=\"color: #000000;\"><strong>MI\u015eCAREA DACIA are solu\u0163ii \u015fi pentru EMIGRA\u0162IE \u015fi nu numai, iar cine ne cite\u015fte \u015fi \u00een\u0163elege PRINCIPIILE \u015eI OBIECTIVELE, s-a convins<\/strong><\/span> !<\/p>\n","protected":false},"excerpt":{"rendered":"<p>Ieri s-a petrecut din nou o TRAGEDIE UMANITAR\u0102 \u00een Mediterana, \u00een apele teritoriale italiene, \u00een vecin\u0103tatea insulei LAMPEDUSA, primul \u201eport european\u201d al migan\u0163ilor din Africa, vizitat\u0103 recent \u015fi de Papa Francisc, pentru a aduce un sprijin moral sutelor de emigran\u0163i \u201estivui\u0163i\u201d \u00een Centrul de Primire devenit ne\u00eenc\u0103p\u0103tor. O nav\u0103 cu circa 500 de africani s-a [&hellip;]<\/p>\n","protected":false},"author":2,"featured_media":0,"comment_status":"open","ping_status":"open","sticky":false,"template":"","format":"standard","meta":{"footnotes":""},"categories":[69,73],"tags":[1233,11,1277,511],"jetpack_featured_media_url":"","_links":{"self":[{"href":"https:\/\/bassdu.mine.bz\/index.php?rest_route=\/wp\/v2\/posts\/3214"}],"collection":[{"href":"https:\/\/bassdu.mine.bz\/index.php?rest_route=\/wp\/v2\/posts"}],"about":[{"href":"https:\/\/bassdu.mine.bz\/index.php?rest_route=\/wp\/v2\/types\/post"}],"author":[{"embeddable":true,"href":"https:\/\/bassdu.mine.bz\/index.php?rest_route=\/wp\/v2\/users\/2"}],"replies":[{"embeddable":true,"href":"https:\/\/bassdu.mine.bz\/index.php?rest_route=%2Fwp%2Fv2%2Fcomments&post=3214"}],"version-history":[{"count":6,"href":"https:\/\/bassdu.mine.bz\/index.php?rest_route=\/wp\/v2\/posts\/3214\/revisions"}],"predecessor-version":[{"id":3223,"href":"https:\/\/bassdu.mine.bz\/index.php?rest_route=\/wp\/v2\/posts\/3214\/revisions\/3223"}],"wp:attachment":[{"href":"https:\/\/bassdu.mine.bz\/index.php?rest_route=%2Fwp%2Fv2%2Fmedia&parent=3214"}],"wp:term":[{"taxonomy":"category","embeddable":true,"href":"https:\/\/bassdu.mine.bz\/index.php?rest_route=%2Fwp%2Fv2%2Fcategories&post=3214"},{"taxonomy":"post_tag","embeddable":true,"href":"https:\/\/bassdu.mine.bz\/index.php?rest_route=%2Fwp%2Fv2%2Ftags&post=3214"}],"curies":[{"name":"wp","href":"https:\/\/api.w.org\/{rel}","templated":true}]}}