{"id":3226,"date":"2013-10-05T14:03:35","date_gmt":"2013-10-05T13:03:35","guid":{"rendered":"http:\/\/bassdu.mine.nu\/?p=3226"},"modified":"2013-10-05T14:04:58","modified_gmt":"2013-10-05T13:04:58","slug":"strategia-si-tactica-miscarii-dacia","status":"publish","type":"post","link":"https:\/\/bassdu.mine.bz\/?p=3226","title":{"rendered":"STRATEGIA \u015eI TACTICA MI\u015eC\u0102RII DACIA"},"content":{"rendered":"<p>A\u015fa cum s-a anun\u0163at , <span style=\"color: #000000;\"><strong>\u00een plan TACTIC<\/strong><\/span>, MI\u015eCAREA DACIA este pe cale s\u0103-\u015fi l\u0103rgeasc\u0103 semnificativ activitatea. Astfel, sunt \u00een curs de realizare : \u00eenscrierea la OSIM, constituirea unei asocia\u0163ii, editarea unei reviste, l\u0103rgirea Sfatului MD, lansarea unui site cu o platform\u0103 liquid-feedback, scrierea unei c\u0103r\u0163i-manifest \u015fi \u00een final, LEGALIZAREA ca for\u0163\u0103 politic\u0103, toate, conform PRINCIPIILOR \u015fi OBIECTIVELOR, deja \u201eb\u0103tute \u00een cuie\u201d. Asta \u00eenseamn\u0103, c\u0103 LINIA IDEOLOGIC\u0102 este definitivat\u0103 \u00een mare parte, modific\u0103rile ulterioare, fiind totu\u015fi posibile \u00een urma DEZBATERILOR MEMBRILOR \u015fi a apari\u0163iei unor SITUA\u0162II CONJUNCTURALE NOI \u00een viitor.<br \/>\nDeci, deocamdat\u0103, cine vine \u00een MD, ACCEPT\u0102 \u00ceN GENERAL PRINCIPIILE A\u015eA CUM SUNT, chiar dac\u0103 are \u015fi alte IDEI, pe care va avea oportunitatea s\u0103 le prezinte, \u00een locurile predispuse !!!<br \/>\nToate aceste ac\u0163iuni se vor realiza prin VOLUNTARIAT, nefiind contemplate alte DREPTURI DE AUTOR, \u00een afara aceluia al MI\u015eC\u0102RII DACIA !!!<br \/>\nDeci cine va contribui \u00een orice fel la realizarea lor, nu va avea nicio \u201e\u00eentoarcere material\u0103\u201d, \u00een afara respectului cuvenit !<br \/>\nPrincipiul nostru de baz\u0103 al CONDUCERII COLECTIVE, elimin\u0103 protagonismul cuiva, singurul LEADERSHIP fiind acela al SFATULUI MD, care se va consulta \u015fi va decide TACTICA \u015eI STRATEGIA mi\u015fc\u0103rii. Oricine dore\u015fte s\u0103 contribuie efectiv la ac\u0163iunile SFATULUI \u015fi consider\u0103 c\u0103 are COMPETEN\u0162ELE necesare, se poate adresa unuia din membrii acestuia, pentru a fi inclus !&#8230; bine\u00een\u0163eles, dac\u0103 accept\u0103 \u00een principiu IDEILE noastre !<br \/>\nSFATUL MI\u015eC\u0102RII DACIA, este singurul for care poate modifica aceste PRINCIPII \u015eI OBIECTIVE, \u00een urma unor DEZBATERI INTERNE, publicizate inclusiv \u00een acest grup Facebook \u015fi aplicate pe o viitoare PLATFORM\u0102 LIQUID FEEDBACK.<\/p>\n<p>Reala\u0163ia mediatic\u0103 a SFATULUI cu \u201eexteriorul\u201d, este \u00eencredin\u0163at\u0103 PURT\u0102TORILOR DE CUV\u00c2NT ai acestuia, care \u00een momentul actual, sunt doi : \u0162eav\u0103 Gheorghe Giovanni &#8211; fondator \u015fi Ion Iustin B\u00eeli\u015f &#8211; coordonator Rom\u00e2nia. Dac\u0103 al\u0163i membrii ai Sfatului doresc s\u0103 fac\u0103 \u00ceN CUNO\u015eTIN\u0162\u0102 DE CAUZ\u0102 aceast\u0103 activitate de PURT\u0102TOR DE CUV\u00c2NT, ceilal\u0163i membrii se vor exprima prin vot, \u00een locurile predispuse. Deja sunt \u00een analiza Sfatului c\u00e2\u0163iva candida\u0163i pentru Basarabia, care vor trebui s\u0103 se prezinte la consult\u0103ri cu membrii acestuia, pentru confirmare.<\/p>\n<p>ATEN\u0162IE !!!<br \/>\nNimeni nu poate vorbi \u00een numele Mi\u015fc\u0103rii Dacia, \u00een afara PURT\u0102TORILOR DE CUV\u00c2NT !&#8230; nu este un drept exclusiv determinat de PROTAGONISM, ci de DISCIPLINA STATUTAR\u0102,\u00a0 COEREN\u0162A CU PRINCIPIILE \u015eI OBIECTIVELE MD, precum \u015fi de VIGILEN\u0162A \u00een a ne feri de DETURN\u0102RI \u015eI DENATUR\u0102RI !<\/p>\n<p><span style=\"color: #000000;\"><strong>SCOPUL STRATEGIC al MD este&#8230; GUVERNAREA<\/strong> <\/span>!<\/p>\n<p>\u00cen acest context, nu excludem colaborarea cu alte for\u0163e politice, dar aceasta se va face, \u00een cazul c\u0103 NU vom avea o MAJORITATE REPREZENTATIV\u0102 \u00ceN PARLAMENT, exclusiv pe baza unui PROGRAM \u00ceMP\u0102RT\u0102\u015eIT \u015fi nicidecum pe baza unui SPRIJIN NECONDI\u0162IONAT.<br \/>\nAsta, deoarece IDEILE noastre sunt INEDITE, neav\u00e2nd deocamdat\u0103 \u201ecu cine\u201d face o INTEGRARE IDEOLOGIC\u0102. Vom fi deschi\u015fi deci, unei COLABOR\u0102RI POLITICE , mul\u0163umindu-ne s\u0103 aplic\u0103m chiar \u015fi par\u0163ial, OBIECTIVE de-ale noastre, f\u0103r\u0103 a sus\u0163ine \u00eens\u0103, OBIECTIVE\u00a0 INCOMPATIBILE cu cele ale noastre !&#8230; este ceea ce se cheam\u0103 \u00een politic\u0103 SPRIJIN EXTERN CONDI\u0162IONAT, menit s\u0103 asigure GUVERNABILITATEA \u0162\u0102RII !<br \/>\nTrebuie s\u0103 se \u00een\u0163eleag\u0103 bine, c\u0103 GUVERNAREA nu este \u201ejoac\u0103 de copii\u201d, ci implic\u0103 COMPETEN\u0162\u0102, pe care \u00eenc\u0103 trebuie s-o \u201eachizi\u0163ion\u0103m\u201d \u015fi s\u0103 continu\u0103m s-o facem perpetuu ! Cu at\u00e2t mai mult, cu c\u00e2t noi dorim s\u0103 DEMOL\u0102M actualul SISTEM, cu a sa veche PARADIGM\u0102. \u00cen acest context, trebuie s\u0103 fim VIGILEN\u0162I \u015fi \u201es\u0103 nu c\u0103lc\u0103m str\u00e2mb\u201d, deoarece SISTEMUL este mai puternic dec\u00e2t \u00ee\u015fi imagineaz\u0103 mul\u0163i \u201eprotestatari\u201d, cu at\u00e2t mai mult, cu c\u00e2t&#8230; \u201eare cu\u0163itul \u00eentre coaste\u201d !!!<br \/>\nO s\u0103 proced\u0103m deci, f\u0103r\u0103 s\u0103 ne gr\u0103bim, profit\u00e2nd de CONJUNCTURI, pentru a evita orice COMPROMITERE a mi\u015fc\u0103rii. Nimeni nu trebuie s\u0103 \u201eaprind\u0103 focuri de paie\u201d din motive lesne de \u00een\u0163eles. Exist\u0103 \u201epartidule\u0163e de o zi\u201d, exist\u0103 asocia\u0163ii care v\u00e2nd filmule\u0163e \u015fi tricouri, exist\u0103 re\u0163ele sociale unde activitatea principal\u0103 este JOCUL \u015fi lansarea de MESAJE POPULISTE, \u015famd&#8230; NOI NU SUNTEM A\u015eA CEVA !&#8230; pentru ca cineva s\u0103 ne \u00ceN\u0162ELEAG\u0102 \u015fi s\u0103 se poat\u0103 conta pe el, TREBUIE S\u0102 IAS\u0102 DIN ACTUALA LOGIC\u0102 POLITIC\u0102 !&#8230; NOI CONSTRUIM O NOU\u0102 PARADIGM\u0102, \u00een care PROFITUL, MERCANTILISMUL, VIOLEN\u0162A DE ORICE FEL, INTERESUL PROPRIU SAU DE GRUP, POPULISMUL, GLOBALIZAREA, CONSUMERISMUL, etc&#8230;. N U \u00a0 A U \u00a0 \u00a0C E \u00a0 \u00a0C \u0102 U T A !<br \/>\n\u00cencep\u00e2nd din acest moment, trebuie s\u0103 atragem al\u0103turi de noi inclusiv MINORIT\u0102\u0162ILE, deoarece a\u015fa dicteaz\u0103 PRINCIPIILE noastre !&#8230; noi ne numim MI\u015eCAREA DACIA, pentru c\u0103 nimeni nu poate contesta c\u0103 a\u015fa se chema odat\u0103 acest teritoriu pe vremea c\u00e2nd eram RESPECTA\u0162I \u015fi chiar TEMU\u0162I \u015fi pentru c\u0103 nim\u0103nui nu-i este permis s\u0103 conteste CONTINUITATEA POPORULUI NOSTRU \u00ceN ACEST AREAL !<br \/>\nNoi nu suntem MI\u015eCAREA DACILOR !&#8230; cine se crede dac 100%, e dus cu pluta !&#8230; se poate spune doar, c\u0103 MAJORITATEA ROM\u00c2NILOR SUNT \u00ceN PRINCIPAL, MO\u015eTENITORII GENETICI AI TRACO-CARPO-GETO-DACILOR, dar asta nu \u00eenseamn\u0103 c\u0103 al\u0163ii au \u201edrepturi limitate\u201d ! Ceea ce garant\u0103m noi \u00een PRINCIPII, este REPREZENTARE PROPOR\u0162IONAL\u0102 \u00ceN REZOLVAREA PROBLEMELOR NA\u0162IONALE. Aceste PROBLEME, pot fi rezolvate TRAINIC, numai pe BAZELE S\u0102N\u0102TOASE ALE UNEI UNIUNI NA\u0162IONALE, INDIFERENT DE ETNIE !!!<br \/>\nLIMBAJUL NOSTRU POLITIC nu va avea elemente de POPULISM, ci vom numi \u015fi combate actualele concepturi de DEMOCRA\u0162IE, LIBERTATE, REPREZENTATIVITATE, etc., toate \u201egolite de con\u0163inut\u201d azi ! IPOCRIZIA SISTEMULUI, noi o vom denun\u0163a f\u0103r\u0103 ocoli\u015furi ! Vom pune \u201epe mas\u0103\u201d ADEV\u0102RATELE PROBLEME ale omenirii : SUPRAPOPULA\u0162IA, EPUIZABILITATEA RESURSELOR, CONTAMINAREA AMBIENTULUI, IMORALITATEA \u015eI INECHITATEA SISTEMULUI ACTUAL, LIPSA ADEV\u0102RATELOR VALORI, DEZVOLTAREA NESUSTENABIL\u0102, LIPSA DE RESPECT PENTRU NATUR\u0102 \u015eI LEGILE SALE, etc. \u015fi vom oferi SOLU\u0162II pentru TOATE DEODAT\u0102, ci nu PAR\u0162IALE !<br \/>\nNumai astfel, vom g\u0103si SOLU\u0162II VALABILE pentru ACTUALA CRIZ\u0102 SISTEMIC\u0102 !!!<br \/>\nPe plan interna\u0163ional, dorim O NOU\u0102 POLITIC\u0102 REGIONAL\u0102 pentru a crea o FOR\u0162\u0102 INTERMEDIAR\u0102 EST-VEST, capabil\u0103 s\u0103 fr\u00e2neze actualul curs de \u00ceMP\u0102R\u0162IRE A ZONELOR DE INFLUEN\u0162\u0102, care d\u0103uneaz\u0103 nou\u0103 \u015fi celor din preajma noastr\u0103.<br \/>\nVom milita pentru REUNIREA CELOR DOU\u0102 STATE ROM\u00c2NE\u015eTI, nu prin ACTE DE FOR\u0162\u0102 UNILATERALE, ci prin MUNC\u0102 DE CONVINGERE a popula\u0163iilor respective, indiferent de na\u0163ionalitate. Aplicarea unei NOI PARADIGME SOCIO-ECONOMCE, ar da \u201eo gur\u0103 de oxigen\u201d imens\u0103 acestui SCOP !!! Tot \u00een aceast\u0103 direc\u0163ie a REUNIFIC\u0102RII, un rol important \u00eel va avea DESCHIDEREA UNUI DIALOG CU RUSIA \u015fi cu UNIUNEA EUROPEAN\u0102, f\u0103r\u0103 \u201e\u00een\u0163elegerea\u201d acestora, nefiind posibil F\u0102R\u0102 TRAUME acest proces !!!<br \/>\nTot la capitolul POLITIC\u0102 EXTERN\u0102, vom pune un accent puternic pe ASIGURAREA UNOR DREPTURI FUNDAMENTALE PENTRU P\u0102STRAREA IDENTIT\u0102\u0162II NA\u0162IONALE , ROM\u00c2NILOR DIN JURUL ROM\u00c2NIEI !!! \u00cen cadrul NOII POLITICI REGIONALE, avem ca prioritate, UNIFORMIZAREA DE COMUN ACORD CU \u0162\u0102RILE VECINE, A DREPTURILOR MINORIT\u0102\u0162ILOR NA\u0162IONALE ! Numai astfel se poate dezamorsa BOMBA ETNIC\u0102 din arealul carpato-balcanic !!!<br \/>\n\u201eFIRUL RO\u015eU\u201d al strategiei interna\u0163ionale \u00een viziunea noastr\u0103, trebuie s\u0103 fie PRIETENIA, \u00ceN\u0162ELEGEREA \u015eI CHIAR \u201eNOI FORME DE INTEGRARE\u201d CU T\u0102RILE DIN PREJM\u0102, pentrun a asigura MEN\u0162INEREA IDENTIT\u0102\u0162II NOASTRE NA\u0162IONALE !<\/p>\n<p><span style=\"color: #000080;\"><strong>SCOPUL NOSTRU STRATEGIC, poate fi definit \u00een pu\u0163ine cuvinte : dorim IMPLEMENTAREA UNUI NOU MOD DE VIA\u0162\u0102, baz\u00e2ndu-ne pe ATACAREA CAUZELOR, ci nu a EFECTELOR, cum este indus\u0103 Lumea de c\u0103tre GUVERNAREA MONDIAL\u0102 !<\/strong><\/span><br \/>\n<span style=\"color: #000080;\"><strong> Acest SCOP, trebuie s\u0103-l urm\u0103rim folosind ACTUALELE MIJLOACE PE CARE LE AVEM LA DISPOZI\u0162IE, astfel justific\u00e2ndu-se ini\u0163iativele actuale<\/strong><\/span>.<br \/>\n<span style=\"color: #000000;\"><strong>REPET !<\/strong><\/span><br \/>\n<span style=\"color: #800000;\"><strong>SISTEMUL e \u00eenc\u0103 puternic \u015fi chiar periculos fiind \u201e\u00een corzi\u201d, iar combaterea sa, necesit\u0103 INTELIGEN\u0162\u0102 \u015fi COMPETEN\u0162\u0102 !<\/strong><\/span><br \/>\n<span style=\"color: #800000;\"><strong> MI\u015eCAREA DACIA \u00ee\u015fi cunoa\u015fte adversarul \u015fi caut\u0103 s\u0103-i anihileze \u201earmele\u201d, dar asta presupune o important\u0103 CRE\u015eTERE VALORIC\u0102 \u015eI NUMERIC\u0102, motiv pentru care suntem pe aici !&#8230; dac\u0103 om avea cu cine !?<\/strong><\/span><\/p>\n","protected":false},"excerpt":{"rendered":"<p>A\u015fa cum s-a anun\u0163at , \u00een plan TACTIC, MI\u015eCAREA DACIA este pe cale s\u0103-\u015fi l\u0103rgeasc\u0103 semnificativ activitatea. Astfel, sunt \u00een curs de realizare : \u00eenscrierea la OSIM, constituirea unei asocia\u0163ii, editarea unei reviste, l\u0103rgirea Sfatului MD, lansarea unui site cu o platform\u0103 liquid-feedback, scrierea unei c\u0103r\u0163i-manifest \u015fi \u00een final, LEGALIZAREA ca for\u0163\u0103 politic\u0103, toate, conform [&hellip;]<\/p>\n","protected":false},"author":2,"featured_media":0,"comment_status":"open","ping_status":"open","sticky":false,"template":"","format":"standard","meta":{"footnotes":""},"categories":[73],"tags":[531,475,210,698,390,295,318,116,1278,115],"jetpack_featured_media_url":"","_links":{"self":[{"href":"https:\/\/bassdu.mine.bz\/index.php?rest_route=\/wp\/v2\/posts\/3226"}],"collection":[{"href":"https:\/\/bassdu.mine.bz\/index.php?rest_route=\/wp\/v2\/posts"}],"about":[{"href":"https:\/\/bassdu.mine.bz\/index.php?rest_route=\/wp\/v2\/types\/post"}],"author":[{"embeddable":true,"href":"https:\/\/bassdu.mine.bz\/index.php?rest_route=\/wp\/v2\/users\/2"}],"replies":[{"embeddable":true,"href":"https:\/\/bassdu.mine.bz\/index.php?rest_route=%2Fwp%2Fv2%2Fcomments&post=3226"}],"version-history":[{"count":4,"href":"https:\/\/bassdu.mine.bz\/index.php?rest_route=\/wp\/v2\/posts\/3226\/revisions"}],"predecessor-version":[{"id":3229,"href":"https:\/\/bassdu.mine.bz\/index.php?rest_route=\/wp\/v2\/posts\/3226\/revisions\/3229"}],"wp:attachment":[{"href":"https:\/\/bassdu.mine.bz\/index.php?rest_route=%2Fwp%2Fv2%2Fmedia&parent=3226"}],"wp:term":[{"taxonomy":"category","embeddable":true,"href":"https:\/\/bassdu.mine.bz\/index.php?rest_route=%2Fwp%2Fv2%2Fcategories&post=3226"},{"taxonomy":"post_tag","embeddable":true,"href":"https:\/\/bassdu.mine.bz\/index.php?rest_route=%2Fwp%2Fv2%2Ftags&post=3226"}],"curies":[{"name":"wp","href":"https:\/\/api.w.org\/{rel}","templated":true}]}}