{"id":3234,"date":"2013-10-06T13:58:10","date_gmt":"2013-10-06T12:58:10","guid":{"rendered":"http:\/\/bassdu.mine.nu\/?p=3234"},"modified":"2013-10-06T20:59:51","modified_gmt":"2013-10-06T19:59:51","slug":"miscarea-dacia-la-congresul-international-de-dacologie-buzau-si-chisinau-16-21-august-2013-6","status":"publish","type":"post","link":"https:\/\/bassdu.mine.bz\/?p=3234","title":{"rendered":"\u201eMi\u015fcarea Dacia\u201d la Congresul Interna\u0163ional de Dacologie \u2013 Buz\u0103u \u015fi Chi\u015fin\u0103u \u2013 16-21 August 2013 (6)"},"content":{"rendered":"<p><span style=\"color: #000080;\"><strong>\u00a0 \u00a0 \u00a0 \u00a0 \u00a0 \u00a0 \u00a0 \u00a0 \u00a0 \u00a0 \u00a0 \u00a0 \u00a0 \u00a0 \u00a0 \u00a0 \u00a0 \u00a0 \u201e<span style=\"color: #800000;\">INI\u0162IEREA \u00ceN SPLENDOARE<\/span>\u201d<\/strong><\/span><\/p>\n<p>Printre persoanele cu care am dialogat la <a href=\"http:\/\/youtu.be\/cTgkWiqHAHs\">CONGRESUL DE DACOLOGIE DE LA BUZ\u0102U<\/a> , dup\u0103 prezentarea \u00een plen a MI\u015eC\u0102RII DACIA, f\u0103r\u0103 \u00eendoial\u0103 c\u0103 <span style=\"color: #000000;\"><strong>OTILIA S\u00ceRBU \u015fi CRISTIAN TIBERIU POPESCU<\/strong><\/span>, mi-au l\u0103sat o puternic\u0103 impresie, accentuat\u0103 dup\u0103 citirea c\u0103r\u0163ii pe care au scris-o \u00eempreun\u0103 sub titlul \u00a0<span style=\"color: #800000;\"><strong>\u201eINI\u0162IEREA \u00ceN SPLENDOARE\u201d<\/strong><\/span>, pe care o recomand c\u0103lduros, fiind \u00een ad\u00e2nc\u0103 sintonie cu SIM\u0162IREA mea \u015fi cu CEEA CE \u00ceNCERC\u0102M S\u0102 FACEM LA \u201eMI\u015eCAREA DACIA\u201d !<br \/>\n<span style=\"color: #000000;\"><strong>Lect. univ.dr. OTILIA S\u00ceRBU<\/strong><\/span> este scriitoare \u015fi Director al Departamentului de Litere \u015fi Limbi Str\u0103ine la Universitatea HYPERION.<br \/>\n<span style=\"color: #000000;\"><strong>CRISTIAN TIBERIU POPESCU<\/strong><\/span> este Istoric, Scriitor, Profesor la Universitatea \u201eHyperion\u201d, Lector si specialist in Kabbalah (Cabala), Membru al Uniunii Scriitorilor din Rom\u00e2nia, a publicat 13 c\u0103r\u021bi, dintre care 4 despre Ordinul Templierilor (\u201cClo\u0219ca cu pui\u201d \u2013 2003, \u201dTemplierii, Istorie \u0219i Mistere\u201d 2004, \u201cLiteratura European\u0103 \u0219i Tema Teplier\u0103\u201d \u2013 2010, \u201cFaima Templierilor\u201d \u2013 2011). Teatrul na\u021bional Radio i-a montat \u0219i difuzat 6 piese de teatru. Piesa \u201e\u0218i mai potoli\u021bi-l pe Eminescu\u201d s-a aflat \u00een repertoriul Teatrului Na\u021bional din Bucure\u0219ti. A primit mai multe premii \u0219i medalii pentru activitatea cultural\u0103 desf\u0103\u0219urat\u0103. \u00cen prezent, are preg\u0103tire piesa de teatru \u201eFilip \u0219i Clement\u201d.<\/p>\n<p><a href=\"http:\/\/bassdu.mine.nu\/images\/2013\/10\/coperta-1-4-initierea-in-splendoare.jpg\"><img loading=\"lazy\" decoding=\"async\" class=\"aligncenter size-full wp-image-3235\" alt=\"coperta 1-4 initierea in splendoare\" src=\"http:\/\/bassdu.mine.nu\/images\/2013\/10\/coperta-1-4-initierea-in-splendoare.jpg\" width=\"203\" height=\"320\" srcset=\"https:\/\/bassdu.mine.bz\/images\/2013\/10\/coperta-1-4-initierea-in-splendoare.jpg 203w, https:\/\/bassdu.mine.bz\/images\/2013\/10\/coperta-1-4-initierea-in-splendoare-190x300.jpg 190w\" sizes=\"(max-width: 203px) 100vw, 203px\" \/><\/a><\/p>\n<p>Specific de la bun \u00eenceput, c\u0103 nu sunt un om de litere \u015fi c\u0103 a trebuit s\u0103 citesc de dou\u0103 ori Cartea, plus c\u00e2teva recenzii pe pagina Facebook dedicat\u0103 \u015fi intitulat\u0103 sugestiv\u00a0<a href=\"https:\/\/www.facebook.com\/RevolutiaSinelui\">(R)evolu\u0163ia sinelui<\/a>, pentru a descifra deplin (zic eu) profundele sale semnifica\u0163ii. Concluzia mea, este c\u0103 PRINCIPIILE enun\u0163ate \u00een Carte sunt \u00een perfect\u0103 sintonie cu SPIRITUL Mi\u015fc\u0103rii Dacia ! Desigur c\u0103 aceast\u0103\u00a0<a href=\"http:\/\/revolutiasinelui.blogspot.ro\/\">MI\u015eCARE DE INI\u0162IERE \u00ceN SPLENDOARE<\/a> se adreseaz\u0103 unei categorii de \u201elucr\u0103tori cu Spiritul\u201d, pe c\u00e2nd Mi\u015fcarea Dacia este mai pragmatic\u0103 \u015fi are \u201eautori \u015fi auditoriu\u201d din alte categorii &#8230; complementare.<br \/>\nEste \u00eens\u0103 cert c\u0103, a\u015fa cum specific\u0103 \u015fi autorii, <span style=\"color: #800000;\"><strong>SPRE SPLENDOARE se poate veni dintr-o multitudine de direc\u0163ii<\/strong><\/span>, confluind \u00een acela\u015fi loc ! Este \u00een mod sigur a\u015fa, deoarece astfel se explic\u0103 \u015fi interesul autorilor pentru con\u0163inutul prezent\u0103rii Mi\u015fc\u0103rii Dacia de la <span style=\"color: #000000;\"><strong>Congresul de Dacologie de la Buz\u0103u !<\/strong><\/span><br \/>\nUn alt motiv de satisfac\u0163ie legat de participarea la Congresul de Dacologie, este acela de a constata c\u0103 acest \u201eambient\u201d este frecventat de \u201elume bun\u0103\u201d (\u00eenc\u0103 citesc din c\u0103r\u0163ile oferite de autori, despre care voi reveni cu detalii !?), ceea ce ne d\u0103 \u201earipi\u201d , c\u0103 tot e vorba de ZBOR ! Apropos de ZBOR, reamintesc tuturor c\u0103 <span style=\"color: #800000;\"><strong>noi nu suntem nici de dreapta \u015fi nici de st\u00e2nga, voind noi a fi DE DEASUPRA !<\/strong><\/span>&#8230; asemeni celor ce au ini\u0163iat <span style=\"color: #800000;\"><strong>(R)EVOLU\u0162IA SINELUI<\/strong><\/span> \u015fi noi am declarat din capul locului, c\u0103 (R)EVOLU\u0162IA pe care o proiect\u0103m, trebuie s\u0103 porneasc\u0103 de la &#8230; SINE ! &#8230; \u015fi noi suntem <span style=\"color: #800000;\"><strong>ANTI-SISTEM<\/strong><\/span> !&#8230; \u015fi noi <span style=\"color: #800000;\"><strong>CRE\u0102M<\/strong><\/span>\u00a0<span style=\"color: #800000;\"><strong>, deci suntem LIBERI !<\/strong><\/span>&#8230; \u015fi noi concepem <span style=\"color: #800000;\"><strong>SPLENDOAREA<\/strong><\/span> ca deriv\u00e2nd din EFORTURI COMUNE ! \u015famd.<\/p>\n<p><span style=\"color: #000000;\"><strong>CONCLUZIE FINAL\u0102<\/strong><\/span>.<br \/>\n<span style=\"color: #000000;\">Suntem \u00eenc\u00e2nta\u0163i c\u0103 o parte a ELITEI, vrea al\u0103turi de noi&#8230; UN ALT SISTEM<\/span> !<br \/>\n<span style=\"color: #000000;\">Sper\u0103m s\u0103 fim din ce \u00een ce mai MUL\u0162I \u00a0\u015fi mai COMPETEN\u0162I<\/span> !<\/p>\n<p>&nbsp;<\/p>\n<p>&nbsp;<\/p>\n","protected":false},"excerpt":{"rendered":"<p>\u00a0 \u00a0 \u00a0 \u00a0 \u00a0 \u00a0 \u00a0 \u00a0 \u00a0 \u00a0 \u00a0 \u00a0 \u00a0 \u00a0 \u00a0 \u00a0 \u00a0 \u00a0 \u201eINI\u0162IEREA \u00ceN SPLENDOARE\u201d Printre persoanele cu care am dialogat la CONGRESUL DE DACOLOGIE DE LA BUZ\u0102U , dup\u0103 prezentarea \u00een plen a MI\u015eC\u0102RII DACIA, f\u0103r\u0103 \u00eendoial\u0103 c\u0103 OTILIA S\u00ceRBU \u015fi CRISTIAN TIBERIU POPESCU, mi-au l\u0103sat o puternic\u0103 [&hellip;]<\/p>\n","protected":false},"author":2,"featured_media":0,"comment_status":"open","ping_status":"open","sticky":false,"template":"","format":"standard","meta":{"footnotes":""},"categories":[3,73],"tags":[1280,1156,1173,1282,1283,210,1281,295,1279],"jetpack_featured_media_url":"","_links":{"self":[{"href":"https:\/\/bassdu.mine.bz\/index.php?rest_route=\/wp\/v2\/posts\/3234"}],"collection":[{"href":"https:\/\/bassdu.mine.bz\/index.php?rest_route=\/wp\/v2\/posts"}],"about":[{"href":"https:\/\/bassdu.mine.bz\/index.php?rest_route=\/wp\/v2\/types\/post"}],"author":[{"embeddable":true,"href":"https:\/\/bassdu.mine.bz\/index.php?rest_route=\/wp\/v2\/users\/2"}],"replies":[{"embeddable":true,"href":"https:\/\/bassdu.mine.bz\/index.php?rest_route=%2Fwp%2Fv2%2Fcomments&post=3234"}],"version-history":[{"count":18,"href":"https:\/\/bassdu.mine.bz\/index.php?rest_route=\/wp\/v2\/posts\/3234\/revisions"}],"predecessor-version":[{"id":3245,"href":"https:\/\/bassdu.mine.bz\/index.php?rest_route=\/wp\/v2\/posts\/3234\/revisions\/3245"}],"wp:attachment":[{"href":"https:\/\/bassdu.mine.bz\/index.php?rest_route=%2Fwp%2Fv2%2Fmedia&parent=3234"}],"wp:term":[{"taxonomy":"category","embeddable":true,"href":"https:\/\/bassdu.mine.bz\/index.php?rest_route=%2Fwp%2Fv2%2Fcategories&post=3234"},{"taxonomy":"post_tag","embeddable":true,"href":"https:\/\/bassdu.mine.bz\/index.php?rest_route=%2Fwp%2Fv2%2Ftags&post=3234"}],"curies":[{"name":"wp","href":"https:\/\/api.w.org\/{rel}","templated":true}]}}