{"id":3255,"date":"2013-10-10T22:32:21","date_gmt":"2013-10-10T21:32:21","guid":{"rendered":"http:\/\/bassdu.mine.nu\/?p=3255"},"modified":"2013-10-12T11:24:04","modified_gmt":"2013-10-12T10:24:04","slug":"miscarea-5-stele-si-emigratia-clandestina","status":"publish","type":"post","link":"https:\/\/bassdu.mine.bz\/?p=3255","title":{"rendered":"\u201eMi\u015fcarea 5 Stele\u201d \u015fi&#8230; EMIGRA\u0162IA CLANDESTIN\u0102"},"content":{"rendered":"<p>Revin la postarea anterioar\u0103 <a href=\"http:\/\/bassdu.mine.nu\/?p=3214\">\u201eIPOCRIZIA SISTEMULUI ACTUAL\u201d<\/a>, deoarece \u00een MI\u015eCAREA 5 STELE a ap\u0103rut , a\u015fa cum b\u0103nuiam, o <a href=\"http:\/\/www.ilfattoquotidiano.it\/2013\/10\/10\/clandestinita-e-scontro-nel-m5s-dure-critiche-degli-eletti-alla-linea-grillo\/739286\/\">CR\u0102P\u0102TUR\u0102<\/a>\u00a0datorat\u0103 unor cauze pe care le voi expune mai jos.<br \/>\nO parte dintre deputa\u0163ii M5S au votat al\u0103turi de Partidul Democrat, o lege pentru DEPENALIZAREA EMIGRA\u0162IEI CLANDESTINE, pe \u201eunda emotiv\u0103\u201d a tragediei de la Lampedusa.<br \/>\nReac\u0163ia lui Grillo \u015fi Casaleggio a fost imediat\u0103, pe motiv c\u0103 a\u015fa ceva nu era \u00een PROGRAMUL M5S, pentru care italienii au votat mi\u015fcarea !&#8230; deci ac\u0163iunea deputa\u0163ilor a fost catalogat\u0103 ca \u201eini\u0163iativ\u0103 personal\u0103\u201d, \u00een contrast cu \u201elinia programatic\u0103 a mi\u015fc\u0103rii\u201d !<br \/>\nEvident c\u0103 acest episod demonstreaz\u0103 c\u0103 NU TO\u0162I CEI CARE AU VOTAT M5S, \u015eTIU CE PROGRAM ARE &#8230; nici m\u0103car unii dintre DEPUTA\u0162I !?!?&#8230; apare astfel motivat\u0103 realitatea unui POPULISM NEPRODUCTIV !<br \/>\nImediat a ap\u0103rut REAC\u0162IA SISTEMULUI, care l-a condamnat pe Grillo de EXTREMISM !!!<br \/>\nToate JURNALELE SISTEMULUI i-au s\u0103rit \u00een cap, OPINIA PUBLIC\u0102 fiind &#8230; revoltat\u0103 de INUMANITATEA lui Grillo !!!<\/p>\n<p>S\u0103 analiz\u0103m deci prin prisma PRINCIPIILOR Mi\u015fc\u0103rii Dacia evenimentul \u015fi s\u0103 tragem \u00ceNV\u0102\u0162\u0102MINTELE de rigoare, \u015ftiind c\u0103 noi \u201esuntem cu ochii pe M5S pentru a face INPUT\u201d<\/p>\n<p>Ceea ce Grillo explic\u0103 \u00een <a href=\"http:\/\/www.beppegrillo.it\/2013\/10\/reato_di_clandestinita.html\">POSTAREA<\/a>\u00a0sa legat\u0103 de EMIGRA\u0162IA CLANDESTIN\u0102, este c\u0103 SOLU\u0162IA nu este DEPENALIZAREA EMIGRA\u0162IEI CLANDESTINE, deoarece de acest fapt ar profita COMERCIAN\u0162II DE CARNE VIE din toat\u0103 lumea \u015fi nicidecum emigra\u0163ii clandestini, care tot SCLAVI devin , cu toat\u0103 \u201em\u0103rinimia sistemului\u201d, care este deci doar &#8230; aparent\u0103, dup\u0103 cum am demonstrat \u00een postarea anterioar\u0103.<br \/>\nPROMOTORII GLOBALIZ\u0102RII \u201eintoxic\u0103 opinia public\u0103 cu un BUNISM\u201d care nu se transpune \u00een realitate !!!<\/p>\n<p>Cine cunoa\u015fte LINIA POLITIC\u0102 A M5S \u015fi s-a informat din diversele sale documente , cunoa\u015fte SOLU\u0162IILE ADEV\u0102RATE :<br \/>\n&#8211; Eliminarea R\u0102ZBOAIELOR justificate cu EXPORTUL DE DEMOCRA\u0162IE.<br \/>\n&#8211; Stoparea GLOBALIZ\u0102RII , care produce grave repercursiuni asupra \u0162\u0102RILOR S\u0102RACE, inclusiv PLAGA EMOGR\u0102RII.<br \/>\n&#8211; Eliminarea CHELTUIELILOR MILITARE \u015fi deturnarea unei p\u0103r\u0163i pentru A AJUTA ACAS\u0102 LA EI pe fostele VICTIME ALE COLONIALISMULUI. (vezi cazul celor 35 de avioane de lupt\u0103 americane, pe care SISTEMUL vrea s\u0103 le bage pe g\u00e2t Italiei, a\u015fa cum vrea \u015fi cu Rom\u00e2nia).<br \/>\n&#8211; Reducerea drastic\u0103 a CHELTUIELILOR PARTIDELOR \u015eI STATULUI, pentru disponibilizarea de IMENSE FONDURI folosibile pentru BINELE COMUN.<br \/>\n&#8211; \u015famd.<\/p>\n<p>Aceste DEFEC\u0162IUNI ale M5S, eu le-am anticipat \u015fi promit s\u0103 \u0163inem cont la MI\u015eCAREA DACIA , pentru a nu repeta anumite GRE\u015eELI :<\/p>\n<p>1. ALEG\u0102TORII trebuiesc informa\u0163i despre PROGRAM, ca s\u0103 nu se ajung\u0103 ca \u00een cazul italian, la VOTUL DE PROTEST, NESPRIJINIT IDEOLOGIC.<br \/>\n\u00cen acest sens trebuie interpretat APELUL nostru frecvent la CITIREA MATERIALELOR de c\u0103tre aderen\u0163ii de azi \u015fi liderii de m\u00e2ine !<br \/>\n\u00cen acest sens vom DEMASCA IPOCRIZIA LIMBAJULUI DE LEMN care \u201eintoxic\u0103\u201d cu no\u0163iuni golite de con\u0163inut precum DEMOCRA\u0162IE, LIBERTATE, REPREZENTATIVITATE, PARTIDISM, GLOBALISM, PROFIT, CONCUREN\u0162\u0102, etc.<br \/>\nNoi nu vom avea dificult\u0103\u0163i s\u0103 cerem tuturor S\u0102-\u015eI VAD\u0102 LUNGUL NASULUI \u015fi S\u0102 VORBEASC\u0102 \u00ceN CUNO\u015eTIN\u0162\u0102 DE CAUZ\u0102, deoarece altfel, degeaba vorbim de COMPETEN\u0162\u0102 !!! Noi numim asta DICTATURA BUNULUI SIM\u0162 !!!&#8230; cui nu-i place, nu are dec\u00e2t s\u0103 se mul\u0163umeasc\u0103 cu ACTUALA DICTATUR\u0102, ca ferici\u0163i suferinzi de SINDROMUL STOCKHOLM ce sunt azi \u015fi s\u0103 urm\u0103reasc\u0103 HIPNOTIZA\u0162I ca \u015fi p\u00e2n\u0103 acum UMBRA PANOURILOR MITULUI CAVERNEI , incon\u015ftien\u0163i de LUMINA DE AFAR\u0102 !!!<\/p>\n<p>2. DEPUTA\u0162II trebuiesc FILTRA\u0162I \u00een faza de desemnare a candidaturilor, \u00een func\u0163ie de CUNOA\u015eTEREA PROGRAMULUI , de TERITORIU (conform AUTONOMIEI LOCALE) \u015fi a COMPETEN\u0162EI, semn\u00e2nd la momentul aprob\u0103rii candidaturii a unui CONTRACT CU ALEG\u0102TORII, care s\u0103 elimine IE\u015eIREA DIN LIMITELE MANDATULUI.<br \/>\n\u00cen aceast\u0103 chestiune, noi propunem ALEGERI LOCALE, dup\u0103 care , pentru nivelurile JUDE\u0162ENE-REGIONALE \u015fi NA\u0162IONALE, propunem o SELEC\u0162IE COMPUTERIZAT\u0102 pe baza unui PROGRAM INFORMATIC SPECIFIC, care s\u0103 selec\u0163ioneze \u201ecrema cremelor\u201d cu metode \u015eTIIN\u0162IFICE av\u00e2nd la baz\u0103 PRINCIPIILE \u015eI OBIECTIVELE MI\u015eC\u0102RII DACIA&#8230; cui nu-i place ALEGEREA COMPUTERIZAT\u0102, se va mul\u0163umi cu \u201eNUMIRILE DE LA CENTRU\u201d PE CRITERII DE TIP MAFIOS \u015fi va suporta acelea\u015fi CONSECIN\u0162E MULTIMILENARE !!!<\/p>\n<p>Desigur c\u0103 MoVimento Cinque Stelle a f\u0103cut \u015fi va mai face GRE\u015eELI, a\u015fa cum \u015fi Mi\u015fcarea Dacia a f\u0103cut \u015fi va mai face GRE\u015eELI, fiind DESCHIZ\u0102TOARE DE DRUMURI, dar noi putem avea posibilitatea pe care o au \u00eendeob\u015fte OAMENII INTELIGEN\u0162I, \u015fi anume aceea de a \u00eenv\u0103\u0163a din GRE\u015eELILE ALTORA !!!<\/p>\n<p>P.S. 1<br \/>\nAst\u0103zi a mai ajuns \u201eun barcone\u201d cu 500 de \u201eproveni\u0163i din Libia\u201d !&#8230; \u0103\u015ftia au ajuns cu bine !&#8230; \u015fi e doar diminea\u0163\u0103 !?&#8230; prilej pentru Pre\u015fedintele Napolitano, s\u0103 eviden\u0163ieze \u201eumanismul\u201d echipelor de salvare !? Bine\u00een\u0163eles c\u0103 nu sunt rasist, \u015fi mi-e profund\u0103 mil\u0103 de emigran\u0163ii care nu \u015ftiu \u201epe ce lume au venit\u201d, dar nici dobitoc nu sunt,\u00a0 s\u0103 nu pricep spre ce ne \u00eendrept\u0103m, nu numai \u00een Italia, deoarece deja \u015fi Rom\u00e2nia este \u201easaltat\u0103\u201d !!! Eu \u015ftiu !&#8230; voi \u015fti\u0163i care sunt responsabilii acestei situa\u0163ii ?&#8230; uita\u0163i-v\u0103 \u00een jurul vostru \u015fi c\u00e2nd o s\u0103 vede\u0163i unul care tun\u0103 \u015fi fulger\u0103 \u00eempotriva NA\u0162IONALISMULUI, s\u0103 \u015fti\u0163i c\u0103 e un &#8230; GLOBALIST !!!<\/p>\n<p>P.S. 2<br \/>\nO alt\u0103 nav\u0103 cu circa 250 de emigran\u0163i clandestini s-a r\u0103sturnat la 60 de mile de Lampedusa, \u00een ape interna\u0163ionale !!!&#8230; din nou cadavre \u00een Mediterana !&#8230; p\u00e2n\u0103 c\u00e2nd ? Din 1996, peste 6200 de persoane \u015fi-au pierdut via\u0163a numai \u00een Canalul Sicilian !? C\u00e2nd se va pune cap\u0103t DESTABILIZ\u0102RII \u0162\u0102RILOR AFRICANE \u015fi c\u00e2nd se va procede la ADEV\u0102RATE AJUTOARE pentru aceste popula\u0163ii ???<br \/>\n<a href=\"http:\/\/www.ilfattoquotidiano.it\/2013\/10\/11\/immigrazione-nel-canale-di-sicilia-barcone-con-250-migranti-in-difficola\/740817\/\">http:\/\/www.ilfattoquotidiano.it\/2013\/10\/11\/immigrazione-nel-canale-di-sicilia-barcone-con-250-migranti-in-difficola\/740817\/<\/a><\/p>\n<p>P.S. 3<br \/>\nAlte dou\u0103 nave cu circa 200 de clandestini, au fost conduse \u00een noapte de Marina Militar\u0103 c\u0103tre Lampedusa !?!?<\/p>\n<p>&nbsp;<\/p>\n","protected":false},"excerpt":{"rendered":"<p>Revin la postarea anterioar\u0103 \u201eIPOCRIZIA SISTEMULUI ACTUAL\u201d, deoarece \u00een MI\u015eCAREA 5 STELE a ap\u0103rut , a\u015fa cum b\u0103nuiam, o CR\u0102P\u0102TUR\u0102\u00a0datorat\u0103 unor cauze pe care le voi expune mai jos. O parte dintre deputa\u0163ii M5S au votat al\u0103turi de Partidul Democrat, o lege pentru DEPENALIZAREA EMIGRA\u0162IEI CLANDESTINE, pe \u201eunda emotiv\u0103\u201d a tragediei de la Lampedusa. Reac\u0163ia [&hellip;]<\/p>\n","protected":false},"author":2,"featured_media":0,"comment_status":"open","ping_status":"open","sticky":false,"template":"","format":"standard","meta":{"footnotes":""},"categories":[69,73],"tags":[779,1285,454,1284,1113,290,210,507,768,295,689,457],"jetpack_featured_media_url":"","_links":{"self":[{"href":"https:\/\/bassdu.mine.bz\/index.php?rest_route=\/wp\/v2\/posts\/3255"}],"collection":[{"href":"https:\/\/bassdu.mine.bz\/index.php?rest_route=\/wp\/v2\/posts"}],"about":[{"href":"https:\/\/bassdu.mine.bz\/index.php?rest_route=\/wp\/v2\/types\/post"}],"author":[{"embeddable":true,"href":"https:\/\/bassdu.mine.bz\/index.php?rest_route=\/wp\/v2\/users\/2"}],"replies":[{"embeddable":true,"href":"https:\/\/bassdu.mine.bz\/index.php?rest_route=%2Fwp%2Fv2%2Fcomments&post=3255"}],"version-history":[{"count":7,"href":"https:\/\/bassdu.mine.bz\/index.php?rest_route=\/wp\/v2\/posts\/3255\/revisions"}],"predecessor-version":[{"id":3257,"href":"https:\/\/bassdu.mine.bz\/index.php?rest_route=\/wp\/v2\/posts\/3255\/revisions\/3257"}],"wp:attachment":[{"href":"https:\/\/bassdu.mine.bz\/index.php?rest_route=%2Fwp%2Fv2%2Fmedia&parent=3255"}],"wp:term":[{"taxonomy":"category","embeddable":true,"href":"https:\/\/bassdu.mine.bz\/index.php?rest_route=%2Fwp%2Fv2%2Fcategories&post=3255"},{"taxonomy":"post_tag","embeddable":true,"href":"https:\/\/bassdu.mine.bz\/index.php?rest_route=%2Fwp%2Fv2%2Ftags&post=3255"}],"curies":[{"name":"wp","href":"https:\/\/api.w.org\/{rel}","templated":true}]}}