{"id":3283,"date":"2013-10-13T09:40:27","date_gmt":"2013-10-13T08:40:27","guid":{"rendered":"http:\/\/bassdu.mine.nu\/?p=3283"},"modified":"2013-10-13T10:57:26","modified_gmt":"2013-10-13T09:57:26","slug":"meritocratia","status":"publish","type":"post","link":"https:\/\/bassdu.mine.bz\/?p=3283","title":{"rendered":"MERITOCRA\u0162IA"},"content":{"rendered":"<p>Am fost \u201ebombardat\u201d \u00een ultimul timp de c\u0103tre aderen\u0163i ai<span style=\"color: #000000;\"><strong> Mi\u015fc\u0103rii Dacia<\/strong><\/span>, cu semnal\u0103ri ale apari\u0163iei unei <span style=\"color: #000000;\"><strong>MI\u015eC\u0102RI MERITOCRATE<\/strong><\/span>, , probabil \u00een perspectiva unei COLABOR\u0102RI (!?) , ideat\u0103 de <strong>PRIMO LAUREN\u0162IU<\/strong>, care o promoveaz\u0103 \u00een spa\u0163iul virtual, inclusiv la NA\u015eUL.TV , la propria televiziune online \u015fi pe blogul<a href=\" http:\/\/meritocratia.ro\/\"> http:\/\/meritocratia.ro\/<\/a> .<\/p>\n<p><iframe loading=\"lazy\" src=\"\/\/www.youtube.com\/embed\/vNgituAvQqo\" height=\"360\" width=\"640\" allowfullscreen=\"\" frameborder=\"0\"><\/iframe><\/p>\n<p>Am avut r\u0103bdarea s\u0103 urm\u0103resc filmule\u0163ul de mai sus \u015fi am intrat pe blogul men\u0163ionat, pentru a pricepe \u201efenomenul\u201d, mai ales c\u0103 \u015fi noi avem printre PRINCIPII la loc de frunte PROMOVAREA COMPETEN\u0162EI, ceea ce \u00een mare m\u0103sur\u0103 este acela\u015fi lucru.<br \/>\nPrimo Lauren\u0163iu, a scris chiar o carte intitulat\u0103 \u201eMERITOCRA\u0162IA &#8211; \u00a0SF\u00c2R\u015eITUL DEMOCRA\u0162IEI\u201d (ceea ce seam\u0103n\u0103 un pic cu ceea ce zicem \u015fi noi la Mi\u015fcarea Dacia), prezentat\u0103 astfel :<br \/>\n\u201e<strong><span style=\"color: #800000;\">Descriere<\/span><\/strong><br \/>\n<strong><span style=\"color: #800000;\"> O carte socanta&#8230; o carte care va juca probabil in istorie un rol asemanator cu cel jucat de &#8216;Capitalul&#8217; lui Marx &#8211; va duce probabil la miscari sociale si va reusi in cele din urma sa schimbe cursul istoriei. Sper ca aceasta carte va reusi sa schimbe lumea in care traim intr-o lume mai buna, mai dreapta, mai frumoasa. (Profesor Vasile Ion)<\/span><\/strong>\u201d<br \/>\nPrima impresie a fost aceea ce a recunoa\u015fte \u00een <span style=\"color: #000000;\"><strong>MI\u015eCAREA MERITOCRAT\u0102<\/strong><\/span>, o mai veche <span style=\"color: #000000;\"><strong>MI\u015eCARE TEHNOCRAT\u0102<\/strong><\/span> :.. dac\u0103 gre\u015fesc, voi fi adus pe calea adev\u0103rului !? Ambele \u201eformaturi\u201d se declar\u0103 ANTI-SISTEM, f\u0103r\u0103 a pune \u00eens\u0103 \u00een discu\u0163ie CAPITALISMUL, ci doar LIDESHIP-UL \u015fi mai nou DEMOCRA\u0162IA !? Se \u015ftie c\u0103 defini\u0163ia conceptului de ANTI-SISTEM, noi o d\u0103m altfel, dar iat\u0103 ce am descoperit la MI\u015eCAREA MERITOCRATIC\u0102 \u00a0de pe\u00a0<strong><span style=\"color: #000000;\">blog :<\/span><\/strong><br \/>\n<strong><span style=\"color: #000000;\"> 1. O prezentare video a unei lu\u0103ri de pozi\u0163ie apropos de MERITOCRA\u0162IE a lui Ben Bernanke &#8211; pre\u015fedinte Federal Reserve.<\/span><\/strong><br \/>\n<strong><span style=\"color: #000000;\"> 2. \u201eCandidatul la alegerile prezidentiale din partea Fundatiei Primo va fi DESEMNAT prin vot liber exprimat de catre membri fundatiei. Propunerile de candidati pot fi facute doar de catre fondator, Laurentiu Primo\u201d<\/span><\/strong>.<br \/>\n&#8230; \u015fi <span style=\"color: #333300;\">din <strong>filmule\u0163 :<\/strong><\/span><br \/>\n<strong><span style=\"color: #333300;\"> 1. Mi\u015fcarea Meritocratic\u0103 dore\u015fte implementarea PEDEPSEI CU MOARTEA !?!?<\/span><\/strong><br \/>\n<strong><span style=\"color: #333300;\"> 2. Bilderbergii ar fi \u201eNI\u015eTE PRO\u015eTI\u201d !?!? &#8230; asta pentru a sugera probabil c\u0103 tot ni\u015fte pro\u015fti ar putea face ce fac ei ???<\/span><\/strong><br \/>\n<strong><span style=\"color: #333300;\"> 3. Primo Lauren\u0163iu a scris SINGUR o CONSTITU\u0162IE, de\u015fi noi am repetat c\u0103 aceast\u0103 \u201escriere\u201d, se poate realiza NUMAI de un COLECTIV DE CONSTITU\u0162IONALI\u015eTI \u015eI AL\u0162I REPREZENTAN\u0162I AI SOCIET\u0102\u0162II, datorit\u0103 COMPLEXIT\u0102\u0162II deosebite a unui asemenea demers. De fapt, au mai \u00eencercat \u015fi al\u0163ii s\u0103 scrie o CONSTITU\u0162IE A CET\u0102\u0162ENILOR, fiind la fel de \u201edu\u015fi cu pluta\u201d, deoarece in primis, trebuiesc stabilite PRINCIPIILE unei NOI CONSTITU\u0162II \u015fi doar \u00een FINAL se poate imagina o RESCRIERE \u00a0a acestui ACT FUNDAMENTAL AL UNUI STAT , bine\u00een\u0163eles \u00een urma constituirii unei ADUN\u0102RI CONSTITUANTE \u015fi a desf\u0103\u015fur\u0103rii unui REFERENDUM NA\u0162IONAL !!!<\/span><\/strong><br \/>\n<strong><span style=\"color: #333300;\"> 4. Primo ne sugereaz\u0103\u00a0c\u0103 a primit recent INFORMA\u0162II REZERVATE de la PERSOANE INNOMINABILE, cum c\u0103 se va opri GULFSTREAM-ul \u015fi c\u0103 asta ar duce la o NOU\u0102 ER\u0102 GLACIAL\u0102 \u00een scurt timp !?!?&#8230; \u00eemi vine s\u0103-l \u00eentreb, de ce mai pierde timp cu MERITOCRA\u0162IA !?!?&#8230; ca s\u0103 nu-i mai zic ceva despre filmule\u0163e de acum 7 (\u015fapte) ani, care \u201edezv\u0103luie\u201d acest \u201esecret\u201d, dup\u0103 cum se poate constata pe youtube !?!?<\/span><\/strong><br \/>\n<span style=\"color: #333300;\"><strong>\u00a05 Ca s\u0103 nu mai pierd timp, mai amintesc d-lui Primo, c\u0103 o cre\u015ftere cu 7 m a nivelului oceanului planetar, nu va conduce la acoperirea a 7 etaje ale hotelului preferat, deoarece : sigur hotelul e cu ceva metrii deasupra nivelului m\u0103rii, parterul hotelurilor are de regul\u0103 peste 4 m, iar un etaj e mai \u00eenalt de o juma de metru<\/strong> !<\/span><\/p>\n<p><span style=\"color: #000080;\"><strong>Multe ar mai fi de spus, dar e suficient s\u0103 spunem ceea ce am mai spus&#8230; din p\u0103cate : NU AVEM CU CINE !!!<\/strong><\/span><br \/>\n<span style=\"color: #000080;\"><strong> Este \u00eens\u0103 ciudat, c\u0103 astfel de \u201epersonaje\u201d g\u0103sesc CALEA MEDIATIZ\u0102RII, iar noi NU !?&#8230; o explica\u0163ie exist\u0103, dar pu\u0163ini o pricep ! Noi pricepem \u015fi mai \u015ftim c\u0103 atunci c\u00e2nd vom AP\u0102REA, pre mul\u0163i o s\u0103 popim !!<\/strong><\/span>!<\/p>\n","protected":false},"excerpt":{"rendered":"<p>Am fost \u201ebombardat\u201d \u00een ultimul timp de c\u0103tre aderen\u0163i ai Mi\u015fc\u0103rii Dacia, cu semnal\u0103ri ale apari\u0163iei unei MI\u015eC\u0102RI MERITOCRATE, , probabil \u00een perspectiva unei COLABOR\u0102RI (!?) , ideat\u0103 de PRIMO LAUREN\u0162IU, care o promoveaz\u0103 \u00een spa\u0163iul virtual, inclusiv la NA\u015eUL.TV , la propria televiziune online \u015fi pe blogul http:\/\/meritocratia.ro\/ . Am avut r\u0103bdarea s\u0103 urm\u0103resc [&hellip;]<\/p>\n","protected":false},"author":2,"featured_media":0,"comment_status":"open","ping_status":"open","sticky":false,"template":"","format":"standard","meta":{"footnotes":""},"categories":[73],"tags":[1291,572,263,657,209,177,210,1289,1293,1292,1290,295],"jetpack_featured_media_url":"","_links":{"self":[{"href":"https:\/\/bassdu.mine.bz\/index.php?rest_route=\/wp\/v2\/posts\/3283"}],"collection":[{"href":"https:\/\/bassdu.mine.bz\/index.php?rest_route=\/wp\/v2\/posts"}],"about":[{"href":"https:\/\/bassdu.mine.bz\/index.php?rest_route=\/wp\/v2\/types\/post"}],"author":[{"embeddable":true,"href":"https:\/\/bassdu.mine.bz\/index.php?rest_route=\/wp\/v2\/users\/2"}],"replies":[{"embeddable":true,"href":"https:\/\/bassdu.mine.bz\/index.php?rest_route=%2Fwp%2Fv2%2Fcomments&post=3283"}],"version-history":[{"count":7,"href":"https:\/\/bassdu.mine.bz\/index.php?rest_route=\/wp\/v2\/posts\/3283\/revisions"}],"predecessor-version":[{"id":3286,"href":"https:\/\/bassdu.mine.bz\/index.php?rest_route=\/wp\/v2\/posts\/3283\/revisions\/3286"}],"wp:attachment":[{"href":"https:\/\/bassdu.mine.bz\/index.php?rest_route=%2Fwp%2Fv2%2Fmedia&parent=3283"}],"wp:term":[{"taxonomy":"category","embeddable":true,"href":"https:\/\/bassdu.mine.bz\/index.php?rest_route=%2Fwp%2Fv2%2Fcategories&post=3283"},{"taxonomy":"post_tag","embeddable":true,"href":"https:\/\/bassdu.mine.bz\/index.php?rest_route=%2Fwp%2Fv2%2Ftags&post=3283"}],"curies":[{"name":"wp","href":"https:\/\/api.w.org\/{rel}","templated":true}]}}