{"id":3298,"date":"2013-10-13T20:33:53","date_gmt":"2013-10-13T19:33:53","guid":{"rendered":"http:\/\/bassdu.mine.nu\/?p=3298"},"modified":"2013-10-14T09:35:50","modified_gmt":"2013-10-14T08:35:50","slug":"land-grabbing-sau-reaparitia-latifundiarilor-de-data-asta-internationali","status":"publish","type":"post","link":"https:\/\/bassdu.mine.bz\/?p=3298","title":{"rendered":"LAND GRABBING, sau reapari\u0163ia LATIFUNDIARILOR, de data asta INTERNA\u0162IONALI"},"content":{"rendered":"<p>Continu\u0103m a DEMASCA <span style=\"color: #000080;\"><strong>ADEV\u0102RATELE PROBLEME ALE OMENIRII<\/strong><\/span> \u015fi a prezenta <span style=\"color: #000080;\"><strong>SOLU\u0162II FEZABILE<\/strong><\/span>, dac\u0103 nu pentru acum, m\u0103car pentru VIITORUL APROPIAT, deoarece se apropie &#8230; SCADEN\u0162A !<\/p>\n<p>Un proces deja \u00ceN ACT, care se extinde inclusiv \u00een \u0163\u0103ri dezvoltate precum Italia \u015fi care va avea o \u201eexplozie\u201d \u015fi \u00een Rom\u00e2nia \u00eencep\u00e2nd de anul viitor, c\u00e2nd str\u0103inii vor putea achizi\u0163iona terenuri agricole, este <span style=\"color: #800000;\"><strong>LAND GRABBING<\/strong><\/span>-ul, adic\u0103 <span style=\"color: #800000;\">ACAPARAREA TERENURILOR AGRICOLE<\/span>, \u00een special pentru <span style=\"color: #800000;\">CULTURI NEALIMENTARE<\/span>, destinate ob\u0163inerii <span style=\"color: #800000;\">BIOCOMBUSTIBILILOR<\/span>.<br \/>\n<span style=\"color: #000080;\"><strong>Chestiunea BIOCOMBUSTIBILILOR este o FARS\u0102,\u00a0 \u201e\u00eembr\u0103cat\u0103 \u00eentr-o hain\u0103 ECOLOGIST\u0102\u201d !!<\/strong><\/span>!<br \/>\nAcest fenomen, foarte pregnant \u00een <strong><span style=\"color: #000000;\">Africa, deja afectat\u0103 de FOAMETE<\/span><\/strong>, va accentua actuala <span style=\"color: #000000;\"><strong>CRIZ\u0102 ALIMENTAR\u0102<\/strong><\/span>, \u015fi asta numai \u00een numele <span style=\"color: #000000;\"><strong>PROFITULUI<\/strong><\/span> \u015fi compens\u0103rii <span style=\"color: #000000;\"><strong>RESURSELOR PETROLIFERE EPUIZATE<\/strong><\/span> \u00een propor\u0163ie de peste 52%.<br \/>\n<span style=\"color: #000080;\"><strong>Mi\u015fcarea Dacia<\/strong><\/span> combate aceste <span style=\"color: #000000;\"><strong>ABERA\u0162II<\/strong><\/span> \u015fi propune un pachet de <span style=\"color: #000080;\"><strong>PRINCIPII \u015fi OBIECTIVE<\/strong><\/span> pentru : <span style=\"color: #000080;\">reducerea transportului pe cauciuc \u015fi \u00een general, REDUCEREA DRASTIC\u0102 A DEPENDEN\u0162EI DE COMBUSTIBILII FOSILI, SAU \u00ceNLOCUITORI, implementarea DESCRE\u015eTERII FERICITE \u015fi a DEZVOLT\u0102RII SUSTENABILE, \u00een principal prin ELIMINAREA ACTIVIT\u0102\u0162ILOR UMANE FUTILE, prin AUTARHIE la toate nivelurile \u015fi altele, deja detaliate \u00een documentele noastre<\/span> !<br \/>\n\u00cen Rom\u00e2nia se construiesc deja mari instala\u0163ii de <span style=\"color: #000000;\"><strong>BIOCOMBUSTIBIL<\/strong><\/span>, pe seama <span style=\"color: #000000;\"><strong>DETURN\u0102RII DE LA ADEV\u0102RATA DESTINA\u0162IE A TERENURILOR AGRICOLE PENTRU CULTURILE ALIMENTARE<\/strong><\/span>, f\u0103r\u0103 a se \u0163ine cont nici m\u0103car de faptul c\u0103 astfel de culturi determin\u0103 o <span style=\"color: #800000;\"><strong>ACCELERAT\u0102 DEGRADARE A SOLULUI !!<\/strong><\/span>!<br \/>\nSe \u015ftie de mult timp, c\u0103 urm\u0103toarea criz\u0103 va fi o CRIZ\u0102 ALIMENTAR\u0102, datorit\u0103 inclusiv, BIOCOMBUSTIBILILOR !!!<br \/>\n<span style=\"color: #800000;\"><strong>Cu toate astea, guvernan\u0163ii, nu numai cei rom\u00e2ni, nu mi\u015fc\u0103 un deget \u00een favoarea propriilor cet\u0103\u0163eni !?!?&#8230; vor da socoteal\u0103 !!<\/strong><\/span>!<\/p>\n<p>Un articol care dezv\u0103luie toate dedesubturile LAND-GRABBING-ului este urm\u0103torul :<br \/>\nhttp:\/\/www.ilfattoquotidiano.it\/2013\/10\/13\/distratta-dalla-crisi-italia-perde-terreni-agricoli\/734064\/<\/p>\n<p><span style=\"color: #000000;\"><strong>P.S.\u00a0<\/strong><\/span><br \/>\n<span style=\"color: #000000;\"><strong>INTERMEZZO LINGVISTI<\/strong><\/span><span style=\"color: #000000;\"><strong>C<\/strong><\/span><\/p>\n<p><span style=\"color: #000000;\"><strong>\u00ceN ATEN\u0162IA \u201eLINGVI\u015eTILOR LUI PE\u015eTE\u201d :<\/strong><\/span><\/p>\n<p><span style=\"color: #000000;\"><strong>LAND GRABBING \u00eenseamn\u0103 ACAPARAREA P\u0102M\u00c2NTULUI.<\/strong><\/span><\/p>\n<p><span style=\"color: #000000;\"><strong>Potrivit DIC\u0162IONARELOR,, cuv\u00e2ntul GREBL\u0102 ar avea origini&#8230; bulgare ( \u0433\u0440\u0435\u0431\u043b\u043e ) !?&#8230; deci \u015fi GRABBLING are aceea\u015fi origine !?!?<\/strong><\/span><br \/>\n<span style=\"color: #000000;\"><strong>Nu domnilor ! GREBL\u0102 e cuv\u00e2nt rom\u00e2nesc, derivat din limba traco-cel\u0163ilor, preluat \u00een bulgara AP\u0102RUT\u0102 RECENT \u00ceN AREALUL NOSTRU, deoarece a\u015fa indic\u0103 LOGICA !<\/strong><\/span><\/p>\n<p><span style=\"color: #000000;\"><strong>\u201eGR\u00c9BL\u0102, greble, s. f. 1. Unealt\u0103 sau ma\u0219in\u0103 agricol\u0103 cu ajutorul c\u0103reia se str\u00e2ng paiele, f\u00e2nul etc. sau cu care se m\u0103run\u021besc bulg\u0103rii de p\u0103m\u00e2nt, se niveleaz\u0103 solul etc. 2. Construc\u021bie orientat\u0103 transversal pe un curs de ap\u0103, servind la oprirea bu\u0219tenilor. \u2013 Din bg. greblo. <\/strong><\/span><br \/>\n<span style=\"color: #000000;\"><strong> Sursa: DEX &#8217;98 (1998)\u201d<\/strong><\/span><\/p>\n<p><span style=\"color: #000000;\"><strong>\u00cemi vine \u00een minte snoava cu or\u0103\u015feanca ce uitase cum se cheam\u0103 chestia aia de ADUNAT f\u00e2nul \u015fi de R\u00c2C\u00c2IT p\u0103m\u00e2ntul, c\u0103 de aia \u00een englez\u0103 \u00a0GREBL\u0102 se traduce cu RAKE !&#8230; dar LINGVI\u015eTII LUI PE\u015eTE vor zice c\u0103 asta o zice unul \u201ef\u0103r\u0103 patalama\u201d, deci e \u201ef\u0103r\u0103 sus\u0163inere patalamar\u0103\u201d !?!?<\/strong><\/span><br \/>\n<span style=\"color: #000000;\"><strong>Mi\u015fcarea Dacia va IMPUNE rescrierea dic\u0163ionarelor rom\u00e2ne\u015fti &#8230; c\u0103 \u0103\u015ftia nu \u015ftiu de vorb\u0103 bun\u0103 \u015fi le e necunoscut BUNUL SIM\u0162 !!!<\/strong><\/span><\/p>\n<p>&nbsp;<\/p>\n<p>&nbsp;<\/p>\n","protected":false},"excerpt":{"rendered":"<p>Continu\u0103m a DEMASCA ADEV\u0102RATELE PROBLEME ALE OMENIRII \u015fi a prezenta SOLU\u0162II FEZABILE, dac\u0103 nu pentru acum, m\u0103car pentru VIITORUL APROPIAT, deoarece se apropie &#8230; SCADEN\u0162A ! Un proces deja \u00ceN ACT, care se extinde inclusiv \u00een \u0163\u0103ri dezvoltate precum Italia \u015fi care va avea o \u201eexplozie\u201d \u015fi \u00een Rom\u00e2nia \u00eencep\u00e2nd de anul viitor, c\u00e2nd str\u0103inii [&hellip;]<\/p>\n","protected":false},"author":2,"featured_media":0,"comment_status":"open","ping_status":"open","sticky":false,"template":"","format":"standard","meta":{"footnotes":""},"categories":[73],"tags":[1307,913,1306,1304,1305,1302,1303,210,390,295],"jetpack_featured_media_url":"","_links":{"self":[{"href":"https:\/\/bassdu.mine.bz\/index.php?rest_route=\/wp\/v2\/posts\/3298"}],"collection":[{"href":"https:\/\/bassdu.mine.bz\/index.php?rest_route=\/wp\/v2\/posts"}],"about":[{"href":"https:\/\/bassdu.mine.bz\/index.php?rest_route=\/wp\/v2\/types\/post"}],"author":[{"embeddable":true,"href":"https:\/\/bassdu.mine.bz\/index.php?rest_route=\/wp\/v2\/users\/2"}],"replies":[{"embeddable":true,"href":"https:\/\/bassdu.mine.bz\/index.php?rest_route=%2Fwp%2Fv2%2Fcomments&post=3298"}],"version-history":[{"count":4,"href":"https:\/\/bassdu.mine.bz\/index.php?rest_route=\/wp\/v2\/posts\/3298\/revisions"}],"predecessor-version":[{"id":3300,"href":"https:\/\/bassdu.mine.bz\/index.php?rest_route=\/wp\/v2\/posts\/3298\/revisions\/3300"}],"wp:attachment":[{"href":"https:\/\/bassdu.mine.bz\/index.php?rest_route=%2Fwp%2Fv2%2Fmedia&parent=3298"}],"wp:term":[{"taxonomy":"category","embeddable":true,"href":"https:\/\/bassdu.mine.bz\/index.php?rest_route=%2Fwp%2Fv2%2Fcategories&post=3298"},{"taxonomy":"post_tag","embeddable":true,"href":"https:\/\/bassdu.mine.bz\/index.php?rest_route=%2Fwp%2Fv2%2Ftags&post=3298"}],"curies":[{"name":"wp","href":"https:\/\/api.w.org\/{rel}","templated":true}]}}