{"id":3304,"date":"2013-10-14T22:29:50","date_gmt":"2013-10-14T21:29:50","guid":{"rendered":"http:\/\/bassdu.mine.nu\/?p=3304"},"modified":"2013-10-15T22:11:10","modified_gmt":"2013-10-15T21:11:10","slug":"vallachia-din-muntii-tatra","status":"publish","type":"post","link":"https:\/\/bassdu.mine.bz\/?p=3304","title":{"rendered":"VALLACHIA DIN MUN\u0162II TATRA"},"content":{"rendered":"<p>\u00cen num\u0103rul 1088 al revistei FORMULA AS, ap\u0103rut\u0103 acum 10 zile (4.10.2013), afl\u0103m informa\u0163ii foarte interesante despre valahii din mun\u0163ii Tatra. Articolul se intituleaz\u0103 : <span style=\"color: #000000;\"><strong>\u201eURME ROM\u00c2NE\u015eTI : VLAHII, ST\u0102P\u00c2NII MUN\u0162ILOR TATRA\u201d<\/strong><\/span> \u015fi-l recomand c\u0103lduros tuturor.<br \/>\n<a href=\"http:\/\/www.formula-as.ro\/2013\/1088\/societate-37\/urme-romanesti-vlahii-stapanii-muntilor-tatra-16927\">http:\/\/www.formula-as.ro\/2013\/1088\/societate-37\/urme-romanesti-vlahii-stapanii-muntilor-tatra-16927<\/a><br \/>\n<span style=\"color: #000000;\"><strong>Totul este \u201ela locul s\u0103u\u201d \u00een acest articol, cu excep\u0163ia unui DETALIU f.f.f. important, care a sc\u0103pat autorilor<\/strong><\/span> !?<br \/>\nDac\u0103 studiem ISTORIA OFICIAL\u0102 a tuturor \u0162\u0102RILOR SLAVE din jurul Rom\u00e2niei, sau cea MAGHIAR\u0102 , afl\u0103m ca un FIR RO\u015eU, faptul c\u0103 valahii ar fi venit DE NU SE \u015eTIE UNDE \u00een spa\u0163iile lor na\u0163ionale : ungurii sus\u0163in c\u0103 venim \u00een Transilvania din sudul Dun\u0103rii, bulgarii , c\u0103 venim \u00een Balcani din &#8230; nordul Dun\u0103rii, ru\u015fii, c\u0103 venim la EST de Carpa\u0163i, dinspre SUD-VEST ( o sus\u0163ine \u015fi \u201eistoricul lui pe\u015fte\u201d DJUVARA !?!?), s\u00e2rbii, sus\u0163in c\u0103 valahii lor ar fi de fapt s\u00e2rbi romaniza\u0163i, polonezii sus\u0163in c\u0103 goralii (cum se numesc valahii lor, de la locul de ba\u015ftin\u0103 : P\u0102DURI), au venit din sud, croa\u0163ii sus\u0163in c\u0103 istrorom\u00e2nii vin din est, bosniacii c\u0103 venim din nord, grecii c\u0103 venim din nord, \u015famd.<br \/>\n<span style=\"color: #000000;\"><strong>Dac\u0103 facem SUMA VECTORIAL\u0102 a deplas\u0103rilor valahilor, ob\u0163inem ACTUALA ROM\u00c2NIE \u015fi cu asta suntem de acord !!!<\/strong><\/span><br \/>\nSingura chestie cu care nu sunt de acord este <span style=\"color: #000000;\"><strong>PERIOADA C\u00c2ND A AVUT LOC ACEST\u0102 &#8230; ROIRE !<br \/>\nE<\/strong><\/span>u sunt convins \u015fi am \u015fi argumente serioase, c\u0103 aceast\u0103\u00a0<span style=\"color: #000000;\"><strong>ROIRE DIN SPA\u0162IUL CARPATIC, a avut loc CU MULTE MILENII \u00ceNAINTE DE APARI\u0162IA \u00ceN EUROPA A MAGHIARILOR \u015eI SLAVILOR !!<\/strong><\/span>!<br \/>\nRezult\u0103 deci, c\u0103 <span style=\"color: #800000;\"><strong>VALAHII reprezentau POPULA\u0162IA AUTOHTON\u0102<\/strong><\/span> , \u00een momentul <span style=\"color: #800000;\">MIGRA\u0162IILOR SLAVE \u015eI MAGHIARE<\/span>.<br \/>\nObserva\u0163i c\u0103 am folosit cuvinte diferite precum <span style=\"color: #000000;\"><strong>ROIRE \u015fi MIGRA\u0162IE<\/strong><\/span>, care nu au aceea\u015fi defini\u0163ie.<br \/>\n<span style=\"color: #000000;\"><strong>ROIREA<\/strong><\/span> este fenomenul de deplasare LENT\u0102, PE DURATA A SUTE \u015eI SUTE DE ANI, datorat\u0103 SUPRAPOPUL\u0102RII SPA\u0162IULUI ORIGINAR, \u015fi este determinat\u0103 de ABUNDEN\u0162A DE HRAN\u0102, \u00ceMBR\u0102C\u0102MINTE, ENERGIE (LEMN), AP\u0102, SARE, VEGETA\u0162IE, FAUN\u0102, etc.<br \/>\n<span style=\"color: #000000;\"><strong>MIGRA\u0162IA<\/strong><\/span> este un fenomen RAPID, executat CU AJUTORUL FOR\u0162EI \u015fi este practicat\u0103 de popoare LIPSITE DE MIJLOACE DE SUBZISTEN\u0162\u0102 \u00ceN SPA\u0162IUL LOR ORIGINAR, a\u015fa cum a fost cazul slavilor (\u00eencep\u00e2nd din secolul al 7-lea d.C.) \u015fi al maghiarilor (\u00eencep\u00e2nd din secolul al 9-lea d.C.).<br \/>\nAceste MIGRA\u0162II au mai fost \u015fi rezultat al PRESIUNII ALTOR POPOARE MIGRATOARE.<br \/>\nMai sunt \u015fi alte POPOARE MIGRATOARE MINORE, care au disp\u0103rut prin EXTERMINARE , sau \u00een cele mai fericite cazuri prin ASIMILARE (vezi hunii, pecenegii, cumanii, etc.) cu ajutorul RELIGIEI CRE\u015eTINE CATOLICE \u015fi \u00eentr-o mult mai mic\u0103 m\u0103sur\u0103 a celei ORTODOXE.<br \/>\nFac o parantez\u0103 apropos de BULGARI, care conform ultimelor CERCET\u0102RI GENETICE, ar fi rude cu noi, c\u00e2nd de fapt POPORUL MIGRATOR AL BULGARILOR ERA TURCIC, ei fiind SLAVIZA\u0162I DE RU\u015eII care i-au \u015fi gonit par\u0163ial din zona Uralilor, spre Balcani. Acolo au dat peste AUTOHTONII TRACI, pe care \u201ei-au \u00eenc\u0103lecat\u201d \u015fi slavizat (proces ce continu\u0103 de sute de ani, fiind aproape finalizat cu excep\u0163ia Timocului Bulg\u0103resc) cu ajutorul cointeresat al BISERICII ORTODOXE BIZANTINE.<br \/>\n<span style=\"color: #000000;\"><strong>Aceste ISTORII OFICIALE ALE POPOARELOR DIN JURUL ROM\u00c2NIEI, sunt FALSE<\/strong><\/span>, iar vecinii no\u015ftri \u015eTIU asta \u015fi astfel avem explica\u0163ia <span style=\"color: #800000;\"><strong>URII \u015fi DISPRE\u0162ULUI<\/strong><\/span> cu care ne trateaz\u0103 pe noi <span style=\"color: #000000;\"><strong>VALAHII<\/strong><\/span>, urma\u015fii siguri ai <span style=\"color: #000000;\"><strong>TRACO-CARPO-GETO-DACILOR<\/strong><\/span>.<br \/>\nNumai polonezii, mai au c\u00e2te un istoric pe ici, pe colea, care sus\u0163ine c\u0103 POLONEZII SUNT TRACI DE NORD, deci rude cu&#8230; DACII !?<\/p>\n<p><span style=\"color: #000000;\"><strong>Revenind la OILE NOASTRE, cred c\u0103 nu e nevoie s\u0103 mai argumentez c\u0103<\/strong><\/span>\u00a0:<\/p>\n<p><strong><span style=\"color: #ff0000;\">1.<\/span><span style=\"color: #000080;\"><span style=\"color: #000000;\"> OIERITUL<\/span> este o OCUPA\u0162IE MULTIMILENAR\u0102 \u015fi este aceea care asigur\u0103 din bel\u015fug : L\u00c2N\u0102, LAPTE, BR\u00c2NZ\u0102, CARNE, BLAN\u0102 \u015eI PIELE, cu foarte pu\u0163in\u0103 M\u00c2N\u0102 DE LUCRU (de unde \u015fi bog\u0103\u0163ia oierilor din Balcani \u015fi p\u00e2n\u0103 \u00een Tatra, dup\u0103 cum rezult\u0103 \u015fi din articol)<\/span><\/strong><br \/>\n<span style=\"color: #000080;\"><strong><span style=\"color: #ff0000;\">2.<\/span> <span style=\"color: #000000;\">OIERITUL<\/span> are terenul cel mai propice de apari\u0163ie \u00een SPA\u0162IUL CARPATO-DUN\u0102REANO-PONTIC, deoarece este singurul spa\u0163iu din EURASIA care are 7 (\u015fapte) MUN\u0162I DE SARE, CEL MAI BOGAT BAZIN HIDROLOGIC, P\u0102\u015eUNI MONTANE \u015fi\u00a0 ZONE SUBMONTANE \u201eDULCI\u201d PENTRU IERNAT ( TRANSHUMAN\u0162A )<\/strong><\/span>.<\/p>\n<p><span style=\"color: #000000;\"><strong>Tuturor \u201eistoricilor lui pe\u015fte\u201d din vecini, trebuie s\u0103 li se pun\u0103 urm\u0103toarea \u00eentrebare, cu care li se va \u00a0\u00eenchide pe veci gura (spurcat\u0103)<\/strong><\/span> :<\/p>\n<p><span style=\"color: #800000;\"><strong>DAC\u0102 VALAHII AU \u00ceMP\u00c2NZIT MUN\u0162II CU OILE LOR \u00ceNCEP\u00c2ND DIN JURUL ANULUI 1000, NE POT SPUNE D\u00c2N\u015eII, CINE SE OCUPA DE PROCURAREA L\u00c2NEI, LAPTELUI, BR\u00c2NZEI, PIEILOR, BL\u0102NURILOR P\u00c2N\u0102 ATUNCI ???&#8230; c\u0103 doar OIERITUL nu a ap\u0103rut \u00een jurul anului 1000 , ci CU MULTE MILENII MAI DEVREME, fiind cea mai spectaculoas\u0103 REVOLU\u0162IE SOCIO-ECONOMIC\u0102, care a \u00eensemnat pentru mileniile urm\u0103toare CEA MAI RENTABIL\u0102 OCUPA\u0162IE<\/strong><\/span> !<\/p>\n<p><span style=\"color: #000000;\"><strong>Noi rum\u00e2nii \u201edin toate cele patru z\u0103ri\u201d, suntem CEL MAI NUMEROS POPOR DIN CENTRUL \u015eI SUD-ESTUL EUROPEI \u015fi nu am devenit a\u015fa deoarece avem CALIT\u0102\u0162I REPRODUCTIVE EXAGERATE, reu\u015find s\u0103 \u201esufoc\u0103m\u201d alte POPOARE MINORE, ci din contr\u0103, AM OFERIT BAZA actualelor na\u0163iuni din jurul Rom\u00e2niei, fiind noi la origini, CEL MAI NUMEROS POPOR EUROPEAN !!<\/strong><\/span>!<\/p>\n","protected":false},"excerpt":{"rendered":"<p>\u00cen num\u0103rul 1088 al revistei FORMULA AS, ap\u0103rut\u0103 acum 10 zile (4.10.2013), afl\u0103m informa\u0163ii foarte interesante despre valahii din mun\u0163ii Tatra. Articolul se intituleaz\u0103 : \u201eURME ROM\u00c2NE\u015eTI : VLAHII, ST\u0102P\u00c2NII MUN\u0162ILOR TATRA\u201d \u015fi-l recomand c\u0103lduros tuturor. http:\/\/www.formula-as.ro\/2013\/1088\/societate-37\/urme-romanesti-vlahii-stapanii-muntilor-tatra-16927 Totul este \u201ela locul s\u0103u\u201d \u00een acest articol, cu excep\u0163ia unui DETALIU f.f.f. important, care a sc\u0103pat autorilor [&hellip;]<\/p>\n","protected":false},"author":2,"featured_media":0,"comment_status":"open","ping_status":"open","sticky":false,"template":"","format":"standard","meta":{"footnotes":""},"categories":[3],"tags":[356,1315,1314,1312,1309,1316,1311,1313,1310,885,1235,491,1308,549,1050,837,469],"jetpack_featured_media_url":"","_links":{"self":[{"href":"https:\/\/bassdu.mine.bz\/index.php?rest_route=\/wp\/v2\/posts\/3304"}],"collection":[{"href":"https:\/\/bassdu.mine.bz\/index.php?rest_route=\/wp\/v2\/posts"}],"about":[{"href":"https:\/\/bassdu.mine.bz\/index.php?rest_route=\/wp\/v2\/types\/post"}],"author":[{"embeddable":true,"href":"https:\/\/bassdu.mine.bz\/index.php?rest_route=\/wp\/v2\/users\/2"}],"replies":[{"embeddable":true,"href":"https:\/\/bassdu.mine.bz\/index.php?rest_route=%2Fwp%2Fv2%2Fcomments&post=3304"}],"version-history":[{"count":3,"href":"https:\/\/bassdu.mine.bz\/index.php?rest_route=\/wp\/v2\/posts\/3304\/revisions"}],"predecessor-version":[{"id":3306,"href":"https:\/\/bassdu.mine.bz\/index.php?rest_route=\/wp\/v2\/posts\/3304\/revisions\/3306"}],"wp:attachment":[{"href":"https:\/\/bassdu.mine.bz\/index.php?rest_route=%2Fwp%2Fv2%2Fmedia&parent=3304"}],"wp:term":[{"taxonomy":"category","embeddable":true,"href":"https:\/\/bassdu.mine.bz\/index.php?rest_route=%2Fwp%2Fv2%2Fcategories&post=3304"},{"taxonomy":"post_tag","embeddable":true,"href":"https:\/\/bassdu.mine.bz\/index.php?rest_route=%2Fwp%2Fv2%2Ftags&post=3304"}],"curies":[{"name":"wp","href":"https:\/\/api.w.org\/{rel}","templated":true}]}}