{"id":3309,"date":"2013-10-16T21:58:33","date_gmt":"2013-10-16T20:58:33","guid":{"rendered":"http:\/\/bassdu.mine.nu\/?p=3309"},"modified":"2013-10-18T13:29:21","modified_gmt":"2013-10-18T12:29:21","slug":"scrisoare","status":"publish","type":"post","link":"https:\/\/bassdu.mine.bz\/?p=3309","title":{"rendered":"SCRISOARE"},"content":{"rendered":"<p>SCRISOARE<\/p>\n<p>Voi, ISTORICII \u015fi LINGVI\u015eTII LUI PE\u015eTE, pute\u0163i s\u0103 c\u0103uta\u0163i mult \u015fi bine prin cioburi \u015fi h\u00e2r\u0163oage !&#8230; v\u0103 explic eu cum e cu PRIMORDIALITATEA \u015fi cu CONTINUITATEA poporului meu !<br \/>\n\u015etiu c\u0103 \u015fi voi sunte\u0163i printre cei care DENIGREAZ\u0102 ocupa\u0163ia cea PRIMORDIAL\u0102 \u015fi c\u0103 azi Iua\u0163i \u00een batjocur\u0103 <a href=\"http:\/\/bassdu.mine.nu\/?p=3018\">OIERITUL<\/a> \u015fi OIERII , dar asta deoarece sunte\u0163i FIII ORA\u015eULUI care tr\u0103iesc pe spinarea SATULUI , singurul loc unde se p\u0103streaz\u0103 IDENTITATEA NA\u0162IONAL\u0102 a unui popor !<br \/>\nDin vremuri imemorabile, ORA\u015eUL \u2013 CETATEA a fost AD\u0102POSTUL VENETICILOR, \u015fi al celor celor F\u0102R\u0102 DE \u0162AR\u0102, chiar dac\u0103 autohtoni, care s-au \u00eenconjurat de ZIDURI pentru a-\u015fi men\u0163ine PRIVILEGIILE \u015fi CONTROLUL asupra PRODUC\u0102TORILOR DE BUNURI ESEN\u0162IALE !<br \/>\nPRIMA NECESITATE pentru asigurarea supravie\u0163uirii, a fost \u015fi va r\u0103m\u00e2ne HRANA \u015fi \u00ceMBR\u0102C\u0102MINTEA \u015fi astea nu se realizeaz\u0103 pe uli\u0163ele cet\u0103\u0163ilor !!!&#8230; acolo, doar se \u00eenzece\u015fte C\u00c2\u015eTIGUL \u201eINTERMEDIARILOR\u201d , pe spinarea PRODUC\u0102TORILOR, pentru ca mai apoi s\u0103 fie lua\u0163i \u015fi \u00een der\u00e2dere cu etichet\u0103ri dispre\u0163uitoare precum \u0162\u0102RAN \u015fi CIOBAN !?<br \/>\n&#8211; V\u0103 da\u0163i mari credincio\u015fi \u015fi ctitori\u0163i biserici, ignor\u00e2nd \u00een nimicnicia voastr\u0103, c\u0103 \u015fi Isus se definea&#8230; P\u0102STOR !?<br \/>\n&#8211; A\u0163i \u00eenlocuit L\u00c2NA, PIELEA \u015fi BLANA cu PETROLUL !<br \/>\n&#8211; CARNEA pe care ne-o pune\u0163i azi pe mas\u0103, apar\u0163ine unor animale care nu \u015ftiu ce-i P\u0102\u015eUNEA \u015fi LUMINA ZILEI ! Numai PUBLICITATEA MINCINOAS\u0102 ne mai am\u0103ge\u015fte cum arat\u0103 o vac\u0103 cu floarea \u00een gur\u0103.<br \/>\n&#8211; LAPTELE l-a\u0163i f\u0103cut PRAF, ca s\u0103 pute\u0163i s\u0103-l sub\u0163ia\u0163i c\u00e2t mai mult !<br \/>\n&#8211; BR\u00c2NZA cu care au crescut mii de genera\u0163ii, nu mai e bun\u0103 dac\u0103 nu trece prin vase de inox, c\u0103 alea STR\u0102MO\u015eE\u015eTI de LEMN \u015fi LUT, nu aduc PROFIT nim\u0103nui din ORA\u015e !<br \/>\n&#8211; A\u0163i fost autorii CIVILIZ\u0102RII prin chimizare, nuclearizare, \u201eexport de democra\u0163ie\u201d, convertire cu sabia, genociduri, etc.<br \/>\n&#8211; Str\u0103bunii no\u015ftri aveau \u201ec\u00e2te o plant\u0103 pentru fiecare betegeal\u0103\u201d, iar voi a\u0163i pus de INDUSTRII FARMACEUTICE cu care mai mult ne ort\u0103vi\u0163i, dec\u00e2t s\u0103 ne vindeca\u0163i !&#8230; poate c\u0103 asta \u015fi vre\u0163i !?<br \/>\n&#8211; Ca s\u0103 v\u0103 m\u0103ri\u0163i PROFITUL a\u0163i inventat E-urile \u015fi IRADIERILE, c\u0103 metodele de conservare str\u0103bune, nu puteau fi aplicate ro\u015fiilor \u015fi bananelor luate gratis unora mai sclavi ca noi \u015fi aduse peste m\u0103ri \u015fi \u0163\u0103ri pentru PROFITUL PETROLIERILOR !<br \/>\n&#8211; Str\u0103bunii no\u015ftri nu aveau SCLAVI, pe c\u00e2nd voi a\u0163i reu\u015fit deja s\u0103 ne sclaviza\u0163i pe to\u0163i !<br \/>\n&#8211; A\u0163i \u00eenterzis s\u0103 mai consum\u0103m produsele noastre tradi\u0163ionale, ca s\u0103 ne b\u0103ga\u0163i sub nas OTR\u0102VURILE VOASTRE MC-DONALD-iste !<br \/>\n&#8211; Ne-a\u0163i \u015fters TRADI\u0162IILE \u015fi a\u0163i adus MANELISMUL de pe alte meleaguri !<br \/>\n&#8211; Ne-a\u0163i \u015fters CREZURILE pentru a le face loc altora VENETICE !<br \/>\n&#8211; Ne-a\u0163i luat L\u00c2NA, INUL \u015fi C\u00c2NEPA ca s\u0103 ne fraieri\u0163i cu \u201e\u0163oalele de marc\u0103\u201d \u015fi cu \u201efibre sintetice\u201d ale acelora\u015fi PETROLIERI !<br \/>\n&#8211; Ne-a\u0163i deconsiderat MUNCA, pentru a da valoare FUTILULUI !<br \/>\n&#8211; Ne-a\u0163i gonit \u00een LUMEA LARG\u0102, ca s\u0103 pute\u0163i voi s\u0103 v\u0103 face\u0163i mendrele !<br \/>\n&#8211; Ne-a\u0163i desfiin\u0163at T\u0102RGURILE unde se practica TROCUL, pentru a v\u0103 introduce voi BANII VO\u015eTRI DE H\u00c2RTIE \u015fi a\u0163i inventat BURSE DE VALORI, unde se recunoa\u015fte deschis c\u0103 se face SPECUL\u0102 !<br \/>\n&#8211; Ne-a\u0163i \u015fters din \u201ememoria colectiv\u0103\u201d LEGEA NOASTR\u0102 VALAH\u0102, c\u0103 deh, nu era SCRIS\u0102 !?&#8230; \u015fi ne-a\u0163i adus LEGI STR\u0102INE de SPIRITUL NOSTRU !&#8230; \u015fi le-a\u0163i \u00eenmul\u0163it \u015fi continua\u0163i s-o face\u0163i, numai ca s\u0103 profita\u0163i voi din MUL\u0162IMEA \u015fi AMBIGUITATEA lor !<br \/>\n&#8211; A\u0163i inventat DREPTUL DE PROPRIETATE INTELECTUAL\u0102, ca s\u0103 pute\u0163i PROFITA numai voi \u201eale\u015fii\u201d !<br \/>\n&#8211; A\u0163i inventat \u015eOMAJUL ca ARM\u0102 DE \u015eANTAJ SOCIAL\u015fi l-a\u0163i adus aici unde \u00een str\u0103buni, OB\u015eTILE asigurau MUNC\u0102 PENTRU TO\u0162I \u015eI MAI PU\u0162IN\u0102&#8230; at\u00e2ta c\u00e2t s\u0103 asigure SUPRAVIE\u0162UIREA DEMN\u0102 \u015fi s\u0103 lase \u015fi timp de dedicat FAMILIEI \u015fi SUFLETULUI !<\/p>\n<p>V\u0103 avertizez c\u0103 ne fierbe s\u00e2ngele \u00een vine \u015fi c\u0103 mul\u0163i dintre voi, vor fi cur\u00e2nd&#8230; popi\u0163i !!!<\/p>\n<p>semneaz\u0103 : un \u0163\u0103ran<\/p>\n<p>P.S.<br \/>\n&#8230; \u015fi uite a\u015fa mi-au venit idei pentru o NOU\u0102 PARADIGM\u0102, ba chiar \u015fi pentru o MI\u015eCARE DACIA, care s\u0103 militeze pentru o \u201e\u00eentoarcere \u00een timp\u201d\u00a0 !&#8230; c\u0103 vorba aia : MERGEM \u00ceNAINTE, C\u0102 \u00ceNAINTE ERA MAI BINE !<\/p>\n","protected":false},"excerpt":{"rendered":"<p>SCRISOARE Voi, ISTORICII \u015fi LINGVI\u015eTII LUI PE\u015eTE, pute\u0163i s\u0103 c\u0103uta\u0163i mult \u015fi bine prin cioburi \u015fi h\u00e2r\u0163oage !&#8230; v\u0103 explic eu cum e cu PRIMORDIALITATEA \u015fi cu CONTINUITATEA poporului meu ! \u015etiu c\u0103 \u015fi voi sunte\u0163i printre cei care DENIGREAZ\u0102 ocupa\u0163ia cea PRIMORDIAL\u0102 \u015fi c\u0103 azi Iua\u0163i \u00een batjocur\u0103 OIERITUL \u015fi OIERII , dar asta [&hellip;]<\/p>\n","protected":false},"author":2,"featured_media":0,"comment_status":"open","ping_status":"open","sticky":false,"template":"","format":"standard","meta":{"footnotes":""},"categories":[73],"tags":[1322,142,1318,1323,1324,696,697,765,989,1320,654,1319,1317,313,717,1321],"jetpack_featured_media_url":"","_links":{"self":[{"href":"https:\/\/bassdu.mine.bz\/index.php?rest_route=\/wp\/v2\/posts\/3309"}],"collection":[{"href":"https:\/\/bassdu.mine.bz\/index.php?rest_route=\/wp\/v2\/posts"}],"about":[{"href":"https:\/\/bassdu.mine.bz\/index.php?rest_route=\/wp\/v2\/types\/post"}],"author":[{"embeddable":true,"href":"https:\/\/bassdu.mine.bz\/index.php?rest_route=\/wp\/v2\/users\/2"}],"replies":[{"embeddable":true,"href":"https:\/\/bassdu.mine.bz\/index.php?rest_route=%2Fwp%2Fv2%2Fcomments&post=3309"}],"version-history":[{"count":7,"href":"https:\/\/bassdu.mine.bz\/index.php?rest_route=\/wp\/v2\/posts\/3309\/revisions"}],"predecessor-version":[{"id":3311,"href":"https:\/\/bassdu.mine.bz\/index.php?rest_route=\/wp\/v2\/posts\/3309\/revisions\/3311"}],"wp:attachment":[{"href":"https:\/\/bassdu.mine.bz\/index.php?rest_route=%2Fwp%2Fv2%2Fmedia&parent=3309"}],"wp:term":[{"taxonomy":"category","embeddable":true,"href":"https:\/\/bassdu.mine.bz\/index.php?rest_route=%2Fwp%2Fv2%2Fcategories&post=3309"},{"taxonomy":"post_tag","embeddable":true,"href":"https:\/\/bassdu.mine.bz\/index.php?rest_route=%2Fwp%2Fv2%2Ftags&post=3309"}],"curies":[{"name":"wp","href":"https:\/\/api.w.org\/{rel}","templated":true}]}}