{"id":3370,"date":"2013-11-06T22:38:18","date_gmt":"2013-11-06T21:38:18","guid":{"rendered":"http:\/\/bassdu.mine.nu\/?p=3370"},"modified":"2013-11-06T22:46:11","modified_gmt":"2013-11-06T21:46:11","slug":"din-nou-despre-reunirea-celor-doua-state-romanesti","status":"publish","type":"post","link":"https:\/\/bassdu.mine.bz\/?p=3370","title":{"rendered":"Din nou despre REUNIREA CELOR DOU\u0102 STATE ROM\u00c2NE\u015eTI"},"content":{"rendered":"<p>Mi-a fost dat azi, s\u0103 citesc un interviu foarte interesant luat lui <strong>Octavian Milewski<\/strong>, politolog specializat in spatiul postsovietic, in prezent coordonator de proiect afiliat la Fondul International pentru Cooperare si Parteneriat al Marii Negre si al Marii Caspice.<br \/>\nIat\u0103 ce spune despre el \u00eensu\u015fi :<\/p>\n<p>\u201e<span style=\"color: #000080;\">Unul dintre scopuri este de a trezi interesul pentru subiecte de importan\u0163\u0103 major\u0103 pentru Rom\u00e2nia ce vin din spa\u0163iul est-european \u015fi care o afecteaz\u0103 \u00eentr-o m\u0103sur\u0103 mult mai mare dec\u00e2t ar vrea s\u0103 recunoasc\u0103 \u2013 m\u0103 refer la elitele politice, par\u0163ial \u015fi la cele academice. M\u0103 disper\u0103 cvasi-lipsa de expertiz\u0103 pe acest spa\u0163iu, precum \u015fi interesul sc\u0103zut pentru el. Polonia \u015fi Finlanda sunt exemple de urmat. \u00cemi doresc \u00eenfiin\u0163area unei institu\u0163ii guvernamentale pentru expertiz\u0103 strategic\u0103 pe acest spa\u0163iu.<\/span>\u201d<\/p>\n<p>Frumos g\u00e2nd, mai ales c\u0103 are perfect\u0103 dreptate apropos de clasa politic\u0103 \u015fi&#8230; academic\u0103, \u00een ceea ce prive\u015fte EXPERTIZA, sau cum o numim noi \u00a0COMPETEN\u0162A.<br \/>\nInterviul poate fi citit <a href=\"http:\/\/www.ziare.com\/europa\/moldova\/unirea-cu-r-moldova-nefezabila-daca-romania-si-ar-pierde-calitatea-de-membru-ue-interviu-1266400\">aici<\/a> \u015fi ne intereseaz\u0103 deoarece spune unele adev\u0103ruri pe care le-am relevat \u015fi noi la Mi\u015fcarea Dacia, dar spune \u015fi ni\u015fte BAZACONII pe care m\u0103 simt obligat s\u0103 le cenzurez :<\/p>\n<p>1. \u201e<span style=\"color: #800000;\">Octavian Milewski avertizeaza ca majoritatea populatiei R. Moldova doreste integrare in UE si doar 15% este favorabila unirii. Iar insistenta pe tema unirii ar putea duce la o alienare, nu la o apropiere.<\/span>\u201d<\/p>\n<p>FALS : Ceea ce fac tinerii manifestan\u0163i este \u201emen\u0163inerea spiritului unionist\u201d !<br \/>\nF\u0103r\u0103 aceste manifesta\u0163ii, Rusia \u015fi al\u0163ii, ar dormi lini\u015fti\u0163i, ceea ce NU SE \u00ceNT\u00c2MPL\u0102 azi !&#8230; asta e PROBA c\u0103 manifesta\u0163iile DERANJEAZ\u0102, deci AU UN ROST.<\/p>\n<p>2. \u201e.<span style=\"color: #800000;\">.. istoric, ceea ce a fost RDG reprezenta un teritoriu esential in istoria de peste 1.000 de ani a germanilor. In cazul teritoriului care astazi este denumit R. Moldova, vorbim de un teritoriu vlah ulterior romanesc &#8230;<\/span>\u201d<\/p>\n<p>HOPAAAA !? &#8230; \u0103sta a preluat de la \u201ecumanul\u201d Djuvara, ideea c\u0103 rum\u00e2nii ar fi ajuns dincolo de Prut \u201erecent\u201d !?<br \/>\n\u00censemna c\u0103 \u00eenaintea trecerii rum\u00e2nilor peste Prut, acolo erau alte popoare ?&#8230; care anume ?&#8230; \u015fi unde au \u201edisp\u0103rut\u201d ?<br \/>\nTeoria asta abracadabrant\u0103 a ROIRII\/MIGRA\u0162IEI DINSPRE VEST SPRE EST, nu are niciun suport istoric d-le geostrateg, \u00een contextul c\u0103 \u00een vremurile \u201edjuvariene\u201d, MIGRA\u0162IILE erau direc\u0163ionate &#8230; INVERS, deoarece au o caracteristic\u0103 : SE PLEAC\u0102 DE LA R\u0102U SPRE BINE !!!<br \/>\nEste adev\u0103rat c\u0103 din inima Carpa\u0163ilor s-a produs ROIREA str\u0103mo\u015filor no\u015ftri spre cele patru puncte cardinale, DAR ASTA A AVUT LOC CU VREO C\u00c2TEVA MILENII \u00ceNAINTEA vremurilor prospectate de Djuvara, prop\u0103v\u0103duite cu \u00eend\u00e2rjire \u015fi de DU\u015eMANII RUM\u00c2NISMULUI !<br \/>\nDeci : dac\u0103 germanii se pot baza pe vreo 1000 de ani de \u201etrecut istoric\u201d, noi rum\u00e2nii avem C\u00c2TEVA MILENII \u00ceN PLUS &#8230; cam dinaintea CUCUTENILOR !<br \/>\nTot din aceste cuvinte, s-ar deduce c\u0103 VLAHII \u015fi RUM\u00c2NII nu sunt aceea\u015fi chestie !?&#8230; cum le place \u201eslavilor din sud\u201d acest\u0103 afirma\u0163ie !?!?<\/p>\n<p>3. \u201e<span style=\"color: #800000;\">In al treilea rand, contextul in care cele doua Germanii s-au reunificat este unul exceptional din punct de vedere al negocierii intre superputerile de atunci, dar si marile puteri Europene, in special Franta si Marea Britanie. De fapt, una din conditiile esentiale ale incheierii Razboilului Rece a fost reunificarea Germaniei. In cazul nostru, imi pare foarte rau sa o spun <span style=\"text-decoration: underline;\"><strong>nu-mi inchipui contextul in care UE impreuna cu SUA si Rusia ar sta la aceeasi masa avand pe agenda tema reunificarii Romaniei si R. Moldova<\/strong><\/span>.<\/span>\u201d<\/p>\n<p>Noi la MI\u015eCAREA DACIA ne \u00eenchipuim un astfel de context : O MARE CRIZ\u0102 MONDIAL\u0102 \u00een care deja ne zbatem \u201eca pe\u015ftele pe uscat\u201d !<br \/>\nPu\u0163in\u0103 lume pricepe azi, c\u0103 TOATE MARILE CRIZE ALE SECOLULUI AL XIX-lea \u015fi al XX-lea, au fost MAGISTRAL folosite de rum\u00e2ni !?!? C\u00e2nd \u201emesenii men\u0163iona\u0163i\u201d vor avea din nou \u201edureri de cap \u00een propria b\u0103t\u0103tur\u0103\u201d, o s\u0103 ne facem \u015fi noi \u201emendrele\u201d ! &#8230; ce-ar fi d-le geostrateg s\u0103-i \u201estimul\u0103m\u201d pu\u0163in ???&#8230; ce , noi nu putem \u201emanipula\u201d ?&#8230; c\u0103 doar avem o gr\u0103mad\u0103 de a\u015fi pe m\u00e2nec\u0103 (a se citi \u00a0RESURSE)<\/p>\n<p>4. \u201e<span style=\"color: #800000;\"> Nemtii au invatat sa locuiasca treptat in diferite state, fie ca se numesc Germania, Austria, Elvetia, Lichtenshtein sau Luxemburg. Si trebuie sa subliniem, acestea sunt cele mai prospere state ale Europei<\/span>\u201d<\/p>\n<p>Hai s\u0103 nu tulbur\u0103m ape limpezi : toate popoarele enumerate se v\u0103d \u201eca negrul \u00een ochi\u201d unele pe altele !&#8230; vrem asta \u015fi pentru basarabeni \u015fi rum\u00e2ni ?<\/p>\n<p>5. \u201e<span style=\"color: #800000;\">Daca ar fi sa facem un calcul strict al procentelor din populatie, atunci e clar ca nu. Procentul unionistilor in R. Moldova oscileaza intre 10-15%, in timp ce pentru integrare cu UE se pronunta aproximativ 65%. Deci aproximativ doua treimi din populatie se pronunta pentru UE nu pentru Romania ca atare.<\/span>\u201d<\/p>\n<p>CORECT &#8230; dar s-a g\u00e2ndit d-l geostrateg la urm\u0103torul scenariu : \u201em\u00e2ine\u201d Republica Moldova intr\u0103 \u00een UE \u015fi\u00a0\u201epoim\u00e2nine\u201d&#8230; se d\u0103r\u00e2m\u0103 UE !?<br \/>\nNu-i dificil de presupus c\u0103 \u201e\u00eentr-un context de dezagregare\u201d, cei care au o ADEV\u0102RAT\u0102 LEG\u0102TUR\u0102 ANCESTRAL\u0102 se vor sprijini unul pe altul !<\/p>\n<p>6. \u201e<span style=\"color: #800000;\">Fortand, un pic nota, poate, ce ar fi daca prin unirea cu R.Moldova, Romania si-ar pierde calitatea de membru legitim al UE? Romania ar fi aruncata inapoi cu 15-20 de ani, intr-un malaxor geopolitic pe care toata lumea il credea uitat&#8230;<\/span>\u201d<\/p>\n<p>Ca geostrateg, ar fi trebuit s\u0103 \u015ftie c\u0103 EXCLUDEREA UNEI \u0162\u0102RI NU ESTE CONTEMPLAT\u0102 \u00ceN DOCUMENTELE UE, PENTRU NICIUN MOTIV !&#8230; singura posibilitate real\u0103 de desprindere a Rom\u00e2niei de UE, este o \u201eie\u015fire la cerere\u201d (un mod de a zice), iar asta este o ARM\u0102 DE \u015eANTAJ dac\u0103 este utilizat\u0103 cu CAP ! Ie\u015firea unilateral\u0103 a unei \u0163\u0103ri din UE ar duce la destr\u0103marea \u00eentregii uniuni !&#8230; oare nu avem noi motive de INSATISFAC\u0162IE suficiente ?&#8230; v\u0103 da\u0163i seama de \u201ebucuria\u201dMoscovei la a\u015fa isprav\u0103 ?&#8230; hai s\u0103 facem dou\u0103 \u201esocoteli geopolitice\u201d !&#8230;<\/p>\n<p>&#8230;&#8230;&#8230;&#8230;&#8230;&#8230;&#8230;&#8230;&#8230;&#8230;&#8230;&#8230;&#8230;.<\/p>\n<p>Nu pot s\u0103 nu accept \u00eens\u0103 urm\u0103toarea analiz\u0103, deoarece este perfect adev\u0103rat c\u0103 MONARHIA \u015eI CLASA POLITIC\u0102 INTERBELIC\u0102 au tratat necorespunz\u0103tor Basarabia \u015fi c\u0103 ar fi trebuit s\u0103 ne finlandiz\u0103m \u015fi noi !<br \/>\n\u201e<span style=\"color: #800000;\">Chiar si in perioada interbelica Basarabia a fost o periferie, pe care capitala Bucuresti a abandonat-o cu o notorie rapiditate in 1940 urmare a ultimatului URSS. Vedeti spre exemplu cum a procedat Finlanda in Razboiul de Iarna din 1940 dupa un ultimatum similar.<\/span>\u201d<\/p>\n<p><span style=\"color: #000080;\"><strong>\u00cen general, OCTAVIAN nu are p\u0103r pe limb\u0103, iar mie-mi place s\u0103 am de-a face mai degrab\u0103 cu \u201egeostrategi pesimi\u015fti\u201d, dec\u00e2t cu \u201eoptimi\u015fti\u201d !&#8230; l-a\u015f lua \u00een \u201eechip\u0103\u201d !<\/strong><\/span><br \/>\n<span style=\"color: #000080;\"><strong>Nu \u00eent\u00e2mpl\u0103tor \u201eunionismul\u201d Mi\u015fc\u0103rii Dacia , este INEDIT : noi vrem mai \u00eent\u00e2i o FEDERA\u0162IE A CELOR DOU\u0102 STATE RUM\u00c2NE\u015eTI, iar dup\u0103 aceea, ce va da Domnul<\/strong><\/span> !<\/p>\n","protected":false},"excerpt":{"rendered":"<p>Mi-a fost dat azi, s\u0103 citesc un interviu foarte interesant luat lui Octavian Milewski, politolog specializat in spatiul postsovietic, in prezent coordonator de proiect afiliat la Fondul International pentru Cooperare si Parteneriat al Marii Negre si al Marii Caspice. Iat\u0103 ce spune despre el \u00eensu\u015fi : \u201eUnul dintre scopuri este de a trezi interesul pentru [&hellip;]<\/p>\n","protected":false},"author":2,"featured_media":0,"comment_status":"open","ping_status":"open","sticky":false,"template":"","format":"standard","meta":{"footnotes":""},"categories":[73,1],"tags":[460,635,1359,210,197,1213,1358,1360,670,52,469],"jetpack_featured_media_url":"","_links":{"self":[{"href":"https:\/\/bassdu.mine.bz\/index.php?rest_route=\/wp\/v2\/posts\/3370"}],"collection":[{"href":"https:\/\/bassdu.mine.bz\/index.php?rest_route=\/wp\/v2\/posts"}],"about":[{"href":"https:\/\/bassdu.mine.bz\/index.php?rest_route=\/wp\/v2\/types\/post"}],"author":[{"embeddable":true,"href":"https:\/\/bassdu.mine.bz\/index.php?rest_route=\/wp\/v2\/users\/2"}],"replies":[{"embeddable":true,"href":"https:\/\/bassdu.mine.bz\/index.php?rest_route=%2Fwp%2Fv2%2Fcomments&post=3370"}],"version-history":[{"count":4,"href":"https:\/\/bassdu.mine.bz\/index.php?rest_route=\/wp\/v2\/posts\/3370\/revisions"}],"predecessor-version":[{"id":3374,"href":"https:\/\/bassdu.mine.bz\/index.php?rest_route=\/wp\/v2\/posts\/3370\/revisions\/3374"}],"wp:attachment":[{"href":"https:\/\/bassdu.mine.bz\/index.php?rest_route=%2Fwp%2Fv2%2Fmedia&parent=3370"}],"wp:term":[{"taxonomy":"category","embeddable":true,"href":"https:\/\/bassdu.mine.bz\/index.php?rest_route=%2Fwp%2Fv2%2Fcategories&post=3370"},{"taxonomy":"post_tag","embeddable":true,"href":"https:\/\/bassdu.mine.bz\/index.php?rest_route=%2Fwp%2Fv2%2Ftags&post=3370"}],"curies":[{"name":"wp","href":"https:\/\/api.w.org\/{rel}","templated":true}]}}