{"id":3377,"date":"2013-11-08T20:42:08","date_gmt":"2013-11-08T19:42:08","guid":{"rendered":"http:\/\/bassdu.mine.nu\/?p=3377"},"modified":"2013-11-08T20:42:08","modified_gmt":"2013-11-08T19:42:08","slug":"noua-medicina-germana","status":"publish","type":"post","link":"https:\/\/bassdu.mine.bz\/?p=3377","title":{"rendered":"NOUA MEDICIN\u0102 GERMAN\u0102"},"content":{"rendered":"<p>Am primt de cur\u00e2nd spre aprobare o postare \u015fi a\u015f fi putut s-o fac, deoarece este pe linia IDEILOR MI\u015eC\u0102RII DACIA, fiind vorba despre S\u0102N\u0102TATE, care are o IMPORTAN\u0162\u0102 STRATEGIC\u0102 NA\u0162IONAL\u0102.<br \/>\nMul\u0163umesc d-lui Florin Festila pentru c\u0103 a \u00een\u0163eles CE VREM NOI, propun\u00e2ndu-ne <a href=\"http:\/\/ungand.ro\/despre\/\">blogul personal<\/a> \u015fi-l sf\u0103tuim s\u0103-\u015fi finalizeze interesul, cu o DIPLOM\u0102 UNIVERSITAR\u0102 DE PROFIL ! D\u00e2nsul nu este medic \u015fi nicidecum nu sponsoriz\u0103m practicarea acestei ocupa\u0163ii deosebit de importante, de persoane NECOMPETENTE \u015fi NECALIFICATE, dar din cele declarate, \u015fi d\u00e2nsul \u201epune m\u00e2inile \u00eenainte\u201d cu bun sim\u0163, recomand\u00e2nd PRUDEN\u0162\u0102 \u00een abordarea acestor subiecte.<br \/>\nS\u0103 nu uit\u0103m c\u0103 sunt \u015fi excep\u0163ii precum VALERIU POPA, care nu trebuiesc totu\u015fi marginaliza\u0163i, pe motiv C\u0102 NU AU PATALAMA !?<br \/>\n\u00cemi vine \u00een minte o situa\u0163ie analog\u0103 creat\u0103 de ISTORICII CU PATALAMA, care exclud \u201epracticarea\u201d acestei discipline de c\u0103tre NEPROFESIONI\u015eTI, mai ales c\u00e2nd se trateaz\u0103 de PROTOCRONISM \u015fi DACISM !?<br \/>\nEste din ce \u00een ce mai evident, mai ales dup\u0103 afirmarea dr. HAMER cu a sa NOU\u0102 MEDICIN\u0102 GERMAN\u0102, c\u0103 exist\u0103 \u00eentotdeauna posibilitatea L\u0102RGIRII ORIZONTULUI CERCET\u0102RII MEDICALE, uneori redescoperind de fapt, ADEV\u0102RURI ANCESTRALE !?<br \/>\nA\u015fa cum \u015fi noi la MI\u015eCAREA DACIA, c\u0103ut\u0103m s\u0103 rezolv\u0103m grava situa\u0163ie socio-economic\u0103 ATAC\u00c2ND CAUZELE, tot a\u015fa \u015fi MEDICINA GERMAN\u0102 (un fel de a zice, deoarece de fapt e UNIVERSAL\u0102) abordeaz\u0103 BOALA !<br \/>\nAbordarea binomului CAUZ\u0102-EFECT este deosebirea fundamental\u0103 \u00eentre vechea \u015fi NOUA PARADIGM\u0102 !<br \/>\nAten\u0163ionez c\u0103 nu intr\u0103m \u00een DISPUTE IDEOLOGICE apropos de dr. HAMER, fiind noi interesa\u0163i exclusiv de LATURA MEDICAL\u0102.<br \/>\nCine vrea \u201eam\u0103nunte picante\u201d poate consulta wikipedia : <a href=\"http:\/\/http:\/\/en.wikipedia.org\/wiki\/Ryke_Geerd_Hamer\">http:\/\/en.wikipedia.org\/wiki\/Ryke_Geerd_Hamer<\/a><br \/>\nMI\u015eCAREA DACIA sprijin\u0103 aceast\u0103 MEDICIN\u0102 ALTERNATIV\u0102, numit\u0103 \u015fi MEDICIN\u0102 NATURIST\u0102, care de fapt a fost \u00ceNGROPAT\u0102 de reprezentan\u0163ii MULTINA\u0162IONALELOR FARMACEUTICE, f\u0103r\u0103 a nega \u00eens\u0103 MEDICINA OFICIAL\u0102 !<br \/>\nAcestea trebuiesc INTEGRATE \u015fi scoase de sub tutela ECONOMIEI DE PIA\u0162\u0102 !<br \/>\nMEDICINA NATURIST\u0102 trebuie s\u0103-\u015fi g\u0103seasc\u0103 locul cuvenit \u00een AULELE UNIVERSITARE, pentru a se evita apari\u0163ia unor \u201eFAL\u015eI PROFE\u0162I\u201d, m\u00e2na\u0163i de un singur g\u00e2nd : PROFITUL ! Ace\u015ftia se bazeaz\u0103 pe CREDULITATEA \u015fi IGNORAN\u0162A unora !?<br \/>\nBine\u00een\u0163eles c\u0103 suntem LA \u00ceNCEPUT DE DRUM \u015fi noi \u015fi dr. HAMER \u015fi c\u0103 trebuie s\u0103 punem BAZE \u015eTIIN\u0162IFICE demersului nostru !&#8230; dar \u00ceNCEPUTUL s-a produs !&#8230; se deliniaz\u0103 tot mai frecvent \u015fi \u00een toate domeniile de activitate o NOU\u0102 PARADIGM\u0102, \u00een special redescoperind ceea ce noi chem\u0103m LEGILE NATURALE, care sunt uneori total discordante cu LEGILE OAMENILOR !<\/p>\n","protected":false},"excerpt":{"rendered":"<p>Am primt de cur\u00e2nd spre aprobare o postare \u015fi a\u015f fi putut s-o fac, deoarece este pe linia IDEILOR MI\u015eC\u0102RII DACIA, fiind vorba despre S\u0102N\u0102TATE, care are o IMPORTAN\u0162\u0102 STRATEGIC\u0102 NA\u0162IONAL\u0102. Mul\u0163umesc d-lui Florin Festila pentru c\u0103 a \u00een\u0163eles CE VREM NOI, propun\u00e2ndu-ne blogul personal \u015fi-l sf\u0103tuim s\u0103-\u015fi finalizeze interesul, cu o DIPLOM\u0102 UNIVERSITAR\u0102 DE [&hellip;]<\/p>\n","protected":false},"author":2,"featured_media":0,"comment_status":"open","ping_status":"open","sticky":false,"template":"","format":"standard","meta":{"footnotes":""},"categories":[73],"tags":[1363,1365,1362,1152,1364,210,1361,49,995],"jetpack_featured_media_url":"","_links":{"self":[{"href":"https:\/\/bassdu.mine.bz\/index.php?rest_route=\/wp\/v2\/posts\/3377"}],"collection":[{"href":"https:\/\/bassdu.mine.bz\/index.php?rest_route=\/wp\/v2\/posts"}],"about":[{"href":"https:\/\/bassdu.mine.bz\/index.php?rest_route=\/wp\/v2\/types\/post"}],"author":[{"embeddable":true,"href":"https:\/\/bassdu.mine.bz\/index.php?rest_route=\/wp\/v2\/users\/2"}],"replies":[{"embeddable":true,"href":"https:\/\/bassdu.mine.bz\/index.php?rest_route=%2Fwp%2Fv2%2Fcomments&post=3377"}],"version-history":[{"count":2,"href":"https:\/\/bassdu.mine.bz\/index.php?rest_route=\/wp\/v2\/posts\/3377\/revisions"}],"predecessor-version":[{"id":3379,"href":"https:\/\/bassdu.mine.bz\/index.php?rest_route=\/wp\/v2\/posts\/3377\/revisions\/3379"}],"wp:attachment":[{"href":"https:\/\/bassdu.mine.bz\/index.php?rest_route=%2Fwp%2Fv2%2Fmedia&parent=3377"}],"wp:term":[{"taxonomy":"category","embeddable":true,"href":"https:\/\/bassdu.mine.bz\/index.php?rest_route=%2Fwp%2Fv2%2Fcategories&post=3377"},{"taxonomy":"post_tag","embeddable":true,"href":"https:\/\/bassdu.mine.bz\/index.php?rest_route=%2Fwp%2Fv2%2Ftags&post=3377"}],"curies":[{"name":"wp","href":"https:\/\/api.w.org\/{rel}","templated":true}]}}