{"id":3387,"date":"2013-11-23T01:17:38","date_gmt":"2013-11-23T00:17:38","guid":{"rendered":"http:\/\/bassdu.mine.nu\/?p=3387"},"modified":"2013-11-25T00:39:05","modified_gmt":"2013-11-24T23:39:05","slug":"profilul-aderentului-la-miscarea-dacia","status":"publish","type":"post","link":"https:\/\/bassdu.mine.bz\/?p=3387","title":{"rendered":"PROFILUL ADERENTULUI LA \u201eMI\u015eCAREA DACIA\u201d"},"content":{"rendered":"<p>\u201eMi\u015fcarea Dacia\u201d este purt\u0103toarea unor IDEI INEDITE \u00een spectrul politic rom\u00e2nesc, deci nu o s\u0103 st\u0103m s\u0103 despic\u0103m firul \u00een patru apropos de convingerile anterioare ale membrilor \u015fi mai ales, ale liderilor, din motive lesne de \u00een\u0163eles!&#8230; dar asta pentru un TIMP REZONABIL, deoarece odat\u0103 cu CUNOA\u015eTEREA \u015eI ACCEPTAREA PRINCIPIILOR \u015eI OBIECTIVELOR MI\u015eC\u0102RII DACIA, solicit\u0103m IMPLICARE EXCLUSIV\u0102, pentru a nu da prilej pentru AMBIGUIT\u0102\u0162I de tot felul. Din momentul intr\u0103rii \u00een structurile prezente \u015fi viitoare ale Mi\u015fc\u0103rii Dacia, un MEMBRU \u015fi cu at\u00e2t mai mult un LIDER, nu mai poate \u201epierde timp\u201d prin alte p\u0103r\u0163i, f\u0103r\u0103 ca EFICIEN\u0162A sa \u00een mi\u015fcare s\u0103 nu aib\u0103 de suferit! Desigur c\u0103 este chiar recomandat\u0103 o \u201eprezen\u0163\u0103 simbolic\u0103\u201d prin alte grupuri de socializare, dar STRICT cu scopul de a INFORMA asupra PRINCIPIILOR \u015eI OBIECTIVELOR noastre ! Este recomandabil ca aceste grupuri s\u0103 nu fie \u201eheirupiste\u201d \u015fi s\u0103 con\u0163in\u0103 un minim de \u201ematerial uman de calitate\u201d, deoarece noi c\u0103ut\u0103m COMPETEN\u0162E. Nu se concepe prezen\u0163a unui membru, sau cu at\u00e2t mai mult, a unui lider, \u00een zeci \u015fi sute de grupuri !!!&#8230; noi avem nevoie de ei ACUM \u015eI AICI !!! Suntem la \u00eenceput de drum \u015fi avem multe chestiuni de rezolvat!<br \/>\n\u00cempreun\u0103 cu al\u0163i colegi, voi vigila la acest\u0103 chestiune ! Nu se trateaz\u0103 de \u201esecurism\u201d, profilurile publice ale aderen\u0163ilor fiind mai mult dec\u00e2t exhaustive, ci doar de VIGILEN\u0162\u0102 ! Nu ne vom l\u0103sa manipula\u0163i, sau deturna\u0163i, iar asta presupune PERSOANE DE \u00ceNCREDERE !<br \/>\nNu evit a clarifica totodat\u0103, c\u0103 \u00een linii mari, acest PORTAL are un dublu rol : acela de a INFORMA (pentru cei mul\u0163i) \u015fi acela de a promova DEZBATEREA (pentru cei COMPETEN\u0162I).<br \/>\nPORTALUL va fi o adev\u0103rat\u0103 \u201e\u015fcoal\u0103 de partid\u201d !<br \/>\nSpecific totodat\u0103 c\u0103 LIDERII MI\u015eC\u0102RII, vor fi cei care vor avea un APORT CANTITATIV \u015fi aceia care vor avea un APORT CALITATIV, dup\u0103 cum am exemplificat \u00een mai multe materiale cu sintagma \u201esoldat-general\u201d. Nu se trateaz\u0103 de MILITARISM aici, ci de DISCIPLIN\u0102, care este cu totul \u015fi cu totul altceva.<br \/>\n\u00cen paralel cu AC\u0162IUNILE DE MANIPULARE \u015eI DETURNARE la care suntem expu\u015fi \u00een viitor, exist\u0103 deja \u015fi \u201epericolul\u201d ACAPAR\u0102RII IDEILOR NOASTRE. Este adev\u0103rat c\u0103 suntem adep\u0163ii SPIRITULUI OPEN SOURCE, dar din respect pentru activitatea trecut\u0103, prezent\u0103 \u015fi viitoare a zeci de aderen\u0163i, nu vom accepta \u201enecitarea sursei\u201d. Exist\u0103 mul\u0163i PLAGIATORI, o gr\u0103mad\u0103 de \u201edaci\u201d mai mult \u015fi mai pu\u0163in politiza\u0163i\/partitiza\u0163i, ca s\u0103 nu \u00eei pomenim pe diver\u015fii \u201eanalfabe\u0163i \u00een ale Istoriei \u015fi Socio-Economicului\u201d&#8230; noi nu avem nimic \u00een comun cu ace\u015ftia! Noi suntem activi de peste 4 ani \u015fi \u201enu o s\u0103 ne pun\u0103 nimeni picioarele \u00een cap\u201d !<br \/>\nNu scriu toate astea din \u201einteres personal\u201d, deoarece inten\u0163ia mea declarat\u0103 este de a nu m\u0103 integra \u00een nicio \u201eform\u0103 organizatoric\u0103 viitoare\u201d, deci nu pot fi b\u0103nuit de urm\u0103rirea \u201eosului de ros\u201d!&#8230; dar ca fondator al acestui \u201ecurent de g\u00e2ndire\u201d printre rum\u00e2ni, nici nu voi admite C\u0102LCAREA \u00ceN PICIOARE A PRINCIPIILOR \u015eI OBIECTIVELOR MD!&#8230; desigur c\u0103 vor fi schimb\u0103ri conjuncturale \u00een viitor, dar nu FUNDAMENTALE, ci doar de DETALIU!<br \/>\n\u201eMi\u015fcarea Dacia\u201d \u015fi \u201eoglinda\u201d sa pe Facebook \u201eMi\u015fcarea Virtual\u0103 Dacia\u201d, sunt fundamental diferite de tot ce e pe \u201epia\u0163\u0103\u201d la ora actual\u0103!<br \/>\nNoi nu ne pierdem timpul \u00een ANALIZE FUTILE, sau \u00een CONSEMN\u0102RI JURNALISTICE, ci avem inten\u0163ii clare de IMPLICARE \u00ceN VIA\u0162A POLITIC\u0102. Dac\u0103 cineva nu a priceput, PREOCUP\u0102RILE NOASTRE PE LINIA PROIECT\u0102RII \u015eI IMPLEMENT\u0102RII UNEI NOI PARADIGME SOCIO-ECONOMICE, se vor r\u0103sfr\u00e2nge \u00een POLITIC \u00een cazul unei CRE\u015eTERI CANTITATIVE \u015eI CALITATIVE SUBSTAN\u0162IALE.<\/p>\n<p>sursa : PORTALUL \u201eMi\u015fcarea Dacia\u201d<br \/>\n<a href=\"http:\/\/www.miscareadacia.ro\/index.php\/10-profilul-aderentului-la-miscarea-dacia\">http:\/\/www.miscareadacia.ro\/index.php\/10-profilul-aderentului-la-miscarea-dacia<\/a><\/p>\n","protected":false},"excerpt":{"rendered":"<p>\u201eMi\u015fcarea Dacia\u201d este purt\u0103toarea unor IDEI INEDITE \u00een spectrul politic rom\u00e2nesc, deci nu o s\u0103 st\u0103m s\u0103 despic\u0103m firul \u00een patru apropos de convingerile anterioare ale membrilor \u015fi mai ales, ale liderilor, din motive lesne de \u00een\u0163eles!&#8230; dar asta pentru un TIMP REZONABIL, deoarece odat\u0103 cu CUNOA\u015eTEREA \u015eI ACCEPTAREA PRINCIPIILOR \u015eI OBIECTIVELOR MI\u015eC\u0102RII DACIA, solicit\u0103m [&hellip;]<\/p>\n","protected":false},"author":2,"featured_media":0,"comment_status":"open","ping_status":"open","sticky":false,"template":"","format":"standard","meta":{"footnotes":""},"categories":[1],"tags":[1372,1373,324,177,210,698,390,208,1374,70,295],"jetpack_featured_media_url":"","_links":{"self":[{"href":"https:\/\/bassdu.mine.bz\/index.php?rest_route=\/wp\/v2\/posts\/3387"}],"collection":[{"href":"https:\/\/bassdu.mine.bz\/index.php?rest_route=\/wp\/v2\/posts"}],"about":[{"href":"https:\/\/bassdu.mine.bz\/index.php?rest_route=\/wp\/v2\/types\/post"}],"author":[{"embeddable":true,"href":"https:\/\/bassdu.mine.bz\/index.php?rest_route=\/wp\/v2\/users\/2"}],"replies":[{"embeddable":true,"href":"https:\/\/bassdu.mine.bz\/index.php?rest_route=%2Fwp%2Fv2%2Fcomments&post=3387"}],"version-history":[{"count":4,"href":"https:\/\/bassdu.mine.bz\/index.php?rest_route=\/wp\/v2\/posts\/3387\/revisions"}],"predecessor-version":[{"id":3389,"href":"https:\/\/bassdu.mine.bz\/index.php?rest_route=\/wp\/v2\/posts\/3387\/revisions\/3389"}],"wp:attachment":[{"href":"https:\/\/bassdu.mine.bz\/index.php?rest_route=%2Fwp%2Fv2%2Fmedia&parent=3387"}],"wp:term":[{"taxonomy":"category","embeddable":true,"href":"https:\/\/bassdu.mine.bz\/index.php?rest_route=%2Fwp%2Fv2%2Fcategories&post=3387"},{"taxonomy":"post_tag","embeddable":true,"href":"https:\/\/bassdu.mine.bz\/index.php?rest_route=%2Fwp%2Fv2%2Ftags&post=3387"}],"curies":[{"name":"wp","href":"https:\/\/api.w.org\/{rel}","templated":true}]}}