{"id":3392,"date":"2013-11-24T01:11:42","date_gmt":"2013-11-24T00:11:42","guid":{"rendered":"http:\/\/bassdu.mine.nu\/?p=3392"},"modified":"2013-11-24T01:11:42","modified_gmt":"2013-11-24T00:11:42","slug":"demitizarea-istoriei","status":"publish","type":"post","link":"https:\/\/bassdu.mine.bz\/?p=3392","title":{"rendered":"DEMITIZAREA ISTORIEI"},"content":{"rendered":"<p>Pu\u0163in\u0103 lume m\u0103 cite\u015fte \u015fi \u015fi mai pu\u0163in\u0103 m\u0103 \u00een\u0163elege c\u00e2nd vorbesc de o PARADIGM\u0102 VECHE DE MILENII !?<br \/>\nAzi o s\u0103 clarific viziunea mea asupra ISTORIEI, prin prisma PRINCIPIILOR \u015eI OBIECTIVELOR MI\u015eC\u0102RII DACIA.<br \/>\nAst\u0103zi, tuturor li se umple gura cu Burebista, Decebal, \u015etefan, Mihai, Mircea, Vlad, \u015famd., c\u0103rora le-au fost lipite uneori diverse epitete, cu evidentul scop de a cultiva ORGOLIUL NA\u0162IONAL, ceea ce la o prim\u0103 privire, este demn de respect.<br \/>\n\u00cen viziunea Mi\u015fc\u0103rii Dacia, ace\u015fti lideri au r\u0103mas \u00een Istorie pentru anumite fapte de arme, reforme, sau ac\u0163iuni, demne de tot respectul \u015fi recuno\u015ftin\u0163\u0103 posterioar\u0103, dar r\u0103m\u00e2n totu\u015fi EXPRESII ALE VECHII PARADIGME SOCIO-ECONOMICE pe care noi o sintetiz\u0103m \u00eentr-un singur cuv\u00e2nt, chiar dac\u0103 cu \u201enuan\u0163e\u201d diferite \u00een timp: SCLAVAGISM.<br \/>\nAce\u015ftia au ADMINISTRAT PUTEREA supun\u00e2ndu-se REGULILOR SISTEMULUI MULTIMILENAR , a\u015fa cum s-a procedat \u00een toat\u0103 lumea, cu BUNE \u015fi cu RELE. \u015ei Ceau\u015fescu a f\u0103cut lucruri bune, \u015fi este foarte adev\u0103rat !&#8230; dar a f\u0103cut \u015fi RELE \u015fi dac\u0103 nu reu\u015fim s\u0103 DISTINGEM BINELE DE R\u0102U, \u015fi s\u0103 le eviden\u0163iem ca atare, nu pornim pe o \u201ecale s\u0103n\u0103toas\u0103\u201d pentru MAREA SCHIMBARE!<br \/>\nIat\u0103 cum devine IMPERIOS NECESAR s\u0103 DEMITIZ\u0102M ISTORIA&#8230; s-o rescriem! Oricum va avea un caracter subiectiv, dar sigur va fi ca o ap\u0103 tulbure care se limpeze\u015fte \u00een timp !<br \/>\nIat\u0103 cum NOUA PARADIGM\u0102 nu permite MINCIUNA, chiar \u015fi c\u00e2nd ar avea un \u201eaparent efect benefic\u201d !&#8230; \u201eaparent\u201d, deoarece ILUZIILE nu trebuiesc cultivate, fiind&#8230; ILUZII !<br \/>\nAsta nu \u00eenseamn\u0103 \u00eens\u0103 nici s\u0103 ne ded\u0103m \u00a0la AUTOLEZIONISMUL NA\u0162IONAL, deoarece Istoria altor na\u0163ii e plin\u0103 cu MINCIUNI \u015fi mai sfruntate. Bine\u00een\u0163eles c\u0103 o NOU\u0102 PARADIGM\u0102 SOCIO-ECONOMIC\u0102 nu va putea fi impelmentat\u0103 exclusiv \u00een Rom\u00e2nia, ci LA NIVEL GLOBAL, deci MINCIUNII ar urma s\u0103-i fie t\u0103iate picioarele prea scurte \u00ceN TOAT\u0102 LUMEA!<br \/>\nCineva ar putea s\u0103 se \u00eendoiasc\u0103 de \u015eANSELE DE SUCCES ale unui asemenea curs promovat de \u201eMi\u015fcarea Dacia\u201d, dar asta deoarece NU CUNOA\u015eTE EVOLU\u0162IILE LA NIVEL GLOBAL, care indic\u0103 tot mai puternic apropierea MARII SCHIMB\u0102RI .<br \/>\nNu o s\u0103 intru \u00een DETALII apropos de acest argument al DEMITIZ\u0102RII ISTORIEI, dar \u00een paralel cu afirma\u0163ia NOI NU SUNTEM URMA\u015eII ROMEI, v\u0103 asigur c\u0103 sunt mii de alte afirma\u0163ii ce-\u015fi a\u015fteapt\u0103 DEST\u0102INUIREA, f\u0103r\u0103 ca rum\u00e2nii s\u0103 aib\u0103 motive s\u0103 se simt\u0103 mai prejos dec\u00e2t alte na\u0163ii !<br \/>\nNoi ne numim Mi\u015fcarea Dacia, deoarece se \u015ftie c\u0103 pe vremea aia, eram \u201ecei mai cinsti\u0163i \u015fi viteji dintre to\u0163i tracii\u201d \u015fi deja am avea motive s\u0103 ne stim\u0103m, de\u015fi Dacia lui Burebista, sau cea a lui Decebal, deja se supunea, chiar dac\u0103 \u00eentr-o m\u0103sur\u0103 mai mic\u0103 dec\u00e2t alte state, REGULILOR SISTEMULUI care sunt \u015fi azi \u00een vigoare. Ar fi fost poate mai nimerit s\u0103 ne numim MI\u015eCAREA GENTILIC\u0102, deoarece la acele R\u0102D\u0102CINI am vrea noi s\u0103 ne \u00eentoarcem. Chiar dac\u0103 nu am f\u0103cut-o, prin PRINCIPIILE \u015eI OBIECTIVELE noastre, \u201eacolo mergem\u201d, DACIA fiind mai mult un \u201ereper palpabil\u201d&#8230; un simbol al RE\u00ceNTOARCERII DIN DRUMUL \u00ceNFUNDAT PE CARE NE G\u0102SIM \u00a0!<\/p>\n","protected":false},"excerpt":{"rendered":"<p>Pu\u0163in\u0103 lume m\u0103 cite\u015fte \u015fi \u015fi mai pu\u0163in\u0103 m\u0103 \u00een\u0163elege c\u00e2nd vorbesc de o PARADIGM\u0102 VECHE DE MILENII !? Azi o s\u0103 clarific viziunea mea asupra ISTORIEI, prin prisma PRINCIPIILOR \u015eI OBIECTIVELOR MI\u015eC\u0102RII DACIA. Ast\u0103zi, tuturor li se umple gura cu Burebista, Decebal, \u015etefan, Mihai, Mircea, Vlad, \u015famd., c\u0103rora le-au fost lipite uneori diverse epitete, [&hellip;]<\/p>\n","protected":false},"author":2,"featured_media":0,"comment_status":"open","ping_status":"open","sticky":false,"template":"","format":"standard","meta":{"footnotes":""},"categories":[73],"tags":[202,203,45,1375,421,550,210,698,1376,608,457],"jetpack_featured_media_url":"","_links":{"self":[{"href":"https:\/\/bassdu.mine.bz\/index.php?rest_route=\/wp\/v2\/posts\/3392"}],"collection":[{"href":"https:\/\/bassdu.mine.bz\/index.php?rest_route=\/wp\/v2\/posts"}],"about":[{"href":"https:\/\/bassdu.mine.bz\/index.php?rest_route=\/wp\/v2\/types\/post"}],"author":[{"embeddable":true,"href":"https:\/\/bassdu.mine.bz\/index.php?rest_route=\/wp\/v2\/users\/2"}],"replies":[{"embeddable":true,"href":"https:\/\/bassdu.mine.bz\/index.php?rest_route=%2Fwp%2Fv2%2Fcomments&post=3392"}],"version-history":[{"count":1,"href":"https:\/\/bassdu.mine.bz\/index.php?rest_route=\/wp\/v2\/posts\/3392\/revisions"}],"predecessor-version":[{"id":3393,"href":"https:\/\/bassdu.mine.bz\/index.php?rest_route=\/wp\/v2\/posts\/3392\/revisions\/3393"}],"wp:attachment":[{"href":"https:\/\/bassdu.mine.bz\/index.php?rest_route=%2Fwp%2Fv2%2Fmedia&parent=3392"}],"wp:term":[{"taxonomy":"category","embeddable":true,"href":"https:\/\/bassdu.mine.bz\/index.php?rest_route=%2Fwp%2Fv2%2Fcategories&post=3392"},{"taxonomy":"post_tag","embeddable":true,"href":"https:\/\/bassdu.mine.bz\/index.php?rest_route=%2Fwp%2Fv2%2Ftags&post=3392"}],"curies":[{"name":"wp","href":"https:\/\/api.w.org\/{rel}","templated":true}]}}