{"id":3395,"date":"2013-11-24T14:21:32","date_gmt":"2013-11-24T13:21:32","guid":{"rendered":"http:\/\/bassdu.mine.nu\/?p=3395"},"modified":"2013-11-24T14:23:24","modified_gmt":"2013-11-24T13:23:24","slug":"demitizarea-crestinismului","status":"publish","type":"post","link":"https:\/\/bassdu.mine.bz\/?p=3395","title":{"rendered":"DEMITIZAREA IUDEO-CRE\u015eTINISMULUI"},"content":{"rendered":"<p>Repet c\u0103 \u201eMi\u015fcarea Dacia\u201d \u00ee\u015fi propune o NOU\u0102 PARADIGM\u0102 SOCIO-ECONOMIC\u0102!!!<br \/>\nCine a citit cu aten\u0163ie DOCUMENTELE noastre (pu\u0163ini!?), \u015fi cei \u015fi mai pu\u0163ini care au priceput ce scrie acolo, \u015fi-au dat poate seama CE \u00ceNSEAMN\u0102 asta !? Este foarte adev\u0103rat c\u0103 eu nu sunt un scriitor \u015fi poate nu reu\u015fesc \u00eentotdeauna s\u0103 fiu \u201econving\u0103tor\u201d !?<br \/>\n\u00cen postarea anterioar\u0103 am tratat DEMITIZAREA ISTORIEI \u00een contextul general al DEMITIZ\u0102RII ACTUALEI PARADIGME, VECHE DE MII DE ANI.<br \/>\nEste evident c\u0103 din aceasta, noi nu vom p\u0103stra ABSOLUT NIMIC \u201ein toto\u201d!<br \/>\nC\u00e2nd vorbim de VECHEA PARADIGM\u0102, este evident c\u0103 ne referim \u015fi la RELIGII, CLER \u015fi L\u0102CA\u015eURI DE CULT, toate fiind ORGANIC INCLUSE \u00ceN ACTUALUL SISTEM.<br \/>\nNu exist\u0103 partid actual care s\u0103 nu se afi\u015feze ca mari CRE\u015eTINI, MUSULMANI, INDUI\u015eTI, MOZAICI, etc. !?<br \/>\n\u201eMi\u015fcarea Dacia\u201d spune din capul locului, c\u0103 nu trateaz\u0103 chestiuni religioase, conform zicerii : \u201eS\u0103 d\u0103m Cezarului ce-i al Cezarului \u015fi lui Dumnezeu, ce-i al lui Dumnezeu !\u201d.<br \/>\nAsta nu \u00eenseamn\u0103 c\u0103 nu respect\u0103m CREDIN\u0162ELE tuturor, \u00een conformitate cu RESPECTUL PENTRU FIIN\u0162A UMAN\u0102 care ne caracterizeaz\u0103 !!!&#8230; dar noi ne ocup\u0103m de ALTCEVA !<br \/>\nNu suntem ca \u201eturma\u201d trecutelor \u015fi prezentelor forma\u0163iuni politice, care \u00eencearc\u0103 s\u0103 fac\u0103 CAPITAL POLITIC din RELIGIE , sau care \u015fi mai grav, adopt\u0103 FUNDAMENTALISMUL RELIGIOS ca principiu de baz\u0103 !<br \/>\nNoi nu facem a\u015fa ceva din mai multe motive fundamentale, care pot fi extrase din PRINCIPIILE \u015fi OBIECTIVELE noastre :<\/p>\n<p>1. \u00cen \u201eMi\u015fcarea Dacia\u201d avem \u015fi vom accepta \u015fi \u00een viitor, pe oricine, indiferent de CREDUL RELIGIOS \u015fi asta deoarece noi avem la baz\u0103 un principiu de UNITATE, ci nu de DEZBINARE\/GHETIZARE.<br \/>\n\u201eUNIREA FACE PUTEREA !\u201d se zice tot mai des, deci trebuie s\u0103 sper\u0103m \u015fi \u00eentr-o UNITATE SPIRITUAL\u0102.<\/p>\n<p>2. RELIGIILE au fost , sunt \u015fi vor fi (dac\u0103 nu se intervine radical pe aceast\u0103 tem\u0103), SURS\u0102 DE R\u0102ZBOAIE, CUCERIRI, CONVERTIRI FOR\u0162ATE, \u00a0MANIPUL\u0102RI, \u015famd., ceea ce orice om \u201ecu capul pe umeri\u201d nu poate s\u0103 nu fi priceput !? Aceasta este prima PROB\u0102 c\u0103 ceva \u201ee putred \u00een Danemarca\u201d !<\/p>\n<p>3. Toate RELIGIILE sunt divizate fiecare \u00een CURENTE INTERNE, ceea ce demonstreaz\u0103 INCOEREN\u0162\u0102 \u015fi creaz\u0103 impresia c\u0103 NIMIC din ceea ce ne este prezentat pe toate latitudinile \u015fi longitudinile ca fiind ADEV\u0102R ABSOLUT, nu r\u0103spunde cerin\u0163elor elementare ale acestui concept.<\/p>\n<p>4.\u00a0Anumite concepturi religioase, cum ar fi \u201eCrede \u015fi nu cerceta\u201d, sau \u201eDumnezeu a f\u0103cut omul ST\u0102P\u00c2N pe tot ce ne \u00eenconjoar\u0103\u201d, sunt ABSURDE \u00een contextul LEGILOR NATURII care ne \u00eencadreaz\u0103 ca PARTE A NATURII, ci nu \u00een POZI\u0162IE DOMINANT\u0102. Dumnezeu nu putea emite conceptul de ST\u0102P\u00c2N, care presupune conceptul de ST\u0102P\u00c2NIT\/SCLAV ! Despre CERCETARE nu mai vorbesc, deoarece a\u015fa cum frunzele caut\u0103 soarele \u015fi omul trebuie s\u0103 caute LUMINA ! Aceast\u0103 afirma\u0163ie se potrive\u015fte bine numai FOR\u0162ELOR OCULTE, care vor s\u0103 ne \u0163in\u0103 \u00een \u00ceNTUNERIC !<\/p>\n<p>5. Actuala paradigm\u0103, ne situeaz\u0103 for\u0163at \u00een epoca IUDEO-CRE\u015eTINISMULUI, chiar dac\u0103 R\u0102D\u0102CINILE NOASTRE SPIRITUALE nu sunt \u00een Palestina. Putem afirma cu t\u0103rie c\u0103 omul nu a fost creat acum 7000 de ani, dup\u0103 cum putem afirma c\u0103 IUDEO-CRE\u015eTINISMUL a derivat din RELIGIILE ANTERIOARE (vezi post\u0103ri apropos de MITRAISM).<\/p>\n<p>6. IUDEO-CRE\u015eTINISMUL \u00a0a fost IMPUS \u00een spa\u0163iul carpato-dun\u0103reano-pontic de MIGRATORII din vest \u015fi din sud-est, care s-au convertit la ROMA \u015fi la CONSTANTINOPOL, pentru a subjuga POPULA\u0162IA AUTOHTON\u0102. P\u0103rerea mea personal\u0103, este c\u0103 ace\u015fti autohtoni nu au fost cre\u015ftini p\u00e2n\u0103 acum vreo mie de ani (\u00een actualul sens al cuv\u00e2ntului), ci doar la nivel de PRINCIPII.<br \/>\nAceste PRINCIPII sunt ANTERIOARE \u00eens\u0103 apari\u0163iei cre\u015ftinismului, iar \u201e\u00eensu\u015firea\u201d lor de c\u0103tre CLERURI justific\u0103 opinia c\u0103 \u201eeram cre\u015ftini \u00eenainte de Cristos\u201d. \u00cen vremuri str\u0103vechi, pe vremea c\u00e2nd ocupa\u0163ia noastr\u0103 de baz\u0103 era OIERITUL \u015fi TRANSHUMAN\u0162A, e greu de imaginat o BISERIC\u0102. Aceasta a ap\u0103rut odat\u0103 cu CIVILIZA\u0162IA OR\u0102\u015eENEASC\u0102. Noi rum\u00e2nii suntem ULTIMII care am ie\u015fit din CIVILIZA\u0162IA S\u0102TEASC\u0102-TRIBAL\u0102, dup\u0103 ce ROMANII au distrus MATERIAL \u015eI SPIRITUAL CIVILIZA\u0162IA DACIC\u0102. \u00cen vremurile dinaintea CUCERIRII \u00a0ROMANE, religia str\u0103mo\u015filor no\u015ftri era \u201einstitu\u0163ionalizat\u0103\u201d (Deceneu) \u015fi avea la baz\u0103 LEGILE BELAGINE, care au fost preluate CU MARI DENATUR\u0102RI de c\u0103tre religiile ulterioare. Acestea \u201eau ad\u0103ugat \u015fi au ignorat \u00een func\u0163ie de propiile convingeri religioase\u201d, ALTER\u00c2ND SPIRITUL ORIGINAL, pe care mai ales BOR, are obliga\u0163ia moral\u0103 de a-l DEST\u0102INUI !<\/p>\n<p>A\u015f putea continua cu ARGUMENTELE, dar cred c\u0103 e suficient.<\/p>\n<p>Precizez totodat\u0103, c\u0103 un principiu de baz\u0103 al Mi\u015fc\u0103rii Dacia este acela de A LUA CE-I BUN DE ORIUNDE \u015fi de a IGNORA ceea ce nu merit\u0103 preluat ! \u00cen acest sens, eu personal m\u0103 consider \u201ecre\u015ftin prin tradi\u0163ia \u00eenainta\u015filor mei direc\u0163i\u201d, deci respect aceast\u0103 tradi\u0163ie.<br \/>\n\u201eMi\u015fcarea Dacia\u201d nu se define\u015fte deci din punctul meu de vedere \u201eanti-religioas\u0103\u201d, ci \u201e\u00een afara sferei de COMPETEN\u0162\u0102\u201d \u015fi ca atare ne exprim\u0103m doar P\u0102RERI \u015fi L\u0102S\u0102M LIBERTATE DE CREZ !<br \/>\nLumea va evolua cur\u00e2nd \u015fi multe CONCEPTURI \u015fi REGULI se vor adapta timpurilor, inclusiv \u00een domeniul religiilor.<br \/>\nExist\u0103 chiar \u00een s\u00e2nul CLERULUI dezbateri aprinse, iar evolu\u0163iile de la Vatican sunt un exemplu. Nu cred c\u0103 vor avea capacitatea de a ie\u015fi din \u201ematc\u0103\u201d, dar asta e o p\u0103rere personal\u0103 \u00een acest moment.<br \/>\nS\u0103 nu uit\u0103m c\u0103 to\u0163i rum\u00e2nii se raporteaz\u0103 la EMINESCU, iar \u201eMi\u015fcarea Dacia\u201d are Principii \u015fi Obiective care ar place GENIULUI NA\u0162IONAL !<br \/>\nAr\u0103ta\u0163i-mi o for\u0163\u0103 politic\u0103 trecut\u0103 sau prezent\u0103, care s\u0103 afirme a\u015fa ceva, f\u0103r\u0103 a putea fi acuzat\u0103 de IPOCRIZIE !?<br \/>\nUnii vor s\u0103ri \u00een sus c\u0103 e COMUNISM, dar \u0103\u015ftia nu au priceput \u00eenc\u0103 faptul c\u0103 COMUNISMUL \u00eenlocuie\u015fte o religie cu alta, fiind de fapt O ALT\u0102 FA\u0162\u0102 A ACELUIA\u015eI SISTEM DE OPRESIUNE !!!<br \/>\nRecomand citirea integral\u0103 a poeziei \u015fi extrapolarea cu PRINCIPIILE \u015fi OBIECTIVELE Mi\u015fc\u0103rii Dacia !<\/p>\n<p><strong>\u00ceMP\u0102RAT \u015eI PROLETAR<\/strong><\/p>\n<p><strong>de Mihai Eminescu<\/strong><\/p>\n<p><strong>&#8230;&#8230;&#8230;&#8230;&#8230;&#8230;&#8230;&#8230;&#8230;&#8230;&#8230;&#8230;&#8230;&#8230;&#8230;&#8230;&#8230;&#8230;&#8230;&#8230;&#8230;&#8230;&#8230;&#8230;&#8230;..<\/strong><br \/>\n<strong> Ah! &#8211; zise unul &#8211; spune\u0163i c\u0103-i omul o lumin\u0103<\/strong><br \/>\n<strong> Pe lumea asta plin\u0103 de-amaruri \u015fi de chin?<\/strong><br \/>\n<strong> Nici o sc\u00e2nteie-ntr-\u00eensul nu-i candid\u0103 \u015fi plin\u0103,<\/strong><br \/>\n<strong> Murdar\u0103 este raza-i ca globul cel de tin\u0103,<\/strong><br \/>\n<strong> Asupra c\u0103rui d\u00e2nsul domne\u015fte pe deplin.<\/strong><\/p>\n<p><strong> Spune\u0163i-mi ce-i dreptatea? &#8211; Cei tari se \u00eengr\u0103dir\u0103<\/strong><br \/>\n<strong> Cu-averea \u015fi m\u0103rirea \u00een cercul lor de legi;<\/strong><br \/>\n<strong> Prin bunuri ce furar\u0103, \u00een veci vezi cum conspir\u0103<\/strong><br \/>\n<strong> Contra celor ce d\u00e2n\u015fii la lucru-i os\u00e2ndir\u0103<\/strong><br \/>\n<strong> \u015ei le subjug\u0103 munca vie\u0163ii lor \u00eentregi.<\/strong><\/p>\n<p><strong> Unii plini de pl\u0103cere petrec a lor via\u0163\u0103,<\/strong><br \/>\n<strong> Trec zilele voioase \u015fi orele sur\u00e2d.<\/strong><br \/>\n<strong> \u00cen cupe vin de ambr\u0103 &#8211; iarna gr\u0103dini, verdea\u0163\u0103,<\/strong><br \/>\n<strong> Vara petreceri, Alpii cu frun\u0163ile de ghea\u0163\u0103 &#8211;<\/strong><br \/>\n<strong> Ei fac din noapte ziu\u0103 \u015f-a zilei ochi \u00eenchid.<\/strong><\/p>\n<p><strong> Virtutea pentru d\u00e2n\u015fii ea nu exist\u0103. \u00cens\u0103<\/strong><br \/>\n<strong> V-o predic\u0103, c\u0103ci trebui s\u0103 fie bra\u0163e tari,<\/strong><br \/>\n<strong> A statelor greoaie care trebuie-mpinse<\/strong><br \/>\n<strong> \u015ei trebuiesc luptate r\u0103zboaiele aprinse,<\/strong><br \/>\n<strong> C\u0103ci voi murind \u00een s\u00e2nge, ei pot s\u0103 fie mari.<\/strong><\/p>\n<p><strong> \u015ei flotele puternice \u015f-armatele f\u0103loase,<\/strong><br \/>\n<strong> Coroanele ce regii le pun pe fruntea lor,<\/strong><br \/>\n<strong> \u015e-acele milioane, ce \u00een gr\u0103mezi luxoase<\/strong><br \/>\n<strong> Sunt str\u00e2nse la bogatul, pe cel s\u0103rac apas\u0103,<\/strong><br \/>\n<strong> \u015ei-s supte din sudoarea prostitului popor.<\/strong><\/p>\n<p><strong> Religia &#8211; o fraz\u0103 de d\u00e2n\u015fii inventat\u0103<\/strong><br \/>\n<strong> Ca cu a ei putere s\u0103 v\u0103 aplece-n jug,<\/strong><br \/>\n<strong> C\u0103ci de-ar lipsi din inimi speran\u0163a de r\u0103splat\u0103,<\/strong><br \/>\n<strong> Dup\u0103 ce-amar muncir\u0103\u0163i mizeri via\u0163a toat\u0103,<\/strong><br \/>\n<strong> A\u0163i mai purta os\u00e2nda ca vita de la plug?<\/strong><\/p>\n<p><strong> Cu umbre, care nu sunt, v-a-ntunecat vederea<\/strong><br \/>\n<strong> \u015ei v-a f\u0103cut s\u0103 crede\u0163i c\u0103 ve\u0163i fi r\u0103spl\u0103ti\u0163i&#8230;<\/strong><br \/>\n<strong> Nu! moartea cu via\u0163a a stins toat\u0103 pl\u0103cerea &#8211;<\/strong><br \/>\n<strong> Cel ce \u00een ast\u0103 lume a dus numai durerea<\/strong><br \/>\n<strong> Nimic n-are dincolo, c\u0103ci mor\u0163i sunt cei muri\u0163i.<\/strong><\/p>\n<p><strong> Minciuni \u015fi fraze-i totul ce statele sus\u0163ine,<\/strong><br \/>\n<strong> Nu-i ordinea fireasc\u0103 ce ei a fi sus\u0163in;<\/strong><br \/>\n<strong> Averea s\u0103 le aperi, m\u0103rirea \u015f-a lor bine,<\/strong><br \/>\n<strong> Ei bra\u0163ul t\u0103u \u00eenarm\u0103 ca s\u0103 love\u015fti \u00een tine,<\/strong><br \/>\n<strong> \u015ei pe voi contra voastr\u0103 la lupt\u0103 ei v\u0103 m\u00e2n&#8217;.<\/strong><\/p>\n<p><strong> De ce s\u0103 fi\u0163i voi sclavii milioanelor nefaste,<\/strong><br \/>\n<strong> Voi, ce din munca voastr\u0103 abia pute\u0163i tr\u0103i?<\/strong><br \/>\n<strong> De ce boala \u015fi moartea s\u0103 fie partea voastr\u0103,<\/strong><br \/>\n<strong> C\u00e2nd ei \u00een bog\u0103\u0163ia cea splendid\u0103 \u015fi vast\u0103<\/strong><br \/>\n<strong> Petrec ca \u015fi \u00een ceruri, n-au timp nici de-a muri?<\/strong><\/p>\n<p><strong> De ce uita\u0163i c\u0103-n voi e \u015fi num\u0103r \u015fi putere?<\/strong><br \/>\n<strong> C\u00e2nd vre\u0163i, pute\u0163i prea lesne p\u0103m\u00e2ntul s\u0103-mp\u0103r\u0163i\u0163i.<\/strong><br \/>\n<strong> Nu le mai face\u0163i ziduri unde s\u0103-nchid-avere,<\/strong><br \/>\n<strong> Pe voi unde s\u0103-nchid\u0103, c\u00e2nd \u00eempin\u015fi de durere<\/strong><br \/>\n<strong> Ve\u0163i crede c-ave\u0163i dreptul \u015fi voi ca s\u0103 tr\u0103i\u0163i<\/strong>.<br \/>\n&#8230;&#8230;&#8230;&#8230;&#8230;&#8230;&#8230;&#8230;&#8230;&#8230;&#8230;&#8230;&#8230;&#8230;&#8230;&#8230;&#8230;&#8230;&#8230;&#8230;&#8230;&#8230;&#8230;&#8230;&#8230;..<\/p>\n<p>1874, 1 decembrie<\/p>\n","protected":false},"excerpt":{"rendered":"<p>Repet c\u0103 \u201eMi\u015fcarea Dacia\u201d \u00ee\u015fi propune o NOU\u0102 PARADIGM\u0102 SOCIO-ECONOMIC\u0102!!! Cine a citit cu aten\u0163ie DOCUMENTELE noastre (pu\u0163ini!?), \u015fi cei \u015fi mai pu\u0163ini care au priceput ce scrie acolo, \u015fi-au dat poate seama CE \u00ceNSEAMN\u0102 asta !? Este foarte adev\u0103rat c\u0103 eu nu sunt un scriitor \u015fi poate nu reu\u015fesc \u00eentotdeauna s\u0103 fiu \u201econving\u0103tor\u201d !? [&hellip;]<\/p>\n","protected":false},"author":2,"featured_media":0,"comment_status":"open","ping_status":"open","sticky":false,"template":"","format":"standard","meta":{"footnotes":""},"categories":[73],"tags":[1378,1582,1046,210,698,390,295,1377],"jetpack_featured_media_url":"","_links":{"self":[{"href":"https:\/\/bassdu.mine.bz\/index.php?rest_route=\/wp\/v2\/posts\/3395"}],"collection":[{"href":"https:\/\/bassdu.mine.bz\/index.php?rest_route=\/wp\/v2\/posts"}],"about":[{"href":"https:\/\/bassdu.mine.bz\/index.php?rest_route=\/wp\/v2\/types\/post"}],"author":[{"embeddable":true,"href":"https:\/\/bassdu.mine.bz\/index.php?rest_route=\/wp\/v2\/users\/2"}],"replies":[{"embeddable":true,"href":"https:\/\/bassdu.mine.bz\/index.php?rest_route=%2Fwp%2Fv2%2Fcomments&post=3395"}],"version-history":[{"count":4,"href":"https:\/\/bassdu.mine.bz\/index.php?rest_route=\/wp\/v2\/posts\/3395\/revisions"}],"predecessor-version":[{"id":3398,"href":"https:\/\/bassdu.mine.bz\/index.php?rest_route=\/wp\/v2\/posts\/3395\/revisions\/3398"}],"wp:attachment":[{"href":"https:\/\/bassdu.mine.bz\/index.php?rest_route=%2Fwp%2Fv2%2Fmedia&parent=3395"}],"wp:term":[{"taxonomy":"category","embeddable":true,"href":"https:\/\/bassdu.mine.bz\/index.php?rest_route=%2Fwp%2Fv2%2Fcategories&post=3395"},{"taxonomy":"post_tag","embeddable":true,"href":"https:\/\/bassdu.mine.bz\/index.php?rest_route=%2Fwp%2Fv2%2Ftags&post=3395"}],"curies":[{"name":"wp","href":"https:\/\/api.w.org\/{rel}","templated":true}]}}