{"id":340,"date":"2009-07-11T22:45:00","date_gmt":"2009-07-11T21:45:00","guid":{"rendered":"http:\/\/bassdu.mine.nu\/?p=340"},"modified":"2009-07-11T22:47:20","modified_gmt":"2009-07-11T21:47:20","slug":"caricare-le-batterie-oppure-scendere-nella-melma","status":"publish","type":"post","link":"https:\/\/bassdu.mine.bz\/?p=340","title":{"rendered":"Caricare le batterie, oppure scendere nella melma?"},"content":{"rendered":"<p align=\"center\"><strong>Caricare le batterie, oppure scendere nella melma?<\/strong><\/p>\n<p align=\"center\"><strong>\u00a0<\/strong><\/p>\n<p>\u00a0<\/p>\n<p>\u00a0\u00a0\u00a0\u00a0\u00a0 \u00a0Sono appena tornato dalla Romania, andato per \u201ccaricare le batterie\u201d, anche se molti credono che andare li significhi\u00a0 \u201csprofondare nella melma\u201d.<\/p>\n<p>\u00a0\u00a0\u00a0\u00a0\u00a0\u00a0 Partito con l\u2019intento di risolvere un po\u2019 di vicende personali, ho approfittato per \u201cdare un\u2019occhiata in giro\u201d. Tenendo conto dei tempi di crisi che percorriamo, Bucarest non sembra affatto depressa e le \u201cmigliorie\u201d si vedono in quantit\u00e0. Vero \u00e8 che molti disoccupati hanno cominciato ad intraprendere la via del ritorno verso i paesini di provenienza. Senza sminuire la gravit\u00e0 di questa scelta, la considero un fatto positivo, che pu\u00f2 rimettere in moto un\u2019agricoltura attualmente allo sbando.<\/p>\n<p>\u00a0\u00a0\u00a0\u00a0\u00a0\u00a0 Anche in provincia si sente l\u2019aria di innovazione e quello che sorprende \u00e9 l\u2019impeto delle ristrutturazioni e costruzioni edilizie. A differenza dell\u2019Italia, in Romania c\u2019\u00e8 una grande richiesta abitativa, che potrebbe dare un importante spinta all\u2019economia.<\/p>\n<p>\u00a0\u00a0\u00a0\u00a0\u00a0\u00a0 Non vorrei far trapelare l\u2019immagine di un paese dove tutto va bene, perche in realt\u00e0 c\u2019\u00e8 molto da fare, per recuperare il divario creatosi a causa della classe politica incompetente.\u00a0 Iliescu&amp;Co hanno creato le condizioni per un capitalismo selvaggio, facendo perdere al paese un treno importante, passato subito dopo al \u201989. Adesso si \u00e9 messa di traverso anche la Crisi, cos\u00ec che anche le buone intenzioni, non bastano pi\u00f9.<\/p>\n<p>\u00a0\u00a0\u00a0\u00a0\u00a0\u00a0 Tuttavia, noi della Diaspora abbiamo l\u2019obbligo morale di aiutare il nostro paese, non solo materialmente ma anche politicamente. Il disfattismo manifestato da certi nostri connazionali ( quelli che considerano un viaggio a casa come una discesa nella melma), deve cessare per far posto a una partecipazione maggiore nell\u2019 interesse del nostro popolo. Anche perch\u00e9 non si sa mai \u00a0dove andremo a finire i nostri giorni!\u00a0 Molti vogliono tutto e subito, senza capire che ci vuole del tempo e l\u2019impegno di tutti noi. Capisco chi critica diversi aspetti della vita sociale, politica, economica, etc., ma non lo capisco quando si rifiuta di partecipare per cambiare tutto questo. Troppo facile demolire che costruire! Per questo dobbiamo dar vita al <strong>Movimento Virtuale<\/strong> capace di \u201csmuovere le acque\u201d. Non \u00e8 facile, ma se ognuno di noi si impegna, possiamo farcela.<\/p>\n<p>Alla prossima!<\/p>\n","protected":false},"excerpt":{"rendered":"<p>Caricare le batterie, oppure scendere nella melma? \u00a0 \u00a0 \u00a0\u00a0\u00a0\u00a0\u00a0 \u00a0Sono appena tornato dalla Romania, andato per \u201ccaricare le batterie\u201d, anche se molti credono che andare li significhi\u00a0 \u201csprofondare nella melma\u201d. \u00a0\u00a0\u00a0\u00a0\u00a0\u00a0 Partito con l\u2019intento di risolvere un po\u2019 di vicende personali, ho approfittato per \u201cdare un\u2019occhiata in giro\u201d. Tenendo conto dei tempi di crisi [&hellip;]<\/p>\n","protected":false},"author":2,"featured_media":0,"comment_status":"open","ping_status":"open","sticky":false,"template":"","format":"standard","meta":{"footnotes":""},"categories":[88],"tags":[11,97,70,41],"jetpack_featured_media_url":"","_links":{"self":[{"href":"https:\/\/bassdu.mine.bz\/index.php?rest_route=\/wp\/v2\/posts\/340"}],"collection":[{"href":"https:\/\/bassdu.mine.bz\/index.php?rest_route=\/wp\/v2\/posts"}],"about":[{"href":"https:\/\/bassdu.mine.bz\/index.php?rest_route=\/wp\/v2\/types\/post"}],"author":[{"embeddable":true,"href":"https:\/\/bassdu.mine.bz\/index.php?rest_route=\/wp\/v2\/users\/2"}],"replies":[{"embeddable":true,"href":"https:\/\/bassdu.mine.bz\/index.php?rest_route=%2Fwp%2Fv2%2Fcomments&post=340"}],"version-history":[{"count":2,"href":"https:\/\/bassdu.mine.bz\/index.php?rest_route=\/wp\/v2\/posts\/340\/revisions"}],"predecessor-version":[{"id":342,"href":"https:\/\/bassdu.mine.bz\/index.php?rest_route=\/wp\/v2\/posts\/340\/revisions\/342"}],"wp:attachment":[{"href":"https:\/\/bassdu.mine.bz\/index.php?rest_route=%2Fwp%2Fv2%2Fmedia&parent=340"}],"wp:term":[{"taxonomy":"category","embeddable":true,"href":"https:\/\/bassdu.mine.bz\/index.php?rest_route=%2Fwp%2Fv2%2Fcategories&post=340"},{"taxonomy":"post_tag","embeddable":true,"href":"https:\/\/bassdu.mine.bz\/index.php?rest_route=%2Fwp%2Fv2%2Ftags&post=340"}],"curies":[{"name":"wp","href":"https:\/\/api.w.org\/{rel}","templated":true}]}}