{"id":3412,"date":"2013-12-07T21:49:51","date_gmt":"2013-12-07T20:49:51","guid":{"rendered":"http:\/\/bassdu.mine.nu\/?p=3412"},"modified":"2013-12-07T21:49:51","modified_gmt":"2013-12-07T20:49:51","slug":"9-decembrie-2013-incepe-revolutia-in-italia","status":"publish","type":"post","link":"https:\/\/bassdu.mine.bz\/?p=3412","title":{"rendered":"9 Decembrie 2013 &#8211; \u00eencepe REVOLU\u0162IA \u00een Italia ???"},"content":{"rendered":"<p>\u00cencep\u00e2nd de luni, ar trebui s\u0103 ne a\u015ftept\u0103m la o REVOLU\u0162IE \u00een Italia!?<br \/>\nVom avea un 9.12, dup\u0103 un 9.11 ?<\/p>\n<p>Un comitet al mai multor organiza\u0163ii sociale \u015fi economice neguvernative, face acest anun\u0163 de vreo lun\u0103, motiv\u00e2nd ac\u0163iunea cu DEZASTRUL actual al Italiei, slug\u0103 din ce \u00een ce mai supus\u0103 a CERCURILOR DE PUTERE EUROPENE \u015eI MONDIALE.<\/p>\n<p><iframe loading=\"lazy\" src=\"\/\/www.youtube.com\/embed\/NUfkE9ZyIUI\" height=\"360\" width=\"640\" allowfullscreen=\"\" frameborder=\"0\"><\/iframe><\/p>\n<p>Pentru cunosc\u0103torii italianei, iat\u0103 \u201eplatforma\u201d revolta\u0163ilor :<\/p>\n<p><iframe loading=\"lazy\" src=\"\/\/www.youtube.com\/embed\/n62d8AgOBU4\" height=\"360\" width=\"480\" allowfullscreen=\"\" frameborder=\"0\"><\/iframe><\/p>\n<p>\u00cemi amintesc faptul c\u0103 \u00eentr-o postare a mea de acum c\u00e2\u0163iva ani, prospectam calea GREVEI GENERALIZATE NELIMITATE, ca fiind singura form\u0103 de REVOLU\u0162IE NON-VIOLENT\u0102, c\u0103reia SISTEMUL nu i-ar putea supravie\u0163ui.<br \/>\n\u00cencerca\u0163i s\u0103 v\u0103 imagina\u0163i o ITALIE CARE SE OPRE\u015eTE \u015fi ve\u0163i avea confirmarea !!!<br \/>\nCeea ce m-a frapat la promotorul din al doilea filmule\u0163, este r\u0103spunsul la \u00eentrebarea reporterului \u201eCE VA FI DUP\u0102 ?\u201d<br \/>\nAcesta a r\u0103spuns : NU \u015eTIU !<br \/>\nEvident c\u0103 \u00een \u0163ara \u00een care activeaz\u0103 MI\u015eCAREA 5 STELE, \u201e\u015focul Vidului de Putere\u201d poate fi absorbit de aceast\u0103 mi\u015fcare, dar \u00een Rom\u00e2nia???<br \/>\nAcesta este motivul declarat al apari\u0163iei MI\u015eC\u0102RII DACIA&#8230; de a umple VIDUL DE PUTERE \u00een Rom\u00e2nia !<br \/>\nDac\u0103 acest vid nu este umplut cum se cuvine, de o mi\u015fcare politic\u0103 ce are ni\u015fte PRINCIPII \u015fi ni\u015fte OBIECTIVE \u201e\u00een pas cu vremurile\u201d, se risc\u0103 f\u0103r\u0103 doar \u015fi poate&#8230; ANARHIA, iar ulterior CONFISCAREA PROTESTULUI de c\u0103tre \u201eacelea\u015fi M\u0103rii cu alte p\u0103l\u0103rii\u201d, a\u015fa cum s-a \u00eent\u00e2mplat par\u0163ial \u015fi \u00een 1989.<br \/>\nAm spus \u201epar\u0163ial\u201d, deoarece \u00een 89 a fost mult mai probabil, o LOVITUR\u0102 DE STAT orchestrat\u0103 \u201edin afar\u0103 de c\u0103tre SISTEM\u201d.<br \/>\nAm avertizat de nenum\u0103rate ori, c\u0103 \u201earmata brancaleone\u201d a protestatarilor de azi din Rom\u00e2nia, nu are PRINCIPII \u015fi OBIECTIVE \u00a0\u201epe scal\u0103 larg\u0103\u201d, ci doar \u201erevendic\u0103ri specifice unor cazuri particulare\u201d, fiind \u201ec\u00e2mp de aplica\u0163ie\u201d pentru cele mai diverse \u015fi divergente ideologii \u015fi concomitent \u201emas\u0103 manipulat\u0103\u201d de interese tot at\u00e2t de diverse \u015fi divergente !!!<br \/>\nPROBLEMELE ROM\u00c2NIEI, care sunt \u015fi ale \u00ceNTREGII LUMI, sunt mult mai COMPLEXE \u015fi impun SOLU\u0162II LA 360 DE GRADE !!!<br \/>\nCONCLUZIE : dac\u0103 \u00een Italia exist\u0103 deja o FOR\u0162\u0102 ANTI-SISTEM ORGANIZAT\u0102 care \u201es\u0103 se pun\u0103 \u00een fruntea maselor\u201d, \u00een Rom\u00e2nia aceasta lipse\u015fte \u015fi acest fapt poate avea CONSECIN\u0162E DEZASTRUOASE !<br \/>\nNu \u015ftiu amploarea pe care o va avea PROTESTUL anun\u0163at, dar e o CHESTIUNE DE TIMP succesul unei astfel de ini\u0163iative, care va conduce la\u00a0MAREA SCHIMBARE !!!<\/p>\n","protected":false},"excerpt":{"rendered":"<p>\u00cencep\u00e2nd de luni, ar trebui s\u0103 ne a\u015ftept\u0103m la o REVOLU\u0162IE \u00een Italia!? Vom avea un 9.12, dup\u0103 un 9.11 ? Un comitet al mai multor organiza\u0163ii sociale \u015fi economice neguvernative, face acest anun\u0163 de vreo lun\u0103, motiv\u00e2nd ac\u0163iunea cu DEZASTRUL actual al Italiei, slug\u0103 din ce \u00een ce mai supus\u0103 a CERCURILOR DE PUTERE [&hellip;]<\/p>\n","protected":false},"author":2,"featured_media":0,"comment_status":"open","ping_status":"open","sticky":false,"template":"","format":"standard","meta":{"footnotes":""},"categories":[73],"tags":[1385,11,290,210,1380,457,1386],"jetpack_featured_media_url":"","_links":{"self":[{"href":"https:\/\/bassdu.mine.bz\/index.php?rest_route=\/wp\/v2\/posts\/3412"}],"collection":[{"href":"https:\/\/bassdu.mine.bz\/index.php?rest_route=\/wp\/v2\/posts"}],"about":[{"href":"https:\/\/bassdu.mine.bz\/index.php?rest_route=\/wp\/v2\/types\/post"}],"author":[{"embeddable":true,"href":"https:\/\/bassdu.mine.bz\/index.php?rest_route=\/wp\/v2\/users\/2"}],"replies":[{"embeddable":true,"href":"https:\/\/bassdu.mine.bz\/index.php?rest_route=%2Fwp%2Fv2%2Fcomments&post=3412"}],"version-history":[{"count":1,"href":"https:\/\/bassdu.mine.bz\/index.php?rest_route=\/wp\/v2\/posts\/3412\/revisions"}],"predecessor-version":[{"id":3413,"href":"https:\/\/bassdu.mine.bz\/index.php?rest_route=\/wp\/v2\/posts\/3412\/revisions\/3413"}],"wp:attachment":[{"href":"https:\/\/bassdu.mine.bz\/index.php?rest_route=%2Fwp%2Fv2%2Fmedia&parent=3412"}],"wp:term":[{"taxonomy":"category","embeddable":true,"href":"https:\/\/bassdu.mine.bz\/index.php?rest_route=%2Fwp%2Fv2%2Fcategories&post=3412"},{"taxonomy":"post_tag","embeddable":true,"href":"https:\/\/bassdu.mine.bz\/index.php?rest_route=%2Fwp%2Fv2%2Ftags&post=3412"}],"curies":[{"name":"wp","href":"https:\/\/api.w.org\/{rel}","templated":true}]}}