{"id":3433,"date":"2014-01-27T01:20:50","date_gmt":"2014-01-27T00:20:50","guid":{"rendered":"http:\/\/bassdu.mine.nu\/?p=3433"},"modified":"2014-01-27T01:20:50","modified_gmt":"2014-01-27T00:20:50","slug":"unicitatea-miscarii-dacia","status":"publish","type":"post","link":"https:\/\/bassdu.mine.bz\/?p=3433","title":{"rendered":"UNICITATEA \u201eMI\u015eC\u0102RII DACIA\u201d"},"content":{"rendered":"<p>Unicitatea \u201eMi\u015fc\u0103rii Dacia\u201d este sus\u0163inut\u0103 \u00een primul r\u00e2nd de faptul c\u0103 suntem singura mi\u015fcare ce are ca obiectiv fundamental O NOU\u0102 LUME&#8230; UN ALT MOD DE TRAI !<br \/>\nPare desigur exagerat\u0103 aceast\u0103 preten\u0163ie \u015fi nu neg c\u0103 este dificil de realizat ce ne-am propus, dar un lucru e sigur : ACEAST\u0102 LUME \u015eI ACEST MOD DE TRAI \u015fi-au demonstrat din plin ABSURDITATEA \u015fi a venit vremea s\u0103 ne g\u00e2ndim la ALTCEVA.<br \/>\nPoate nu toate IDEILE noastre se vor materializa \u00een viitor \u015fi poate nu vom fi noi, aceia care vor da lovitura de gra\u0163ie SISTEMULUI, dar mare parte din acestea se vor impune, iar noi vom avea satisfac\u0163ia moral\u0103 de a fi anticipat vremurile, chiar dac\u0103 numai par\u0163ial !<br \/>\nNimeni nu mai are \u00een spa\u0163iul carpato-dun\u0103reano-pontic PRINCIPIILE noastre \u015fi nimeni nu \u015fi-a imaginat OBIECTIVE ca ale noastre, de\u015fi vorbim numai de \u201esemin\u0163e\u201d pentru o NOU\u0102 PARADIGM\u0102 SOCIO-ECONOMIC\u0102, care urmeaz\u0103 s\u0103 rodeasc\u0103 \u201esub m\u00e2ini me\u015ftere\u201d, pe m\u0103sur\u0103 ce vom cre\u015fte CALITATIV \u015fi CANTITATIV.<br \/>\nSpre deosebire de alte grup\u0103ri ce au ca obiectiv PROSPERITATEA ROM\u00c2NIEI, noi ne baz\u0103m LUPTA NON-VIOLENT\u0102 pe certitudinea c\u0103 SISTEMUL este \u00een plin proces de IMPLOZIE, iar noi nu trebuie s\u0103 facem altceva, dec\u00e2t s\u0103 PROIECT\u0102M O LUME NOU\u0102 din toate punctele de vedere, pentru a umple VIDUL DE PUTERE care se va crea cu acea ocazie. Dar \u00een concep\u0163ia noastr\u0103, nu e vorba despre PUTERE a\u015fa cum e perceput\u0103 azi, adic\u0103 o PUTERE MATERIALIST\u0102, ci despre o PUTERE SPIRITUAL\u0102 care va avea ca fundament o NOU\u0102 SCAR\u0102 A VALORILOR \u015fi o nou\u0103 concep\u0163ie despre POZI\u0162IA OMULUI \u00ceN RAPORT CU MEDIUL \u00ceNCONJUR\u0102TOR.<br \/>\nPRINCIPIILE noastre nu sunt \u201earuncate la \u00eent\u00e2mplare\u201d, ci au sus\u0163inerea LEGILOR NATURALE, care \u00een mod sigur erau mai respectate \u00een EPOCA GENTILIC\u0102, dec\u00e2t sunt azi !?<br \/>\nPRINCIPIILE noastre sunt \u00een acela\u015fi timp, DE MARE ACTUALITATE \u015fi sunt sus\u0163inute de G\u00c2NDIREA unor VIZIONARI ai zilelor noastre, prezenta\u0163i pe larg \u00een documentele noastre. Deci avem MAE\u015eTRII pe care detractorii no\u015ftri nu sunt \u00een m\u0103sur\u0103 s\u0103-i \u201ejudece\u201d !!!<br \/>\nAvem \u00een spate ani de dezbateri \u015fi dezvolt\u0103ri ideologice \u015fi acestea vor continua s\u0103 aib\u0103 loc, deoarece CONJUNCTURILE interne \u015fi interna\u0163ionale sunt \u00een mare fermenta\u0163ie \u015fi va trebui s\u0103 ne raport\u0103m permanent la ele.<br \/>\nPrincipala noastr\u0103 preocupare trebuie s\u0103 fie CRE\u015eTEREA CANTITATIV\u0102 \u015fi mai ales CALITATIV\u0102 \u00a0a mi\u015fc\u0103rii \u015fi de a aduce IDEILE noastre la cuno\u015ftin\u0163a c\u00e2t mai multor concet\u0103\u0163eni, pentru a atinge o MAS\u0102 CRITIC\u0102 capabil\u0103 s\u0103 implementeze MAREA SCHIMBARE !<br \/>\nPentru cei care nu ne cunosc IDEILE, recomand urm\u0103toarele link-uri :<\/p>\n<p><a href=\"https:\/\/www.facebook.com\/groups\/141387601036\/\">https:\/\/www.facebook.com\/groups\/141387601036\/<\/a><br \/>\n&#8230; unde se g\u0103sesc materialele noastre de sus\u0163inere \u015fi detaliere :<br \/>\n<a href=\"https:\/\/www.facebook.com\/groups\/141387601036\/files\/\">https:\/\/www.facebook.com\/groups\/141387601036\/files\/<\/a><br \/>\n&#8230; sau pe PORTALUL \u201eMI\u015eCAREA DACIA\u201d, unde se poate accede la FORUM, log\u00e2nd cu contul de Facebook, sau cu modalitatea standard, pentru a putea posta :<br \/>\n<a href=\"http:\/\/www.miscareadacia.ro\/\">http:\/\/www.miscareadacia.ro\/<\/a><\/p>\n","protected":false},"excerpt":{"rendered":"<p>Unicitatea \u201eMi\u015fc\u0103rii Dacia\u201d este sus\u0163inut\u0103 \u00een primul r\u00e2nd de faptul c\u0103 suntem singura mi\u015fcare ce are ca obiectiv fundamental O NOU\u0102 LUME&#8230; UN ALT MOD DE TRAI ! Pare desigur exagerat\u0103 aceast\u0103 preten\u0163ie \u015fi nu neg c\u0103 este dificil de realizat ce ne-am propus, dar un lucru e sigur : ACEAST\u0102 LUME \u015eI ACEST MOD [&hellip;]<\/p>\n","protected":false},"author":2,"featured_media":0,"comment_status":"open","ping_status":"open","sticky":false,"template":"","format":"standard","meta":{"footnotes":""},"categories":[73],"tags":[1152,550,210,1202,390,295],"jetpack_featured_media_url":"","_links":{"self":[{"href":"https:\/\/bassdu.mine.bz\/index.php?rest_route=\/wp\/v2\/posts\/3433"}],"collection":[{"href":"https:\/\/bassdu.mine.bz\/index.php?rest_route=\/wp\/v2\/posts"}],"about":[{"href":"https:\/\/bassdu.mine.bz\/index.php?rest_route=\/wp\/v2\/types\/post"}],"author":[{"embeddable":true,"href":"https:\/\/bassdu.mine.bz\/index.php?rest_route=\/wp\/v2\/users\/2"}],"replies":[{"embeddable":true,"href":"https:\/\/bassdu.mine.bz\/index.php?rest_route=%2Fwp%2Fv2%2Fcomments&post=3433"}],"version-history":[{"count":1,"href":"https:\/\/bassdu.mine.bz\/index.php?rest_route=\/wp\/v2\/posts\/3433\/revisions"}],"predecessor-version":[{"id":3434,"href":"https:\/\/bassdu.mine.bz\/index.php?rest_route=\/wp\/v2\/posts\/3433\/revisions\/3434"}],"wp:attachment":[{"href":"https:\/\/bassdu.mine.bz\/index.php?rest_route=%2Fwp%2Fv2%2Fmedia&parent=3433"}],"wp:term":[{"taxonomy":"category","embeddable":true,"href":"https:\/\/bassdu.mine.bz\/index.php?rest_route=%2Fwp%2Fv2%2Fcategories&post=3433"},{"taxonomy":"post_tag","embeddable":true,"href":"https:\/\/bassdu.mine.bz\/index.php?rest_route=%2Fwp%2Fv2%2Ftags&post=3433"}],"curies":[{"name":"wp","href":"https:\/\/api.w.org\/{rel}","templated":true}]}}