{"id":3454,"date":"2014-02-10T23:44:03","date_gmt":"2014-02-10T22:44:03","guid":{"rendered":"http:\/\/bassdu.mine.nu\/?p=3454"},"modified":"2014-02-10T23:52:22","modified_gmt":"2014-02-10T22:52:22","slug":"in-memoria-victimelor-titine-din-istria","status":"publish","type":"post","link":"https:\/\/bassdu.mine.bz\/?p=3454","title":{"rendered":"\u00cen memoria victimelor \u201etitinilor\u201d din Istria"},"content":{"rendered":"<p>Cred c\u0103 sunt singurul, \u00een afar\u0103 de ERVINO CURTIS, fondatorul asocia\u0163iei friulane \u201eDECEBAL\u201d, care aminte\u015fte rum\u00e2nilor, un episod de CUR\u0102\u0162ENIE ETNIC\u0102 al comuni\u015ftilor yugoslavi, fa\u0163\u0103 de locuitorii Istriei dalmate!?&#8230; ru\u015fine celor ce ar trebui s-o fac\u0103 \u015fi n-o fac!<br \/>\n\u00cen anii 1943 \u015fi 1947, comuni\u015ftii lui Tito au aruncat DE VII \u00een FOIBE (grote naturale), circa 20.000 de italieni \u015fi ISTROROM\u00c2NI, al\u0163i 350.000 fiind \u00eempin\u015fi pe drumul pribegiei spre Italia, unde nu-i a\u015ftepta nimeni, deoarece COMUNI\u015eTII ITALIENI erau pe vremea aia INTERNA\u0162IONALI\u015eTI, iar DEMOCRAT-CRE\u015eTINII nu voiau s\u0103-l supere pe Tito, care tocmai \u00eentorsese spatele ru\u015filor!?!? Ast\u0103zi, un pre\u015fedinte italian cu origini COMUNISTE, Giorgio Napolitano, a avut neru\u015finarea s\u0103 comemoreze evenimentul, f\u0103c\u00e2ndu-se c\u0103 plou\u0103 apropos de ceea ce combina \u00een acele vremuri!?!? Nu e de mirare, deoarece \u201ea \u00eentors foaia\u201d at\u00e2t de radical, c\u0103 ast\u0103zi \u00eel legitimeaz\u0103 chiar \u015fi pe delincventul Berlusconi!? De-abia de 10 ani se comemoreaz\u0103 acele victime ale COMUNISMULUI SLAV \u015eI NU NUMAI, care p\u00e2n\u0103 la acea dat\u0103 erau ignorate!?<br \/>\nAceste victime se al\u0103tur\u0103 celorlalte victime ale IMPERIALISMULUI SLAV pe care le cunoa\u015ftem at\u00e2t de bine!<br \/>\nC\u00e2nd vom institui \u015fi noi o dat\u0103 pentru MEMORIA victimelor noastre???<br \/>\nC\u00e2nd vom avea nu numai REPARA\u0162IILE MATERIALE la care avem dreptul, dar \u015fi REPARA\u0162IILE MORALE???<br \/>\nIat\u0103 ce trebuie s\u0103 fie pe agenda noastr\u0103 geo-strategic\u0103!!!&#8230; iar la Mi\u015fcarea Dacia o avem !<\/p>\n","protected":false},"excerpt":{"rendered":"<p>Cred c\u0103 sunt singurul, \u00een afar\u0103 de ERVINO CURTIS, fondatorul asocia\u0163iei friulane \u201eDECEBAL\u201d, care aminte\u015fte rum\u00e2nilor, un episod de CUR\u0102\u0162ENIE ETNIC\u0102 al comuni\u015ftilor yugoslavi, fa\u0163\u0103 de locuitorii Istriei dalmate!?&#8230; ru\u015fine celor ce ar trebui s-o fac\u0103 \u015fi n-o fac! \u00cen anii 1943 \u015fi 1947, comuni\u015ftii lui Tito au aruncat DE VII \u00een FOIBE (grote naturale), [&hellip;]<\/p>\n","protected":false},"author":2,"featured_media":0,"comment_status":"open","ping_status":"open","sticky":false,"template":"","format":"standard","meta":{"footnotes":""},"categories":[3],"tags":[1405,1407,1406,185,293,1404],"jetpack_featured_media_url":"","_links":{"self":[{"href":"https:\/\/bassdu.mine.bz\/index.php?rest_route=\/wp\/v2\/posts\/3454"}],"collection":[{"href":"https:\/\/bassdu.mine.bz\/index.php?rest_route=\/wp\/v2\/posts"}],"about":[{"href":"https:\/\/bassdu.mine.bz\/index.php?rest_route=\/wp\/v2\/types\/post"}],"author":[{"embeddable":true,"href":"https:\/\/bassdu.mine.bz\/index.php?rest_route=\/wp\/v2\/users\/2"}],"replies":[{"embeddable":true,"href":"https:\/\/bassdu.mine.bz\/index.php?rest_route=%2Fwp%2Fv2%2Fcomments&post=3454"}],"version-history":[{"count":2,"href":"https:\/\/bassdu.mine.bz\/index.php?rest_route=\/wp\/v2\/posts\/3454\/revisions"}],"predecessor-version":[{"id":3456,"href":"https:\/\/bassdu.mine.bz\/index.php?rest_route=\/wp\/v2\/posts\/3454\/revisions\/3456"}],"wp:attachment":[{"href":"https:\/\/bassdu.mine.bz\/index.php?rest_route=%2Fwp%2Fv2%2Fmedia&parent=3454"}],"wp:term":[{"taxonomy":"category","embeddable":true,"href":"https:\/\/bassdu.mine.bz\/index.php?rest_route=%2Fwp%2Fv2%2Fcategories&post=3454"},{"taxonomy":"post_tag","embeddable":true,"href":"https:\/\/bassdu.mine.bz\/index.php?rest_route=%2Fwp%2Fv2%2Ftags&post=3454"}],"curies":[{"name":"wp","href":"https:\/\/api.w.org\/{rel}","templated":true}]}}