{"id":3472,"date":"2014-02-21T00:10:02","date_gmt":"2014-02-20T23:10:02","guid":{"rendered":"http:\/\/bassdu.mine.nu\/?p=3472"},"modified":"2014-02-21T00:17:51","modified_gmt":"2014-02-20T23:17:51","slug":"cei-care-omoara-din-nou-dacismul-si-pe-eminescu","status":"publish","type":"post","link":"https:\/\/bassdu.mine.bz\/?p=3472","title":{"rendered":"CEI CARE OMOAR\u0102 DIN NOU DACISMUL \u015eI PE EMINESCU!"},"content":{"rendered":"<p>Ast\u0103zi o s\u0103 postez ceva mai \u201elung\u201d, deoarece sunt \u201eincazzato duro\u201d !<br \/>\nTotul a pornit de la \u201eefuziunile\u201d unui profesora\u015f de la Babe\u015f-Bolyai :<\/p>\n<p><span style=\"color: #993300;\"><strong>Dumitru Cornel V\u00eelcu<\/strong> a distribuit un link. <\/span><br \/>\n<span style=\"color: #993300;\">Ieri<\/span><br \/>\n<span style=\"color: #993300;\">Cre\u015ftinismul f\u0103r\u0103 \u015f.<\/span><\/p>\n<p><span style=\"color: #993300;\">PREDICA TULBUR\u0102TOARE \u0163inut\u0103 de stare\u0163ul M\u0103n\u0103stirii Petru-Vod\u0103: &#8220;WWW \u00eenseamn\u0103 666&#8221;<\/span><br \/>\n<span style=\"color: #000080;\">www.realitatea.net<\/span>.<\/p>\n<p>Printre mi\u015ftourile pe care le face onorabilul limbist, am remarcat \u015fi pe cele la adresa DACISMULUI, motiv pentru care am cerut politicos c\u00e2teva l\u0103muriri.<br \/>\nLa \u00eentreb\u0103rile mele (\u015fterse ulterior din cronologie, a se citi CENZURATE), dac\u0103 DACIA a existat sau nu (1) \u015fi dac\u0103 noi, majoritatea popula\u0163iei Rom\u00e2niei suntem urma\u015fi direc\u0163i ai dacilor (2), d-l PROFESOR DE LIMBA ROM\u00c2N\u0102 r\u0103spunde astfel:<\/p>\n<p>\u201e<strong>Dumitru Cornel V\u00eelcu<\/strong><br \/>\n1. Accept c\u0103 pe o mic\u0103 por\u0163iune a teritoriului actual al Rom\u00e2niei, \u00een zona Mun\u0163ilor Or\u0103\u015ftie, au existat cet\u0103\u0163i dacice. Despre Dacia e absurd s\u0103 vorbim cu vreo dou\u0103 milenii \u00eenainte de secolul na\u0163iunilor \u015fi al statelor na\u0163ionale.<br \/>\n2. Habar n-am ce \u00een\u0163elege\u0163i prin &#8216;urma\u015fi&#8217; &#8211; dac\u0103 vorbi\u0163i genetic, m\u0103 \u00eendoiesc profund, presupun c\u0103 suntem incredibil de amesteca\u0163i. Dac\u0103 vorbi\u0163i despre o tradi\u0163ie lingvistic\u0103, v\u0103 repet c\u0103 limba rom\u00e2n\u0103 e o limb\u0103 romanic\u0103, a\u015fadar dac\u0103 exist\u0103 un substrat constant pentru ceea ce s-a petrecut, spiritual vorbind, aici, el este perpetuarea (\u015fi ea cu mari modific\u0103ri) a ceea ce au l\u0103sat aici coloni\u015ftii (etnic vorbind, de diverse origini) ai imperiului Roman\u201d&#8230; pentru conformitate, mai jos:<\/p>\n<p><a href=\"http:\/\/bassdu.mine.nu\/images\/2014\/02\/Captur\u0103-din-2014-02-20-205549.png\"><img loading=\"lazy\" decoding=\"async\" class=\"aligncenter size-full wp-image-3473\" alt=\"Captur\u0103 din 2014-02-20 20:55:49\" src=\"http:\/\/bassdu.mine.nu\/images\/2014\/02\/Captur\u0103-din-2014-02-20-205549.png\" width=\"612\" height=\"187\" srcset=\"https:\/\/bassdu.mine.bz\/images\/2014\/02\/Captur\u0103-din-2014-02-20-205549.png 612w, https:\/\/bassdu.mine.bz\/images\/2014\/02\/Captur\u0103-din-2014-02-20-205549-300x91.png 300w\" sizes=\"(max-width: 612px) 100vw, 612px\" \/><\/a><\/p>\n<p><span style=\"color: #000000;\"><strong>&#8230;&#8230;&#8230;&#8230;&#8230;&#8230;&#8230;&#8230;&#8230;&#8230;&#8230;&#8230;&#8230;&#8230;&#8230;&#8230;&#8230;&#8230;&#8230;&#8230;&#8230;&#8230;&#8230;&#8230;&#8230;&#8230;&#8230;&#8230;&#8230;&#8230;&#8230;&#8230;&#8230;&#8230;&#8230;&#8230;&#8230;&#8230;&#8230;&#8230;&#8230;&#8230;&#8230;&#8230;&#8230;&#8230;&#8230;&#8230;&#8230;&#8230;&#8230;&#8230;&#8230;&#8230;&#8230;<\/strong><\/span><\/p>\n<p>REAC\u0162II LA CUVINTELE D-LUI PROFESOR :<\/p>\n<p>\u201e<strong>Diana Marinescu<\/strong> D-le Vilcu, cetati dacice nu au existat doar pe o anumita portiune a Romaniei. Cetati dacice (dave) au existat in multe locuri: Piroboridava, Sucidava, Petrodava (nu mai stiu exact care orase actuale sunt, cred ca Galati, Suceava si Piatra-Neamt) etc. Si daci (sau traco-geti sau geto-daci sau cum vreti sa ii numiti) au existat pe un areal foarte vast si nu doar la noi in tara (de exemplu in nordul Moldovei exista tribul dac al costobocilor). Nu sunt deloc o dacista, insa evidentele istorice nu pot fi negate.\u201d<\/p>\n<p>\u201e<strong>Mihut Nicolae<\/strong> Domnule Dumitru Cornel V\u00eelcu ma iertati ca intervin in discutie, dar cel putin in privinta cetatilor dacice (sunt din Orastie si le-am vizitat pe toate, ba mai mult, ca elev am participat si la sapaturi arheologice, acum 35 de ani, acolo!), vreau sa va spun ca sunt mult mai multe si in TOATE regiunile actualei Romanii (Petrodava in Moldova, este un exemplu ca si Popesti sau Sucidava &#8211; este drept ca multe sunt din valuri de pamant si palisade, asa ca nu le cunoastem cu ziduri vizibile ca cele din Muntii Orastiei).Chiar si in zona Muntilor Apuseni, in apararea carora astazi ne-am unit cu totii (sa nu uitam Certej, Baita, Bucium, Brad, Sacaramb, Deva, Rovina,majoritatea in judetul Hunedoara, exista pe langa Rosia Montana si sunt poate mult mai aproape de demarare), am prezentat , este drept acum peste 30 de ani o lucrare de comunicari stiintifice care lansa ipoteza existentei unui sistem fortificat de aparare a minelor de aur dacice de aur din Muntii Apuseni, dupa modelul celui din Muntii Orastiei, din care faceau parte cetatile de la Piatra Craivii, Ardeu, Campuri-Surduc,Varadia, Deva&#8230;. asta in ceea ce priveste raspandirea statului dac&#8230;\u201d<\/p>\n<p>\u201e<strong>Bogdan Tomoiaga<\/strong> Domnule Dumitru Cornel V\u00eelcu, cu tot respectul cuvenit, din punctul meu de vedere, in aceasta problema, bateti campii rau de tot&#8230;. si o faceti sistematic. Este ca si cum Dumneavostra (sau orice alt cadru didactic din Romania), v-ati exprima &#8220;o opinie personala&#8221; intr-un mediu public (sa zicem la catedra), iar altcineva v-ar inregistra, ar distribui ceea ce spuneti in mediul on-line, si ar spune &#8220;iata ce se invata in universitatile din Romania&#8221;, &#8220;scoala e cretina&#8221; etc&#8230;. omitand cu buna stiinta sa spuna ca este vorba despre &#8220;opinia personala&#8221; a cuiva. Cam asta faceti si nu cred ca exagerez deloc spunand asta.\u201d<br \/>\n\u201e<strong>Dumitru Cornel V\u00eelcu<\/strong> O mai spun o dat\u0103, Bogdan Tomoiaga: toate aceste dacisme sunt o prostie \u015fi o impostur\u0103 \u015ftiin\u0163ific\u0103, un nou mit pentru prostirea \u015fi re-na\u0163ionalizarea rom\u00e2nilor. Sunte\u0163i liberi s\u0103 m\u0103 cita\u0163i pe unde vre\u0163i. V\u0103 chiar \u00eendemn s\u0103 o face\u0163i. Chiar m-am s\u0103turat de epidemia asta de&#8230; cum s\u0103-i spun? protocronism neona\u0163ionalist? \u015fi nu cred c\u0103 ea trebuie s\u0103 se mai desf\u0103\u015foare neatacat\u0103 prin subteranele re\u0163elelor sociale.\u201d<\/p>\n<p>\u201e<strong>Bogdan Tomoiaga<\/strong> &#8220;\u00cen Rom\u00e2nia totul trebuie Dacizat&#8221; (Mihai Eminescu) &#8230; cam desuet, nu ? &#8230;. cadavrul din debaraua lu&#8217; Patapevici (prototipul epigonului contemporan)\u201d<\/p>\n<p>\u201e<strong>Dumitru Cornel V\u00eelcu<\/strong> <span style=\"color: #800000;\"><strong>Mare poet&#8230; dar ca g\u00e2ndire social\u0103 \u015fi politic\u0103, absolut: desuet (f\u0103r\u0103 i), ba chiar profund retrograd.<\/strong><\/span>\u201d<br \/>\n\u201e<strong>Dumitru Cornel V\u00eelcu<\/strong>\u00a0&#8230; \u015fi fiindc\u0103 tot am ajuns la auto-situ\u0103ri cultural-ideologico-spirituale, iat\u0103: <span style=\"color: #800000;\"><strong>cu toate c\u0103 i-am criticat \u00een multe aspecte punctuale, \u00eel prefer f\u0103r\u0103 ezitare pe un Patapievici (sau pe un Lucian Boia) oric\u0103rui g\u00e2nditor na\u0163ionalist, vechi sau nou. &#8216;Scheletul&#8217; nu \u015fade, a\u015fadar, doar \u00een dulapul lui HRP, ci \u015fi \u00een al meu. Ba chiar, spre deliciul dumneavoastr\u0103 al tuturor, o s\u0103 m\u0103 afi\u015fez cu el \u00een public. Poate \u015fi la catedr\u0103.<\/strong><\/span>\u201d<\/p>\n<p>\u201e<strong>Bogdan Tomoiaga<\/strong> &#8230; In alta ordine de idei, se vede clar ca suntem foarte eruditi unii dintre noi dar, nu stiu cum se face ca, nu putem nicicum sa ne debarasam de CLISEE (ex. Eminescu &#8220;nationalist&#8221; ??!!). Pentru a-l intelege pe GANDITORUL Eminescu, cred ca ar exista un gest cel putin de bun simt, sa-l cititi! &#8230;. si aici nu ma refer la opera poetica sau la cea de prozator, ci la PUBLICISTICA! Sigur, ar fi nevoie de un efort sustinut de cativa ani (Opere Complete) &#8230;<br \/>\nIeri la 13:56 \u00b7 Editat<\/p>\n<p><strong>Ovidiu Mircean<\/strong> (<em>ap\u0103r\u0103tor din oficiu, care mai crede \u00eenc\u0103 \u00een DEMOCRA\u0162IE!?<\/em>) Domnule Bogdan Tomoioaga, va asigur ca tocmai in publicistica, <span style=\"color: #800000;\">Eminescu are accese de extremism nationalist de cea mai ingrijoratoare speta pentru orice gandire democratica&#8230; Cornel: te iubesc!<\/span>\u201d<\/p>\n<p>&#8230;&#8230;&#8230;&#8230;&#8230;&#8230;&#8230;&#8230;&#8230;&#8230;&#8230;&#8230;&#8230;&#8230;&#8230;&#8230;&#8230;&#8230;&#8230;&#8230;&#8230;&#8230;&#8230;&#8230;&#8230;&#8230;&#8230;&#8230;&#8230;&#8230;&#8230;&#8230;&#8230;&#8230;&#8230;&#8230;&#8230;&#8230;&#8230;&#8230;&#8230;&#8230;&#8230;&#8230;&#8230;<\/p>\n<p><span style=\"color: #000000;\">La argumentele mele, care erau pe linia celorlalte lu\u0103ri de pozi\u0163ie, d-l profesor a reac\u0163ionat DEMOCRATIC \u015fterg\u00e2nd comentariile mele, pe care le-a considerat ofensive. Din ceea ce a scris, r\u0103m\u00e2ne de v\u0103zut cine a fost ofensiv \u015fi cum poate fi caracterizat, deoarece \u015fi-a permis s\u0103-mi CENZUREZE comentariile\u00a0<\/span> :<\/p>\n<p>\u201e<strong>Dumitru Cornel V\u00eelcu<\/strong> Cum s\u0103 nu \u015fterg nimic, d-le \u0162eav\u0103? tocmai v-am \u015fters\u201d<\/p>\n<p>\u201e<strong>Dumitru Cornel V\u00eelcu<\/strong> &#8230; care cenzureaz\u0103 indecen\u0163a \u015fi prostia extrem\u0103. V-am blocat, domnule \u0162eav\u0103. V\u0103 invit s\u0103 m\u0103 urm\u0103ri\u0163i pe unde pute\u0163i \u015fi s\u0103 \u00eencerca\u0163i s\u0103 m\u0103 discredita\u0163i. La stilul \u015fi nivelul Dvs., asta o s\u0103-mi fie foarte de folos.\u201d<\/p>\n<p><span style=\"color: #000000;\"><strong>\u00ceN \u00ceNCHEIERE, exprim alte perplexit\u0103\u0163i D-LUI PROFESOR<\/strong><\/span>:<\/p>\n<p><span style=\"color: #000000;\"><strong>1.<\/strong><\/span> Dac\u0103 nu putem vorbi de DACIA cu 2000 de ani \u00eenainte de \u201esecolul na\u0163iunilor \u015fi al statelor na\u0163ionale\u201d, cum de putem vorbi de IMPERIUL ROMAN \u015fi de influen\u0163ele sale lingvistice \u015fi SPIRITUALE prin intermediul unor coloni\u015fti?&#8230; c\u0103 a\u015fa scrie\u0163i :\u201espiritual vorbind, aici, el este perpetuarea (\u015fi ea cu mari modific\u0103ri) a ceea ce au l\u0103sat aici coloni\u015ftii (etnic vorbind, de diverse origini) ai imperiului Roman.<br \/>\n<span style=\"color: #000000;\"><strong>2.<\/strong><\/span> Dac\u0103 dumneavoastr\u0103 profesor de limb\u0103 rom\u00e2n\u0103 la un institut de \u00eenv\u0103\u0163\u0103m\u00e2nt superior, habar nu ave\u0163i de alte cet\u0103\u0163i \u015fi a\u015fez\u0103ri dacice, \u00een afara celor din Mun\u0163ii Or\u0103\u015ftie, cum pute\u0163i s\u0103 ave\u0163i o IMAGINE CLAR\u0102 asupra genezei LIMBII ROM\u00c2NE\u015eTI? Dac\u0103 dacii au existat numai \u00een arealul restr\u00e2ns pe care-l delimita\u0163i, cum DRACO s-a format aceea\u015fi limb\u0103 \u00eentre Tisa, Tatra, Vistula, Don, Marea Neagr\u0103, Epir \u015fi Adriatic\u0103? Poate sus\u0163ine\u0163i ideea ru\u015filor c\u0103 VALAHII ar veni cu LIMBA lor din Ungaria?&#8230; sau poate pe a bulgarilor, c\u0103 am venit din Nord?&#8230; sau poate din Est?&#8230; sau poate din Sud? Domnule profesor de limbistic\u0103, SUNTEM POPORUL CEL MAI NUMEROS DIN AREAL!&#8230; \u015ftia\u0163i asta?<br \/>\n<span style=\"color: #000000;\"><strong>3.<\/strong><\/span> Dac\u0103 dumneavoastr\u0103 din postura \u00een care v\u0103 afla\u0163i sus\u0163ine\u0163i c\u0103 EMINESCU este \u201e<span style=\"color: #000000;\"><strong>Mare poet&#8230; dar ca g\u00e2ndire social\u0103 \u015fi politic\u0103, absolut: desuet (f\u0103r\u0103 i), ba chiar profund retrograd.<\/strong><\/span>\u201d \u015fi dac\u0103 \u00eel clasifica\u0163i astfel :\u201e<span style=\"color: #000000;\"><strong>\u00eel prefer f\u0103r\u0103 ezitare pe un Patapievici (sau pe un Lucian Boia) oric\u0103rui g\u00e2nditor na\u0163ionalist, vechi sau nou. &#8216;Scheletul&#8217; nu \u015fade, a\u015fadar, doar \u00een dulapul lui HRP, ci \u015fi \u00een al meu. Ba chiar, spre deliciul dumneavoastr\u0103 al tuturor, o s\u0103 m\u0103 afi\u015fez cu el \u00een public. Poate \u015fi la catedr\u0103.<\/strong><\/span>\u201d, cred c\u0103 ar fi cazul s\u0103 p\u0103r\u0103si\u0163i acea pozi\u0163ie, deoarece eu consider afirma\u0163iile dumneavoastr\u0103 un adev\u0103rat <span style=\"color: #000080;\"><strong>ATAC LA IDENTITATEA NA\u0162IONAL\u0102 A POPORULUI MEU<\/strong><\/span>, care am \u00een\u0163eles c\u0103 numai pe o jum\u0103tate (nesigur\u0103 prin defini\u0163ie) ar fi \u015fi al dumneavoastr\u0103.<br \/>\nSunt sigur c\u0103 nu a\u0163i citit OPERA JURNALISTIC\u0102 a Marelui Eminescu, sau \u00een alternativ\u0103, sunte\u0163i pe pozi\u0163ia celor care <span style=\"color: #000080;\"><strong>L-AU UCIS<\/strong><\/span>, deoarece <span style=\"color: #000000;\"><strong>\u015fi un copil pricepe C\u00c2T ESTE DE ACTUAL EMINESCU AZI!!<\/strong><\/span>!&#8230; bine\u00een\u0163eles c\u0103 EMINESCU ca \u015fi DACISMUL, LE ST\u0102 PE ORGANELE GENITALE celor care promoveaz\u0103 GLOBALIZAREA cu a sa caracteristic\u0103 principal\u0103 DEZNA\u0162IONALIZAREA , care pentru oameni ca mine \u015fi al\u0163ii, din ce \u00een ce mai mul\u0163i, sunt de DEMOLAT!<\/p>\n<p><span style=\"color: #000000;\"><strong>CONCLUZIE<\/strong><\/span><\/p>\n<p><span style=\"color: #800000;\">D-le profesor limbist <strong>DUMITRU CORNEL V\u00ceLCU<\/strong>, sunte\u0163i printre cei care-l omoar\u0103 a doua oar\u0103 pe EMINESCU!!<\/span>!<br \/>\nV\u0103 da\u0163i mare activist social \u00een chestiunile Ro\u015fiei Montane \u015fi Gazelor de \u015eist (<a href=\"https:\/\/www.facebook.com\/dumitrucornel.vilcu\/photos\">https:\/\/www.facebook.com\/dumitrucornel.vilcu\/photos<\/a>), consider\u00e2ndu-v\u0103 probabil un VA\u015eNIC AP\u0102R\u0102TOR AL DEMOCRA\u0162IEI, care, v\u0103 spun eu \u201eignorantul\u201d, c\u0103 nu a existat \u015fi nu va exista \u00een veci, at\u00e2ta timp c\u00e2t SISTEMUL este cel implementat de IMPERIILE LUMII, inclusiv de cel ROMAN pe care-l linge\u0163i \u201ea posteriori\u201d! \u015ei nici nu ave\u0163i motive s\u0103 fi\u0163i ANTI-SISTEM, deoarece nu e greu de aflat CUM a\u0163i ajuns \u00een pozi\u0163ia \u00een care sunte\u0163i : <span style=\"color: #000000;\"><strong>LING\u00c2ND BALELE GLOBALISTE ale unora ca Boia, Pisso, Pop, Djuvara, Patapievici, Zoe Petre, etc<\/strong><\/span>.<br \/>\nCineva v-ar fi acuzat c\u0103 sunte\u0163i <strong><span style=\"color: #000000;\">SORO\u015eIST<\/span><\/strong> \u015fi nu am dubii c\u0103 este a\u015fa, de unde \u015fi \u00eentrebarea : <strong>CINE V\u0102 M\u00c2N\u0102 \u00ceN PIA\u0162\u0102?<\/strong>&#8230; urm\u0103ri\u0163i cumva <strong>VIZIBILITATEA<\/strong> asemenea droaiei de <strong>INDEPENDEN\u0162I<\/strong>, care \u201esar \u00een c\u0103ru\u0163\u0103\u201d cu o g\u0103selni\u0163\u0103 oarecare, pentru a ajunge de fapt la <strong>OSUL DE ROS<\/strong>?<br \/>\n<span style=\"color: #800000;\">Mi-e mil\u0103 de voi to\u0163i, deoarece ori nu sunte\u0163i capabili s\u0103 pricepe\u0163i CAUZA RELELOR \u015fi v\u0103 ostoi\u0163i cu EFECTELE, ori SUNTE\u0162I \u00ceN MISIUNE!?&#8230; pentru c\u0103 p\u00e2n\u0103 \u015fi un ignorant ca mine, a priceput c\u0103 problema Ro\u015fiei Montane se rezolv\u0103 prin ELIMINAREA AURULUI DIN CADRUL VALORILOR DE REFERIN\u0162\u0102 , iar GAZELE DE \u015eIST nu vor mai deveni o necesitate, \u00eentr-o Lume Sustenabil\u0103, \u00een care s\u0103 elimin\u0103m FUTILUL \u015fi S\u0102 NE \u00ceNTINDEM C\u00c2T NE E PLAPUMA, care \u00een cazul nostru, al \u201eurma\u015filor geto-dacilor\u201d, este suficient de lung\u0103, s\u0103 mai acopere \u015fi picioarele altora<\/span>!<\/p>\n<p><span style=\"color: #000080;\"><strong>L\u0103sa\u0163i pe EMINESCU \u015fi DACIA \u00een pace, c\u0103 s-ar putea s\u0103 vin\u0103 vremuri s\u0103 da\u0163i socoteal\u0103!<\/strong><\/span><br \/>\n<span style=\"color: #000080;\"><strong>SISTEMUL pe care-l sus\u0163ine\u0163i e pe duc\u0103 \u015fi o s\u0103 v\u0103 trezi\u0163i cu curul gol<\/strong><\/span>!<\/p>\n","protected":false},"excerpt":{"rendered":"<p>Ast\u0103zi o s\u0103 postez ceva mai \u201elung\u201d, deoarece sunt \u201eincazzato duro\u201d ! Totul a pornit de la \u201eefuziunile\u201d unui profesora\u015f de la Babe\u015f-Bolyai : Dumitru Cornel V\u00eelcu a distribuit un link. Ieri Cre\u015ftinismul f\u0103r\u0103 \u015f. PREDICA TULBUR\u0102TOARE \u0163inut\u0103 de stare\u0163ul M\u0103n\u0103stirii Petru-Vod\u0103: &#8220;WWW \u00eenseamn\u0103 666&#8221; www.realitatea.net. Printre mi\u015ftourile pe care le face onorabilul limbist, am [&hellip;]<\/p>\n","protected":false},"author":2,"featured_media":0,"comment_status":"open","ping_status":"open","sticky":false,"template":"","format":"standard","meta":{"footnotes":""},"categories":[3],"tags":[1420,1416,1421,45,487,209,1418,392,1415,1582,1417,1419,106],"jetpack_featured_media_url":"","_links":{"self":[{"href":"https:\/\/bassdu.mine.bz\/index.php?rest_route=\/wp\/v2\/posts\/3472"}],"collection":[{"href":"https:\/\/bassdu.mine.bz\/index.php?rest_route=\/wp\/v2\/posts"}],"about":[{"href":"https:\/\/bassdu.mine.bz\/index.php?rest_route=\/wp\/v2\/types\/post"}],"author":[{"embeddable":true,"href":"https:\/\/bassdu.mine.bz\/index.php?rest_route=\/wp\/v2\/users\/2"}],"replies":[{"embeddable":true,"href":"https:\/\/bassdu.mine.bz\/index.php?rest_route=%2Fwp%2Fv2%2Fcomments&post=3472"}],"version-history":[{"count":4,"href":"https:\/\/bassdu.mine.bz\/index.php?rest_route=\/wp\/v2\/posts\/3472\/revisions"}],"predecessor-version":[{"id":3477,"href":"https:\/\/bassdu.mine.bz\/index.php?rest_route=\/wp\/v2\/posts\/3472\/revisions\/3477"}],"wp:attachment":[{"href":"https:\/\/bassdu.mine.bz\/index.php?rest_route=%2Fwp%2Fv2%2Fmedia&parent=3472"}],"wp:term":[{"taxonomy":"category","embeddable":true,"href":"https:\/\/bassdu.mine.bz\/index.php?rest_route=%2Fwp%2Fv2%2Fcategories&post=3472"},{"taxonomy":"post_tag","embeddable":true,"href":"https:\/\/bassdu.mine.bz\/index.php?rest_route=%2Fwp%2Fv2%2Ftags&post=3472"}],"curies":[{"name":"wp","href":"https:\/\/api.w.org\/{rel}","templated":true}]}}