{"id":3521,"date":"2014-03-08T00:17:26","date_gmt":"2014-03-07T23:17:26","guid":{"rendered":"http:\/\/bassdu.mine.nu\/?p=3521"},"modified":"2014-03-08T00:29:32","modified_gmt":"2014-03-07T23:29:32","slug":"miscarea-5-stele-si-centralismul-democratic","status":"publish","type":"post","link":"https:\/\/bassdu.mine.bz\/?p=3521","title":{"rendered":"Mi\u015fcarea 5 Stele \u015fi&#8230; Centralismul Democratic!?"},"content":{"rendered":"<p>\u00centr-o emisiune de mare audien\u0163\u0103 \u00een Italia, condus\u0103 de \u201eomul de st\u00e2nga\u201d Michele Santoro, numit\u0103 \u201eServizio Publico\u201d, am avut prilejul s\u0103 percep marea spaim\u0103 pe care o induce \u201eMi\u015fcarea 5 Stele\u201d SISTEMULUI:<\/p>\n<p>\u00cen finalul transmisiunii, ca un corolar al acesteia, Michele Santoro acuz\u0103 \u201eMi\u015fcarea 5 Stele\u201d de CENTRALISM DEMOCRATIC, deoarece ar fi expuls c\u00e2\u0163iva senatori \u015fi deputa\u0163i, care \u015fi-au manifestat deschis dezacordul fa\u0163\u0103 de INTRANSIGEN\u0162A liderului Beppe Grillo. Acesta refuz\u0103 categoric orice alian\u0163\u0103 de guvern cu Partidul Democratic, a\u015fa cum refuz\u0103 orice alian\u0163\u0103, cu orice partid actual.<br \/>\nAceast\u0103 atitudine a liderului mi\u015fc\u0103rii, care de fapt \u00a0a fost validat\u0103 \u015fi de un VOT ONLINE al aderen\u0163ilor, este unanim catalogat\u0103 de toate actualele partide, ca fiind ANTI-DEMOCRATIC\u0102, \u00eempiedic\u00e2nd LIBERTATEA DE OPINIE a reprezentan\u0163ilor ale\u015fi. Este adev\u0103rat c\u0103 VOTUL ONLINE nu a condus la o \u201emajoritate bulgar\u0103\u201d, doar 2\/3 din aderen\u0163i fiind favorabili EXCLUDERII \u201er\u0103zvr\u0103\u0163i\u0163ilor- colabora\u0163ioni\u015fti\u201d, ceea ce demonstreaz\u0103 PROASTA INFORMARE a treimii potrivnice, dar nu se men\u0163ioneaz\u0103 nic\u0103ieri urm\u0103toarele:<br \/>\n\u00cen Non-Statutul mi\u015fc\u0103rii este CLAR exprimat conceptul c\u0103 \u201eTREBUIE S\u0102 SE DUC\u0102 TOATE PARTIDELE ACAS\u0102\u201d, deoarece sunt responsabile \u00een bloc de proasta guvernare a ultimelor zeci de ani \u015fi prin urmare, ORICE ALIAN\u0162\u0102 CU ACESTEA ESTE EXCLUS\u0102. Deci c\u00e2nd unul intr\u0103 \u00een M5S, accept\u0103 acest Non-Statut, sau&#8230; nu intr\u0103!? Cei care au intrat \u015fi nu mai \u0163in minte aceast\u0103 prevedere, ori sunt dobitoci, ori au intrat cu scopul precis, \u00eencredin\u0163at lor de al\u0163ii, de a DELEGITIMA \u00een ochii opiniei publice mi\u015fcarea!?<br \/>\nEste ca \u015fi cum tu la\u015fi pe unul s\u0103-\u0163i intre \u00een cas\u0103, aduc\u00e2ndu-i la cuno\u015ftin\u0163\u0103 unde este WC-ul, iar el face caca \u00een sufragerie!?<br \/>\nBine\u00een\u0163eles c\u0103 Santoro nu a remarcat, c\u0103 124 de senatori \u015fi deputa\u0163i \u201eau schimbat cazaca\u201d \u00een actuala legislatur\u0103, adic\u0103 au trecut de la guvernare la opozi\u0163ie, sau invers, acest comportament fiind justificat de LIBERTATEA DE OPINIE!?!?&#8230; domnilor, dac\u0103 ai ajuns \u00een Parlament fiind votat de cet\u0103\u0163eni \u00een virtutea unui PROGRAM, nu mai ai LIBERTATE DE OPINIE, deoarece tu e\u015fti reprezentantul OPINIEI CELOR CARE TE-AU TRIMIS ACOLO, ci nu a celei personale!!! Cum deputa\u0163ii \u015fi senatorii exclu\u015fi de M5S au ajuns \u00een acea postur\u0103 \u201epe baza IDEILOR M5S\u201d, ei nu pot schimba aceste idei de capul lor! M5S are ca principiu de baz\u0103 DEMOCRA\u0162IA PARTICIPATIV\u0102 ONLINE, unde se propun IDEI, se DEZBAT \u015fi se APROB\u0102, dup\u0103 care \u201er\u0103m\u00e2n b\u0103tute \u00een cuie\u201d!&#8230; clar?<br \/>\nSchimb\u0103rile de TACTIC\u0102 \u015fi STRATEGIE, se fac DE JOS \u00ceN SUS, invers, fiind o PRACTIC\u0102 A ACTUALULUI SISTEM!!!<\/p>\n<p>MI\u015eCAREA DACIA va avea aceea\u015fi pozi\u0163ie dac\u0103 va ajunge la guvernare!!!<br \/>\n\u00cen plus, MI\u015eCAREA DACIA va actua CONDUCEREA COLECTIV\u0102, prin SFAT. Acesta va avea misiunea de a cristaliza IDEILE, de a le difuza \u015fi a asigura respectarea lor \u015fi de a evita DETURNAREA mi\u015fc\u0103rii.<\/p>\n","protected":false},"excerpt":{"rendered":"<p>\u00centr-o emisiune de mare audien\u0163\u0103 \u00een Italia, condus\u0103 de \u201eomul de st\u00e2nga\u201d Michele Santoro, numit\u0103 \u201eServizio Publico\u201d, am avut prilejul s\u0103 percep marea spaim\u0103 pe care o induce \u201eMi\u015fcarea 5 Stele\u201d SISTEMULUI: \u00cen finalul transmisiunii, ca un corolar al acesteia, Michele Santoro acuz\u0103 \u201eMi\u015fcarea 5 Stele\u201d de CENTRALISM DEMOCRATIC, deoarece ar fi expuls c\u00e2\u0163iva senatori [&hellip;]<\/p>\n","protected":false},"author":2,"featured_media":0,"comment_status":"open","ping_status":"open","sticky":false,"template":"","format":"standard","meta":{"footnotes":""},"categories":[73],"tags":[1437,1438,290,210,266,70,1096,116,115],"jetpack_featured_media_url":"","_links":{"self":[{"href":"https:\/\/bassdu.mine.bz\/index.php?rest_route=\/wp\/v2\/posts\/3521"}],"collection":[{"href":"https:\/\/bassdu.mine.bz\/index.php?rest_route=\/wp\/v2\/posts"}],"about":[{"href":"https:\/\/bassdu.mine.bz\/index.php?rest_route=\/wp\/v2\/types\/post"}],"author":[{"embeddable":true,"href":"https:\/\/bassdu.mine.bz\/index.php?rest_route=\/wp\/v2\/users\/2"}],"replies":[{"embeddable":true,"href":"https:\/\/bassdu.mine.bz\/index.php?rest_route=%2Fwp%2Fv2%2Fcomments&post=3521"}],"version-history":[{"count":3,"href":"https:\/\/bassdu.mine.bz\/index.php?rest_route=\/wp\/v2\/posts\/3521\/revisions"}],"predecessor-version":[{"id":3524,"href":"https:\/\/bassdu.mine.bz\/index.php?rest_route=\/wp\/v2\/posts\/3521\/revisions\/3524"}],"wp:attachment":[{"href":"https:\/\/bassdu.mine.bz\/index.php?rest_route=%2Fwp%2Fv2%2Fmedia&parent=3521"}],"wp:term":[{"taxonomy":"category","embeddable":true,"href":"https:\/\/bassdu.mine.bz\/index.php?rest_route=%2Fwp%2Fv2%2Fcategories&post=3521"},{"taxonomy":"post_tag","embeddable":true,"href":"https:\/\/bassdu.mine.bz\/index.php?rest_route=%2Fwp%2Fv2%2Ftags&post=3521"}],"curies":[{"name":"wp","href":"https:\/\/api.w.org\/{rel}","templated":true}]}}