{"id":3529,"date":"2014-03-15T01:39:58","date_gmt":"2014-03-15T00:39:58","guid":{"rendered":"http:\/\/bassdu.mine.nu\/?p=3529"},"modified":"2014-03-15T01:39:58","modified_gmt":"2014-03-15T00:39:58","slug":"gazeta-romaneasca-din-italia-sau-despre-jurnalistii-lu-peste","status":"publish","type":"post","link":"https:\/\/bassdu.mine.bz\/?p=3529","title":{"rendered":"\u201eGazeta Rom\u00e2neasc\u0103\u201d din Italia, sau despre \u201ejurnali\u015ftii lu pe\u015fte\u201d"},"content":{"rendered":"<p>Pornind de la unele afirma\u0163ii ale lui <span style=\"color: #000000;\">Beppe Grillo<\/span> referitoare la rom\u00e2ni, reprezentan\u0163i \u201ecu vizibilitate\u201d ai acestora au trecut la ofensiv\u0103 \u00eempotriva \u201eMi\u015fc\u0103rii 5 Stele\u201d, chiar dac\u0103 \u00ceN REALITATE, se trata de discursuri \u00eempotriva EFECTELOR GLOBALIZ\u0102RII, printre care \u015fi EMIGRAREA popula\u0163iilor din \u0163\u0103rile de ba\u015ftin\u0103, cu toate repercursiunile de rigoare. Al\u0163ii au g\u0103sit \u201erasist\u0103\u201d regula M5S de a avea exclusiv cet\u0103\u0163eni italieni \u00een r\u00e2ndurile sale!?<br \/>\nExplica\u0163ia de fond era alta : to\u0163i ace\u015fti \u201evizibili\u201d, sunt ancora\u0163i la partide italiene\u015fti, sau rum\u00e2ne\u015fti, care se simt \u201evizate\u201d de IDEILE M5S.<br \/>\nEu am avut aici \u00een Italia diverse controverse pe aceast\u0103 tem\u0103, inclusiv cu jurnali\u015fti de la \u201eGazeta Rom\u00e2neasc\u0103\u201d, a\u015fa c\u0103 nu mic\u0103 mi-a fost uimirea, c\u00e2nd am citit pe aceast\u0103 gazet\u0103 cu director italian (Sergio Talamo), un <a href=\"http:\/\/www.gazetaromaneasca.com\/observator\/36-comunitate\/7644-adepii-romani-ai-lui-beppe-grillo-qinfiinm-5-stelle-in-romania-s-demascm-i-s-inlturm-clasa-politic-coruptq.html\">interviu<\/a> al directorului editorialist SORIN CEHAN, luat unui oarecare Florin Dumitru, camionagiu de 43 de ani din Dorohoi, r\u0103mas f\u0103r\u0103 slujb\u0103 (a\u015fa se \u00een\u0163elege din text), promotor al unei ini\u0163iative de formare a unei mi\u015fc\u0103ri <a href=\"https:\/\/www.facebook.com\/groups\/ROMANIDECINCISTELE\">ROM\u00c2NI DE CINCI STELE\u00a0<\/a> !?<br \/>\nAcest grup fb num\u0103r\u0103 369 de membrii, dintre care jum\u0103tate italieni \u015fi printre care se afl\u0103 \u015fi editorialistul!?<br \/>\nMie personal, mi se pare acest interviu O \u00ceNCERCARE DE MANIPULARE\/DISCREDITARE \u00een detrimentul celei mai importante for\u0163e politice ANTI-SISTEM din Italia \u015fi din Lume!!!<br \/>\nTot pe acela\u015fi plan se situeaz\u0103 un psihopat pe nume CHIRIAC TIBERIU PAUL, eliminat din timpuri istorice din Mi\u015fcarea Dacia pentru motive pe care le pute\u0163i pricepe din <a href=\"https:\/\/www.facebook.com\/events\/614050558668118\/?ref=22\">evenimentul fb<\/a>, unde afirm\u0103 :<\/p>\n<p>\u201e<span style=\"color: #000000;\">MA NUMESC CHIRIAC TIBERIU PAUL,CETATEAN ROMAN IN VARSTA DE 42 ANI. SUNT UN LIDER DE ANTIRASISM, FAC PARTE DIN COMITETUL IMMIGRANTILOR DIN ITALIA(RESPONSABIL CU AZILUL POLITIC) SI LUPTATOR PENTRU DREPTURILE OMULUI. INCA DIN 2000 A INCEPUT BATALIA MEA IMPOTRIVA MAFIEI NUMARUL 1 DIN ITALIA SI POATE SI DIN LUME(CAMORRA).SUNT UN LUPTATOR IMPOTRIVA MAFIEI SI A CORUPTIEI DIN AMBASADA SI CONSULATELE ROMANE SIN ITALIA SI DIN INTREAGA LUME! NU AM FACUT PARTE DIN NICI UN PARTID POLITIC IN TOATA VIATA MEA. IN ITALIA AM ORGANIZAT ZECI SI SUTE DE MITINGURI(IN MARE PARTE NEAUTORIZATE) UNDE CU MULT SACRIFICIU AM REUSIT SA OBTINEM SI REZULTATE BUNE. <strong>SUNT UN ACTIVIST AL MISCARII DIN ITALIA ,,MOVIMENTO 5 STELLE,,<\/strong> IN ROMANESTE ,, MISCAREA 5 STELE\u201d<\/span><br \/>\n<span style=\"color: #000000;\">&#8230;&#8230;&#8230;&#8230;&#8230;&#8230;&#8230;&#8230;&#8230;&#8230;&#8230;&#8230;&#8230;&#8230;&#8230;&#8230;&#8230;&#8230;&#8230;&#8230;&#8230;&#8230;&#8230;&#8230;&#8230;&#8230;&#8230;&#8230;&#8230;&#8230;&#8230;&#8230;&#8230;&#8230;&#8230;&#8230;&#8230;&#8230;&#8230;&#8230;&#8230;&#8230;&#8230;&#8230;&#8230;&#8230;&#8230;&#8230;&#8230;&#8230;&#8230;&#8230;&#8230;&#8230;&#8230;&#8230;&#8230;&#8230;&#8230;&#8230;&#8230;&#8230;<\/span><br \/>\n<span style=\"color: #000000;\">\u201ePENTRU CEI CARE INCA NU MA CUNOSC: SUNT UN AGRAMAT SI UN PROST EDUCAT! EU MA CANDIDEZ PENTRU: PROSTI, AGRAMATI, INCULTI, SARACI, BONLAVI, PENSIONARI IN CRIZA DISPERARII, HANDICAPATI, DEZOCUPATI, LASI&#8230;..SI PENTRU CEI CARE NU AU PIERDUT SPERANTA IN SALVAREA ROM\u00c2NIEI! FAC APEL LA CEI CARE VOR UN CANDIDAT CULT, EDUCAT, RESPECTOS, INTELIGENT, FRUMOS, PREZENTABIL, CUNOSCATOR DE MAI MULTE LIMBI, STUDII SUPERIOARE(MASTERATE), CUNOSCATORI DE ISTORIE, CALIFICATI SI PREMIATI DE STARURI INTERNATIONALE, BOGAT,&#8230;&#8230;&#8230;.V-A R-O-G S-A N-U M-A V-O-T-A-T-I!!!<\/span>\u201d<\/p>\n<p>\u201eLini\u015ftesc\u201d amicii M5S, deoarece numai cet\u0103\u0163enii italieni pot fi activi\u015fti, a\u015fa c\u0103 nu avem de-a face dec\u00e2t cu o MINCIUN\u0102 GOGONAT\u0102!<\/p>\n<p>Ca s\u0103 fie clar, nu am nimic \u00eempotriv\u0103 ca oricine s\u0103 se fac\u0103 purt\u0103tor al ideilor Mi\u015fc\u0103rii 5 Stele, dar \u00een aceste cazuri este evident c\u0103 nu avem a\u015fa ceva! \u201eMi\u015fcarea Dacia\u201d o face de la \u201e\u00eenceputuri\u201d \u015fi \u00een ciuda lipsei de VIZIBILITATE, care este MONOPOLIZAT\u0102 DE SISTEM (a se citi \u015fi Gazeta Rom\u00e2neasc\u0103), pune piatr\u0103 pe piatr\u0103, pentru un fundament serios!<\/p>\n<p>De asemenea, nu ne arog\u0103m exclusivitatea \u00een rela\u0163ia cu M5S, chiar dac\u0103 \u201eam crescut \u00eempreun\u0103\u201d, mai ales c\u0103 avem \u015fi idei diferite \u00een anumite chestiuni, deoarece noi reprezent\u0103m alte conjucturi, tradi\u0163ii, istorie, etc.!!! Pur \u015fi simplu, suntem ALERGICI LA PROSTIE, mai ales c\u00e2nd DIASPORA demonstreaz\u0103 c\u0103 MANELISMUL \u015fi MANIPULAREA sunt bine \u00eentronate \u015fi \u201eafar\u0103\u201d, nu numai \u201eacas\u0103\u201d !<\/p>\n<p>AM FUGIT DE \u201eMINERI\u201d, DAR MUL\u0162I AU VENIT DUP\u0102 MINE!?<br \/>\n&#8230; ba chiar \u015fi \u201eliderul lor spiritual\u201d ILIESCU vine des pe aici, de mul\u0163ume\u015fte diver\u015fi amatori de \u201efotografii istorice\u201d, care nu \u015ftiu c\u0103 el de fapt vine la CLUBUL DE LA ROMA \u015fi c\u0103 pe drumul pribegiei, tocmai el i-a trimis!?&#8230; ace\u015ftia se sup\u0103r\u0103 pe Grillo c\u00e2nd le spune ADEV\u0102RUL, sau pur \u015fi simplu&#8230; NU PRICEP!?<\/p>\n","protected":false},"excerpt":{"rendered":"<p>Pornind de la unele afirma\u0163ii ale lui Beppe Grillo referitoare la rom\u00e2ni, reprezentan\u0163i \u201ecu vizibilitate\u201d ai acestora au trecut la ofensiv\u0103 \u00eempotriva \u201eMi\u015fc\u0103rii 5 Stele\u201d, chiar dac\u0103 \u00ceN REALITATE, se trata de discursuri \u00eempotriva EFECTELOR GLOBALIZ\u0102RII, printre care \u015fi EMIGRAREA popula\u0163iilor din \u0163\u0103rile de ba\u015ftin\u0103, cu toate repercursiunile de rigoare. Al\u0163ii au g\u0103sit \u201erasist\u0103\u201d regula [&hellip;]<\/p>\n","protected":false},"author":2,"featured_media":0,"comment_status":"open","ping_status":"open","sticky":false,"template":"","format":"standard","meta":{"footnotes":""},"categories":[88],"tags":[1444,1443,1114,177,290,210],"jetpack_featured_media_url":"","_links":{"self":[{"href":"https:\/\/bassdu.mine.bz\/index.php?rest_route=\/wp\/v2\/posts\/3529"}],"collection":[{"href":"https:\/\/bassdu.mine.bz\/index.php?rest_route=\/wp\/v2\/posts"}],"about":[{"href":"https:\/\/bassdu.mine.bz\/index.php?rest_route=\/wp\/v2\/types\/post"}],"author":[{"embeddable":true,"href":"https:\/\/bassdu.mine.bz\/index.php?rest_route=\/wp\/v2\/users\/2"}],"replies":[{"embeddable":true,"href":"https:\/\/bassdu.mine.bz\/index.php?rest_route=%2Fwp%2Fv2%2Fcomments&post=3529"}],"version-history":[{"count":1,"href":"https:\/\/bassdu.mine.bz\/index.php?rest_route=\/wp\/v2\/posts\/3529\/revisions"}],"predecessor-version":[{"id":3530,"href":"https:\/\/bassdu.mine.bz\/index.php?rest_route=\/wp\/v2\/posts\/3529\/revisions\/3530"}],"wp:attachment":[{"href":"https:\/\/bassdu.mine.bz\/index.php?rest_route=%2Fwp%2Fv2%2Fmedia&parent=3529"}],"wp:term":[{"taxonomy":"category","embeddable":true,"href":"https:\/\/bassdu.mine.bz\/index.php?rest_route=%2Fwp%2Fv2%2Fcategories&post=3529"},{"taxonomy":"post_tag","embeddable":true,"href":"https:\/\/bassdu.mine.bz\/index.php?rest_route=%2Fwp%2Fv2%2Ftags&post=3529"}],"curies":[{"name":"wp","href":"https:\/\/api.w.org\/{rel}","templated":true}]}}