{"id":3603,"date":"2014-05-04T18:12:32","date_gmt":"2014-05-04T17:12:32","guid":{"rendered":"http:\/\/bassdu.mine.nu\/?p=3603"},"modified":"2014-05-04T18:12:32","modified_gmt":"2014-05-04T17:12:32","slug":"de-ce-sa-merg-la-razboi","status":"publish","type":"post","link":"https:\/\/bassdu.mine.bz\/?p=3603","title":{"rendered":"De ce s\u0103 merg la r\u0103zboi?"},"content":{"rendered":"<p><span style=\"color: #000000;\">Am aprobat de cur\u00e2nd o postare VIRAL\u0102 \u015fi PARADOXAL\u0102 la grupul Facebook \u201eMi\u015fcarea Virtual\u0103 Dacia\u201d.<br \/>\nExist\u0103 chiar mai mul\u0163i tineri, care exprim\u0103 pe Net acela\u015fi CONCEPT!?!?<\/p>\n<p><\/span><br \/>\n\u201e<span style=\"color: #000080;\">Ve\u0219tile cu mobilizarea tinerilor \u00eentre 20 \u0219i 35 de ani, nu m\u0103 las\u0103 indiferent, chiar dac\u0103 nu am copii, dar am prieteni cu v\u00e2rsta de minim 20 de ani, am prieteni ce au copii de v\u00e2rsta \u201dmobiliz\u0103rii\u201d. \u0218i nimeni nu cred c\u0103 s-ar oferi sau \u0219i-ar oferi copilul drept jertf\u0103 acestei \u021b\u0103ri care nu mai este a rom\u00e2nilor. \u00cen acea\u0219i situa\u021bie a\u0219 fi \u0219i eu, chiar dac\u0103 am acum 38 de ani. Dar dac\u0103 m\u0103 \u00eencadram \u00een v\u00e2rsta respectiv\u0103 nu m-a\u0219 fi oferit. Patria asta nu mi-a dat nimic, cel pu\u021bin de 24 de ani \u00eencoace, dec\u00e2t dreptul de a fi \u0219omer, dreptul de a visa s\u0103 plec \u0219i convingerea c\u0103 aici nu e locul meu. M\u0103 str\u0103duiesc, de ceva vreme, s\u0103-mi inspir o urm\u0103 de patriotism, dar n-am reu\u0219it, sau dac\u0103 am reu\u0219it, patriotismul meu e legat de altceva, nu de politic\u0103. Realitatea m\u0103 cople\u0219e\u0219te \u0219i orice ar spune \u201dpatrio\u021bii\u201d se love\u0219te de aceast\u0103 realitate. Mi-am dat seama c\u0103 ace\u0219ti imbecili care conduc \u021bara sunt ridicoli, c\u00e2nd \u00een fiecare sear\u0103 la \u0219tiri, informa\u021biile despre Rom\u00e2nia mea, vin \u00eentr-o avalan\u0219\u0103 de mizerie, nenorociri \u0219i involu\u021bie izvor\u00e2te parc\u0103 din Cutia Pandorei. Noi, rom\u00e2nii, suntem \u00een stare de-a distruge, murd\u0103ri p\u00e2n\u0103 \u0219i Raiul, \u00eencuraja\u021bi fiind de Biseric\u0103 \u0219i Politic\u0103.<\/span><\/p>\n<p><span style=\"color: #000080;\"> De ce s\u0103 merg la r\u0103zboi? S\u0103 mor pentru asista\u021bii social, pentru baronii pe feudele c\u0103rora vie\u021buiesc ni\u0219te tr\u0103itoare contra cas\u0103, m\u00e2ncare \u0219i b\u0103utur\u0103?! S\u0103 mor pentru ca PSD s\u0103 fie m\u00e2ndru c\u0103 e rom\u00e2n?! S\u0103 mor pentru c\u0103 patria care-mi cere s\u00e2ngele e m\u0103cinat\u0103 de du\u0219mani din interior?! Pentru ei s\u0103 mor eu sau copiii prietenilor mei?! Pentru tr\u00e2ntorii, be\u021bivii, analfabe\u021bii, obraznicii ce dau interviuri \u00een loc s\u0103-\u0219i scoat\u0103 glodul din cas\u0103, pentru ca tot cocalarul s\u0103-\u0219i p\u0103streze dreptul de murd\u0103ri \u021bara din vest \u00een est, din nord \u00een sud?! Pentru ca maneli\u0219tii s\u0103 aib\u0103 cui \u00eenchina beh\u0103ieli de jale?! Pentru miliardarii de carton, pentru oligarhi, pentru Ponta, N\u0103stase, Iliescu, Voiculescu, Du\u0219a, B\u0103sescu, Udrea c\u00e2nd \u0103\u0219tia ar preda \u021bara la cheie sau ar fugi care-ncotro?! S\u0103 mor pentru preanefericitul Daniel Ciubotea, care are preten\u021bii de padi\u0219ah, ca \u0219i cum Rom\u00e2nia ar fi ograda lui?! Pentru asta s\u0103 m\u0103 duc r\u0103zboi?! Asta nu e patria pe care o iubesc, chiar \u0219i eu m\u0103 simt str\u0103in \u00een \u021bara mea. Iar niciunul din cei enumera\u021bi mai sus nu merit\u0103 o pic\u0103tur\u0103 din s\u00e2ngele meu \u0219i a milioanelor de tineri din aceast\u0103 \u021bar\u0103.<\/span><\/p>\n<p><span style=\"color: #000080;\"> Tu \u021bi-ai trimite copilul la r\u0103zboi, tu te-ai duce la r\u0103zboi? \u0218i dac\u0103 da, pentru ce?! Rom\u00e2nia este \u021bar\u0103 NATO, iar NATO s-a angajat s\u0103 apere orice \u021bar\u0103 membr\u0103, de aceea, Rom\u00e2nia a renun\u021bat la serviciul militar obligatoriu, \u0219i are armat\u0103 de profesioni\u0219ti. \u00cens\u0103 fratele meu, care e subofi\u021ber militar, nu a\u0219 vrea s\u0103 se duc\u0103 s\u0103 moar\u0103 pentru orgoliile unor mizerabili care au distrus Rom\u00e2nia de 24 de ani, \u0219i care, culmea, ei bag\u0103 Rom\u00e2nia \u00een r\u0103zboi, f\u0103r\u0103 s\u0103 le fi cerut nimeni asta. S\u0103 vorbe\u0219ti de recrutarea unor copii de 20 de ani care n-au \u021binut \u00een m\u00e2n\u0103 o arm\u0103 \u00een via\u021ba lor, \u00een afar\u0103 de cea virtual\u0103 de la Counter Strike, ar \u00eensemna s\u0103-i folose\u0219ti ca \u0219i carne de tun. Dac\u0103 cineva are datoria s\u0103 apere Rom\u00e2nia, aceia suntem noi, adul\u021bii, b\u0103rba\u021bi \u0219i femei, nu copiii de 20 de ani. Sunt pline cimitirele Rom\u00e2niei de eroi-copii de 19-20 de ani, din r\u0103zboiul trecut\u2026 \u0218i apoi nici noi nu suntem datori s\u0103 ap\u0103r\u0103m o Rom\u00e2nie care nu mai este Rom\u00e2nia.<\/span>\u201d<\/p>\n<p><span style=\"color: #000000;\"><strong>IAT\u0102 R\u0102SPUNSUL MEU:<\/strong><\/span><\/p>\n<p><span style=\"color: #800000;\">Trist, dar adev\u0103rat!<\/span><br \/>\n<span style=\"color: #800000;\">Iat\u0103 de ce este nevoie de o NOU\u0102 PARADIGM\u0102 SOCIO-ECONOMIC\u0102, care s\u0103 o \u00eenlocuiasc\u0103 pe cea actual\u0103. S\u0103 nu crede\u0163i c\u0103 e treab\u0103 u\u015foar\u0103, deoarece SISTEMUL GLOBALIZATOR este CAUZA, ci nu conduc\u0103torii, care sunt EXECUTAN\u0162I, ci nu DECIDEN\u0162I-RESPONSABILI!!!&#8230; iar SISTEMUL este puternic!!!<\/span><br \/>\n<span style=\"color: #800000;\">Un lucru e sigur: \u00een caz de r\u0103zboi \u015fi de ocupa\u0163ie, STATUTUL DE SCLAV se va \u00eenr\u0103ut\u0103\u0163i, deci trebuie meditat la soarta urma\u015filor, dac\u0103 a noastr\u0103 nu mai conteaz\u0103!<\/span><br \/>\n<span style=\"color: #800000;\">Este just s\u0103-\u0163i manife\u015fti astfel de g\u00e2nduri, dar s\u0103 nu uit\u0103m c\u0103 nu e suficient!<\/span><br \/>\n<span style=\"color: #800000;\">Cine vrea cu adev\u0103rat o MARE SCHIMBARE a situa\u0163iei actuale, nu trebuie s\u0103 se limiteze la PROTEST, ci trebuie s\u0103 caute SOLU\u0162II, deoarece altfel, a\u015fa cum am mai spus, VOM C\u0102DEA DIN LAC \u00ceN PU\u0162!!!<\/span><br \/>\n<span style=\"color: #800000;\">MI\u015eCAREA DACIA exist\u0103 legal, avem un PROIECT care s\u0103 elimine CAUZA DEZASTRULUI, dar pu\u0163ini sunt aceia, care asemenea unei m\u00e2ini de oameni activi azi, SE IMPLIC\u0102 CU NUME \u015eI PRENUME!?!?<\/span><br \/>\n<span style=\"color: #800000;\">S\u0103 m\u0103 scuze autorul, dar SOLU\u0162II exist\u0103, chiar dac\u0103 par IMPOSIBIL DE IMPLEMENTAT!?!?<\/span><br \/>\n<span style=\"color: #800000;\">MI\u015eCAREA 5 STELE din Italia demonstreaz\u0103 c\u0103 o FOR\u0162\u0102 ANTI-SISTEM se poate afirma, dar \u00een Rom\u00e2nia a\u015fa ceva este imposibil, din lips\u0103 de CULTUR\u0102 POLITIC\u0102 \u015fi din PUS BOTUL LA JOCUL SISTEMULUI!&#8230; deci, SCLAVI ve\u0163i fi, dac\u0103 nu sunte\u0163i capabili s\u0103 VEDE\u0162I \u00ceN VIITOR!!!<\/span><br \/>\n<span style=\"color: #800000;\">Suntem \u00een situa\u0163ia unui agricultor:<\/span><br \/>\n<span style=\"color: #800000;\">MI\u015eCAREA DACIA ofer\u0103 S\u0102M\u00c2N\u0162A, dar dac\u0103 nimeni nu o SEAM\u0102N\u0102, PR\u0102\u015eE\u015eTE, UD\u0102, etc., nu v\u0103 duce\u0163i la toamn\u0103 dup\u0103 ROADE! Nu e bun\u0103 S\u0102M\u00c2N\u0162A noastr\u0103? Veni\u0163i voi cu alta, c\u0103 \u015ftiu c\u0103 nu lipse\u015fte INTELIGEN\u0162A!?!<\/span>?<\/p>\n","protected":false},"excerpt":{"rendered":"<p>Am aprobat de cur\u00e2nd o postare VIRAL\u0102 \u015fi PARADOXAL\u0102 la grupul Facebook \u201eMi\u015fcarea Virtual\u0103 Dacia\u201d. Exist\u0103 chiar mai mul\u0163i tineri, care exprim\u0103 pe Net acela\u015fi CONCEPT!?!? \u201eVe\u0219tile cu mobilizarea tinerilor \u00eentre 20 \u0219i 35 de ani, nu m\u0103 las\u0103 indiferent, chiar dac\u0103 nu am copii, dar am prieteni cu v\u00e2rsta de minim 20 de ani, [&hellip;]<\/p>\n","protected":false},"author":2,"featured_media":0,"comment_status":"open","ping_status":"open","sticky":false,"template":"","format":"standard","meta":{"footnotes":""},"categories":[73],"tags":[637,210,1475,698,1288,1474,457],"jetpack_featured_media_url":"","_links":{"self":[{"href":"https:\/\/bassdu.mine.bz\/index.php?rest_route=\/wp\/v2\/posts\/3603"}],"collection":[{"href":"https:\/\/bassdu.mine.bz\/index.php?rest_route=\/wp\/v2\/posts"}],"about":[{"href":"https:\/\/bassdu.mine.bz\/index.php?rest_route=\/wp\/v2\/types\/post"}],"author":[{"embeddable":true,"href":"https:\/\/bassdu.mine.bz\/index.php?rest_route=\/wp\/v2\/users\/2"}],"replies":[{"embeddable":true,"href":"https:\/\/bassdu.mine.bz\/index.php?rest_route=%2Fwp%2Fv2%2Fcomments&post=3603"}],"version-history":[{"count":2,"href":"https:\/\/bassdu.mine.bz\/index.php?rest_route=\/wp\/v2\/posts\/3603\/revisions"}],"predecessor-version":[{"id":3605,"href":"https:\/\/bassdu.mine.bz\/index.php?rest_route=\/wp\/v2\/posts\/3603\/revisions\/3605"}],"wp:attachment":[{"href":"https:\/\/bassdu.mine.bz\/index.php?rest_route=%2Fwp%2Fv2%2Fmedia&parent=3603"}],"wp:term":[{"taxonomy":"category","embeddable":true,"href":"https:\/\/bassdu.mine.bz\/index.php?rest_route=%2Fwp%2Fv2%2Fcategories&post=3603"},{"taxonomy":"post_tag","embeddable":true,"href":"https:\/\/bassdu.mine.bz\/index.php?rest_route=%2Fwp%2Fv2%2Ftags&post=3603"}],"curies":[{"name":"wp","href":"https:\/\/api.w.org\/{rel}","templated":true}]}}