{"id":3640,"date":"2014-08-18T08:50:38","date_gmt":"2014-08-18T07:50:38","guid":{"rendered":"http:\/\/bassdu.mine.nu\/?p=3640"},"modified":"2014-08-18T09:12:50","modified_gmt":"2014-08-18T08:12:50","slug":"viziunea-miscarii-dacia-in-chestiunea-autonomiilor-teritoriale","status":"publish","type":"post","link":"https:\/\/bassdu.mine.bz\/?p=3640","title":{"rendered":"VIZIUNEA MI\u015eC\u0102RII DACIA \u00ceN CHESTIUNEA AUTONOMIILOR TERITORIALE"},"content":{"rendered":"<p>Se vehiculeaz\u0103 tot mai des \u00een mediile de socializare, ideea AUTONOMIEI TERITORIALE a minorit\u0103\u0163ii maghiare, nu numai \u00een Rom\u00e2nia, dar \u015fi \u00een \u0163\u0103rile unde acestea mai sunt prezente. Aceast\u0103 PRETEN\u0162IE TERITORIAL\u0102 este sponsorizat\u0103 de decizii ale Uniunii Europene, exploatate cu s\u00e2rguin\u0163\u0103 de revizioni\u015ftii maghiari \u00a0( <a href=\"http:\/\/trezirealarealitate.ro\/2014\/04\/statul-unitar-roman-primeste-o-lovitura-grava-din-partea-europei\/?fb_ref=recommendations-bar\">http:\/\/trezirealarealitate.ro\/2014\/04\/statul-unitar-roman-primeste-o-lovitura-grava-din-partea-europei\/?fb_ref=recommendations-bar<\/a> ). Pentru a l\u0103muri o dat\u0103 pentru totdeauna chestiunea, iat\u0103 considera\u0163iile MI\u015eC\u0102RII DACIA \u00een aceast\u0103 chestiune:<\/p>\n<p><strong>1. Nu se poate fi pentru unii mum\u0103 \u015fi pentru al\u0163ii cium\u0103!?<\/strong> Chestiunea AUTONOMIILOR trebuie rezolvat\u0103 INTEGRAL, adic\u0103 PENTRU TOATE MINORIT\u0102\u0162ILE! Adic\u0103, trebuie impus de c\u0103tre UNIUNEA EUROPEAN\u0102 acela\u015fi tratament pentru toate minorit\u0103\u0163ile, \u015ftiut fiind c\u0103 minorit\u0103\u0163ile rom\u00e2ne\u015fti din \u0163\u0103rile din regiune, sunt \u00eentradev\u0103r ASIMILATE ETNIC de secole! Din p\u0103cate, clasa politic\u0103 rom\u00e2neasc\u0103 trecut\u0103 \u015fi actual\u0103 nu pune problema \u00een acest fel, numai MI\u015eCAREA DACIA afirm\u00e2nd cu t\u0103rie acest PRINCIPIU de mai bine de 5 ani, prin dezvoltarea conceptului \u201eO NOU\u0102 POLITIC\u0102 REGIONAL\u0102\u201d. \u00cend\u00e2rjirea unora de a prezenta acest DROB DE SARE, f\u0103r\u0103 o ac\u0163iune de contrast, este eterna combatere a EFECTELOR, f\u0103r\u0103 a se elimina CAUZA! MI\u015eCAREA DACIA este EXCEP\u0162IA!!! <strong><\/strong><\/p>\n<p>2. O alt\u0103 component\u0103 a COMBATERII REVIZIONISMULUI MAGHIAR, este DEMITIZAREA ISTORIEI, un alt CONCEPT al MI\u015eC\u0102RII DACIA. Actualele grani\u0163e ale statelor sunt rezultatul unor R\u0102ZBOAIE \u015fi ale unor TRATATE DE PACE \u015fi nu se poate admite o \u00eenc\u0103lcare a acestora, f\u0103r\u0103 recurs la alte r\u0103zboaie \u015fi tratate. Cine vrea a\u015fa ceva, este CONDAMNAT DE ISTORIE din start. Aducerea \u00een discu\u0163ie a UNGERILOR DE C\u0102TRE PAPI, COROANELOR SFINTE \u015fi a altor bazaconii pentru mileniul al 3-lea, este absurd\u0103, mai ales c\u0103 dedesubt este o MISTIFICARE A ISTORIEI, dup\u0103 cum rezult\u0103 din link-ul urm\u0103tor. Se poate afirma cu t\u0103rie rolul cov\u00e2r\u015fitor al CATOLICISMULUI \u00een MAGHIARIZAREA FOR\u0162AT\u0102 \u015fi al ORTODOXIEI \u00een SLAVIZAREA FOR\u0162AT\u0102 a popula\u0163iei autohtone de origine traco-geto-dacic\u0103, iar argumentele au fost prezentate de mine \u00een alte materiale. Cu toate astea, suntem \u00eenc\u0103 CEL MAI NUMEROS POPOR DIN ZON\u0102, c\u0103 doar \u201etracii erau poporul cel mai numeros dup\u0103 inzi\u201d. ( <a href=\"https:\/\/cersipamantromanesc.wordpress.com\/2013\/04\/03\/un-fals-fundament-al-iredentismului-maghiar-sfanta-coroana\/ \">https:\/\/cersipamantromanesc.wordpress.com\/2013\/04\/03\/un-fals-fundament-al-iredentismului-maghiar-sfanta-coroana\/ <\/a>) Teama de ASIMILARE ETNIC\u0102 a unei MINORIT\u0102\u0162I, autoarea principal\u0103 a UNIO TRIUM NATIONUM, este RIDICOL\u0102, \u015ftiut fiind c\u0103 minoritatea maghiar\u0103 A ASIMILAT FOR\u0162AT pentru secole popula\u0163ia majoritar\u0103 \u015fi azi a Transilvaniei, \u015fi nu numai, lipsind-o de DREPTURI FUNDAMENTALE!? Ast\u0103zi, Rom\u00e2nia asigur\u0103 toate drepturile solicitate de maghiari referitor la CULTUR\u0102, LIMB\u0102, TRADI\u0162II, RELIGIE, EDUCA\u0162IE, \u015fi tot ce mai \u0163ine de IDENTITATEA NA\u0162IONAL\u0102 a popoarelor. Dac\u0103 vor \u015fi AUTONOMIE TERITORIAL\u0102, acest lucru va fi posibil (repet), numai \u00een cazul unui TRATAMENT GENERALIZAT LA NIVEL EUROPEAN!!! Denumirea de \u0162INUT SECUIESC, trebuie s\u0103 se bazeze pe DATE DE RECENS\u0102M\u00c2NT, ori secui s-au declarat o m\u00e2n\u0103 de oameni, mai pu\u0163ini dec\u00e2t rom\u00e2nii din Ungaria!?!? S\u0103 se hot\u0103rasc\u0103 deci, ce sunt \u015fi cum vor s\u0103 se cheme!? MI\u015eCAREA DACIA nu are nimic \u00eempotriv\u0103 ca VLA\u015eII s\u0103 formeze \u0162INUTUL AUTONOM VALAH \u015fi \u0162INUTUL AUTONOM\u00a0 ROM\u00c2NESC din Serbia \u015fi Bulgaria, \u0162INUTUL AUTONOM ROM\u00c2NESC DIN BUCOVINA, \u0162INUTUL AUTONOM ROM\u00c2NESC DIN BUCEAC, dac\u0103 toate aceste \u0163\u0103ri se pun de acord \u00een acest sens!?!? Atragem aten\u0163ia c\u0103 rom\u00e2nii din afara Rom\u00e2niei, sunt mult mai numero\u015fi dec\u00e2t maghiarii din afara Ungariei \u015fi c\u0103 poporul rom\u00e2n este de trei ori mai numeros dec\u00e2t cel maghiar, fiind cel mai important din arealul carpato-balcanic!<\/p>\n<p><strong>3. Chestiunea RESPECTULUI RECIPROC<\/strong> Str\u00e2ns legat de DEMITIZAREA ISTORIILOR DE STAT, MI\u015eCAREA DACIA va introduce \u00ceNV\u0102\u0162\u0102M\u00c2NTUL DE STAT gratuit \u015fi dup\u0103 PROGRAME UNICE. Nu avem nimic \u00eempotriv\u0103 ca minoritarii s\u0103-\u015fi studieze ISTORIA dup\u0103 viziunea lor na\u0163ional\u0103, dar vom introduce \u015fi ISTORIA ROM\u00c2NIEI ca materie de baz\u0103, deoarece face parte din STRATEGIA RESPECTULUI RECIPROC. Nu putem admite DEFORM\u0102RILE ISTORICE ce prolifereaz\u0103 azi, din punctul nostru de vedere, deoarece acestea alimenteaz\u0103 FANTEZII ISTORICE cu efecte \u00een PLAN SOCIO-ECONOMIC \u015eI GEOSTRATEGIC, ori aici suntem \u00een domeniul INTERESULUI NA\u0162IONAL \u015fi nimeni nu se poate hazarda!<\/p>\n<p><strong>4. INTERESUL ECONOMIC al minorit\u0103\u0163ii maghiare<\/strong> \u00een cazul ob\u0163inerii AUTONOMIEI TERITORIALE, este evident afectat de o deta\u015fare de RESURSELE ROM\u00c2NIEI \u015fi numai min\u0163ile \u00eenfierb\u00e2ntate nu pot pricepe acest ADEV\u0102R!? Deci CUI PRODEST???<\/p>\n<p><strong>5.APARTENEN\u0162A LA UNIUNEA EUROPEAN\u0102<\/strong> nu poate fi pus\u0103 \u00een discu\u0163ie, cel pu\u0163in azi, a\u015fa c\u0103 lupta \u00eempotriva REVIZIONISMULUI MAGHIAR trebuie dus\u0103 inclusiv acolo, de c\u0103tre o CLAS\u0102 POLITIC\u0102 RESPONSABIL\u0102, care azi lipse\u015fte cu des\u0103v\u00e2r\u015fire!? Iat\u0103 un motiv \u00een plus pentru afirmarea MI\u015eC\u0102RII DACIA<\/p>\n","protected":false},"excerpt":{"rendered":"<p>Se vehiculeaz\u0103 tot mai des \u00een mediile de socializare, ideea AUTONOMIEI TERITORIALE a minorit\u0103\u0163ii maghiare, nu numai \u00een Rom\u00e2nia, dar \u015fi \u00een \u0163\u0103rile unde acestea mai sunt prezente. Aceast\u0103 PRETEN\u0162IE TERITORIAL\u0102 este sponsorizat\u0103 de decizii ale Uniunii Europene, exploatate cu s\u00e2rguin\u0163\u0103 de revizioni\u015ftii maghiari \u00a0( http:\/\/trezirealarealitate.ro\/2014\/04\/statul-unitar-roman-primeste-o-lovitura-grava-din-partea-europei\/?fb_ref=recommendations-bar ). Pentru a l\u0103muri o dat\u0103 pentru totdeauna chestiunea, [&hellip;]<\/p>\n","protected":false},"author":2,"featured_media":0,"comment_status":"open","ping_status":"open","sticky":false,"template":"","format":"standard","meta":{"footnotes":""},"categories":[73],"tags":[1494,1492,452,600,1134,1083,599,1493,43,41,206,812,451,729,1491,184],"jetpack_featured_media_url":"","_links":{"self":[{"href":"https:\/\/bassdu.mine.bz\/index.php?rest_route=\/wp\/v2\/posts\/3640"}],"collection":[{"href":"https:\/\/bassdu.mine.bz\/index.php?rest_route=\/wp\/v2\/posts"}],"about":[{"href":"https:\/\/bassdu.mine.bz\/index.php?rest_route=\/wp\/v2\/types\/post"}],"author":[{"embeddable":true,"href":"https:\/\/bassdu.mine.bz\/index.php?rest_route=\/wp\/v2\/users\/2"}],"replies":[{"embeddable":true,"href":"https:\/\/bassdu.mine.bz\/index.php?rest_route=%2Fwp%2Fv2%2Fcomments&post=3640"}],"version-history":[{"count":5,"href":"https:\/\/bassdu.mine.bz\/index.php?rest_route=\/wp\/v2\/posts\/3640\/revisions"}],"predecessor-version":[{"id":3645,"href":"https:\/\/bassdu.mine.bz\/index.php?rest_route=\/wp\/v2\/posts\/3640\/revisions\/3645"}],"wp:attachment":[{"href":"https:\/\/bassdu.mine.bz\/index.php?rest_route=%2Fwp%2Fv2%2Fmedia&parent=3640"}],"wp:term":[{"taxonomy":"category","embeddable":true,"href":"https:\/\/bassdu.mine.bz\/index.php?rest_route=%2Fwp%2Fv2%2Fcategories&post=3640"},{"taxonomy":"post_tag","embeddable":true,"href":"https:\/\/bassdu.mine.bz\/index.php?rest_route=%2Fwp%2Fv2%2Ftags&post=3640"}],"curies":[{"name":"wp","href":"https:\/\/api.w.org\/{rel}","templated":true}]}}