{"id":3647,"date":"2014-08-31T20:47:09","date_gmt":"2014-08-31T19:47:09","guid":{"rendered":"http:\/\/bassdu.mine.nu\/?p=3647"},"modified":"2014-08-31T20:47:09","modified_gmt":"2014-08-31T19:47:09","slug":"despre-monarhie-document-al-miscarii-dacia-1","status":"publish","type":"post","link":"https:\/\/bassdu.mine.bz\/?p=3647","title":{"rendered":"Despre MONARHIE &#8211; Document al MI\u015eC\u0102RII DACIA (1)"},"content":{"rendered":"<p><strong>Monarhia salveaz\u0103 Rom\u00e2nia<\/strong> ?<\/p>\n<p>Pornesc de la premiza c\u0103 sunt \u00eempotriva oric\u0103rei \u201drememor\u0103ri istorice\u201d \u00een ceea ce prive\u015fte forma de guvernare \u015fi o s\u0103 explic de ce:<\/p>\n<p>\u00cen primul r\u00e2nd, \u201dc\u0103utarea \u00een trecutul recent\u201d a formei de guvernare, demonstreaz\u0103\u2026 lipsa de imagina\u0163ie a unui popor, care disperat de falimentul actualei clase politice, nu este capabil s\u0103 se g\u00e2ndeasc\u0103 la altceva, adaptat timpurilor moderne, refugiindu-se \u00een \u201d\u015fabloane\u201d, care deja \u015fi-au demonstrat \u2026 ineficien\u0163a. Din p\u0103cate, pu\u0163ini realizeaz\u0103 c\u0103 o Mare Schimbare, nu poate veni \u00een cadrul actualului Sistem.<\/p>\n<p>Exist\u0103 o vorb\u0103 de duh, care spune c\u0103 : \u201efiecare popor, are liderii pe care \u015fi-i merit\u0103!\u201d<\/p>\n<p>Ast\u0103zi, majoritatea rom\u00e2nilor sunt nemul\u0163umi\u0163i de B\u0103sescu, ieri erau nemul\u0163umi\u0163i de Iliescu \u015fi Constantinescu, iar m\u00e2ine vor fi nemul\u0163umi\u0163i de viitorul Pre\u015fedinte, pentru c\u0103 Sistemul \u201dprogrameaz\u0103 victimele sacrificale\u201d, ce asigur\u0103\u2026 continuitatea sa !<\/p>\n<p>Dac\u0103 de B\u0103sescu putem s\u0103 ne descotorosim, datorit\u0103 prevederilor constitu\u0163ionale, de o familie regal\u0103 nu o s\u0103 putem, dec\u00e2t printr-o form\u0103 violent\u0103, ceea ce este \u2026 \u201dun pas \u00eenapoi\u201d. Cine ne garanteaz\u0103 c\u0103 monarhia este r\u0103spunsul la problemele actuale ? To\u0163i suntem revolta\u0163i de imixtiunea grupurilor de putere masonice, bilderbergice, etc. , dar suntem gata s\u0103 ne arunc\u0103m \u00een bra\u0163ele unei monarhii ereditare !? Cine ne garanteaz\u0103 c\u0103 nu sunt ni\u015fte \u201ddegenera\u0163i\u201d ?<\/p>\n<p>Mul\u0163i se g\u00e2ndesc la economiile rezultate din eliminarea urnelor, dar o solu\u0163ie mai bun\u0103 poate fi alegerea de c\u0103tre SFATUL \u0162\u0102RII, a unui lider expresie a acestuia, cu puteri limitate temporal \u015fi cu prerogative strict delimitate constitu\u0163ional. Am scris SFATUL \u0162\u0102RII, pentru c\u0103 nu \u00een\u0163eleg de ce trebuie s\u0103 folosim PARLAMENT, un cuv\u00e2nt str\u0103in nou\u0103, care m\u0103 duce cu g\u00e2ndul la zic\u0103toarea :\u201evorb\u0103 lung\u0103, s\u0103r\u0103cia omului\u201d. Tot a\u015fa, va trebui s\u0103 revenim la DREG\u0102TORII, SFETNICI, VISTERIE, etc.<\/p>\n<p>Mul\u0163i v\u0103d \u00een Monarhie, calea spre integrarea european\u0103, f\u0103r\u0103 s\u0103 \u0163in\u0103 cont ca aceasta nu ne-a adus de-a lungul timpuri, dec\u00e2t deposed\u0103ri \u015fi aservirea la scopurile pu\u0163in ortodoxe ale unui Occident imperialist.<\/p>\n<p>Domnitorul p\u0103m\u00e2ntean Alexandru Ioan Cuza, a fost \u00eenl\u0103turat de marile puteri ale timpului, \u00een acest scop !<\/p>\n<p>Este adev\u0103rat c\u0103 monarhia a reprezentat o pagin\u0103 important\u0103 \u00een Istoria Neamului, l\u0103s\u00e2nd \u00eens\u0103, amprente nu mereu conforme Interesului Na\u0163ional.<\/p>\n<p>Aducerea unui domn str\u0103in, a reprezintat incapacitatea de Autodeterminare \u015fi nu poate fi motiv de m\u00e2ndrie na\u0163ional\u0103.<br \/>\nA fost o manevr\u0103 a Clerului Ortodox \u015fi a partidelor politice ale vremii, deoarece \u00ee\u015fi vedeau periclitate interesele de PUTERE.<br \/>\nSe sus\u0163ine c\u0103 numai astfel se putea men\u0163ine unitatea na\u0163ional\u0103!?<br \/>\nFALS!<br \/>\nUNITATEA NA\u0162IONAL\u0102 este garantat\u0103 \u201epe termen lung\u201d de LIMB\u0102, TRADI\u0162II, OBICEIURI, CULTUR\u0102, etc.<\/p>\n<p>Nu o s\u0103 pricep niciodat\u0103 de ce Rom\u00e2nia a renun\u0163at f\u0103r\u0103 lupt\u0103 la o parte din Transilvania \u015fi la Basarabia \u015fi Bucovina, ac\u0163iuni ce sunt datorate Casei Regale \u015fi Legionarilor, ce au \u00eenl\u0103turat pe cel mai mare om politic al Neamului, care a fost Nicolae Titulescu. Acesta \u201eavea \u00een buzunar\u201d Tratatul de Prietenie cu Rusia, prin care ni se recuno\u015ftea apartenen\u0163a din veci \u015fi pentru veci a Basarabiei !<\/p>\n<p>\u00cenl\u0103turarea sa, a dus la \u201durcarea \u0162\u0103rii \u00een c\u0103ru\u0163a german\u0103\u201d (s\u00e2ngele regal ap\u0103 nu se face !) \u015fi ne-a pus \u00een conflict cu \u201euria\u015ful cu picioare de lut\u201dde la R\u0103s\u0103rit, dar \u015fi cu Fran\u0163a \u015fi Anglia. Urmarea a fost pierdera Basarabiei, a unei p\u0103r\u0163i a Bucovinei \u015fi a unei p\u0103r\u0163i a Transilvaniei ! Mul\u0163i istorici, consider\u0103 c\u0103 dac\u0103 la Yalta, ru\u015fii s-ar fi prezentat ca alia\u0163i ai no\u015ftri, Tragedia Na\u0163ional\u0103 nu s-ar fi petrecut !<\/p>\n<p>Mul\u0163i or s\u0103 spun\u0103 : \u201edac\u0103 baba avea roate, era tramvai !\u201d , ceea ce m\u0103 face s\u0103 accept c\u0103 acestea sunt\u2026 supozi\u0163ii.<\/p>\n<p>Regele este binevenit \u00een s\u00e2nul Neamului, \u00een concordan\u0163\u0103 cu Spiritul acestui popor, dar nu trebuie s\u0103 cad\u0103 victim\u0103 zicalei . \u201ei se d\u0103 un deget \u015fi el ia toat\u0103 m\u00e2na !\u201d Mai ales c\u0103 \u015fi-a redob\u00e2ndit propriet\u0103\u0163i imense, \u00een timp ce mul\u0163i mo\u015fneni p\u0103m\u00e2nteni, \u00eenc\u0103 mai lupt\u0103 prin Tribunale, pentru a-\u015fi redob\u00e2ndi p\u0103durile str\u0103mo\u015fe\u015fti !<\/p>\n<p>Observ c\u0103 mul\u0163i aderen\u0163i sunt simpatizan\u0163i monarhi\u015fti, a\u015fa cum al\u0163ii sunt simpatizan\u0163i ai legionarismului, social-democra\u0163iei, liberalismului, etc. Cu toate astea, nu o s\u0103 menajez pe nimeni, deoarece \u201eMi\u015fcarea DACIA\u201d, are o alt\u0103 Ideologie, Tactic\u0103 \u015fi Strategie pentru Rena\u015fterea Neamului \u015fi scopul nostru este acela de a aduna toate for\u0163ele responsabile, pentru c\u0103 a trecut vremea diviziunilor impuse de vechiul Sistem \u015fi trebuie s\u0103 privim \u00eenainte, ci nu \u00eenapoi !<\/p>\n<p>Continu\u0103 \u201eorbec\u0103iala\u201d \u00een c\u0103utarea unui Lider, \u00een speran\u0163a c\u0103 acesta ne poate scoate din rahat, f\u0103r\u0103 a se pricepe c\u0103 nu liderii hot\u0103r\u0103sc soarta unei na\u0163ii, ci &#8230; SISTEMUL !<\/p>\n<p>Adic\u0103 ce poate face \u00een plus un Rege ? Pu\u0163inele monarhii r\u0103mase numai cu numele \u00een Europa, arat\u0103 c\u0103 nu incid cu NIMIC, \u00een destinul popoarelor respective, fiind numai ni\u015fte \u201ep\u0103pu\u015fele\u201d manevrate de SISTEM, cu inten\u0163ia de a diviza Opinia Public\u0103, dup\u0103 principiul \u201eDezbin\u0103 \u015fi St\u0103p\u00e2ne\u015fte\u201d.<\/p>\n<p>Ce ar aduce nou Monarhia \u00een Rom\u00e2nia ?<\/p>\n<p>Ne-ar umple telejurnalele cu galele lor, de parc\u0103 nu ne-ar fi suficiente \u201ep\u0103pu\u015felele\u201d PD-L-iste, PNL-iste, PSD-iste, etc. !<\/p>\n<p>Cine s\u0103 vin\u0103 rege ? Ramolitul, Duda, sau prin\u0163esele ? Ce \u015ftiu \u0103\u015ftia despre Dezvoltarea Sustenabil\u0103, despre Economie, Agricultur\u0103, Ecologie, Educa\u0163ie, S\u0103n\u0103tate, Politic\u0103, Istoria Neamului, etc. ? Ce CV pot prezenta ?<\/p>\n<p>Chiar nu se pricepe c\u0103 SISTEMUL este responsabil de catastrofa actual\u0103 nu numai \u00een Rom\u00e2nia, ci \u00een Lume ?<\/p>\n<p>Eu garantez c\u0103 sunt suficiente 50 de Creiere rom\u00e2ne\u015fti (inclusiv) de la Los Alamos \u015fi Silicon Valley, ca s\u0103 punem Rom\u00e2nia pe calea cea bun\u0103 ! Am zis 50, nu unul !!!<\/p>\n<p>Care Rege \u00eel dori\u0163i :<\/p>\n<p>Acela care a \u00eenl\u0103turat domnitorul p\u0103m\u00e2ntean, ca s\u0103 fac\u0103 pe plac Imperiilor din jur ?<\/p>\n<p>Acela care L-a condamnat la moarte pe EMINESCU ?<\/p>\n<p>Acela care a topit Pl\u0103cu\u0163ele de la Sinaia, ca s\u0103-\u015fi fac\u0103 Pele\u015ful, c\u0103 nu avea condi\u0163ii bune la M\u00e2n\u0103stire, arunc\u00e2nd \u00een \u00eentuneric Istoria Neamului ?<\/p>\n<p>Acela care l-a mazilit pe Nicolaie Titulescu, adev\u0103ratul \u201eautor\u201d al Rom\u00e2niei interbelice, destr\u0103m\u00e2nd astfel sistemul de alian\u0163e \u015fi tratate, care nu ar fi permis Marea Tragedie a Na\u0163iei ?<\/p>\n<p>Acela care a instaurat Dictatura, sau acela care a ordonat asasinate politice ?<\/p>\n<p>Acela care a l\u0103sat \u00een voia soartei 150.000 de o\u015fteni cu direc\u0163ia Siberia, pentru ORDINUL VICTORIEI ?<\/p>\n<p>Acela care a deposedat Mo\u015fnenii de p\u0103durile str\u0103mo\u015fe\u015fti, ca s\u0103 le dea cadou boierimii de extrac\u0163ie fanariot\u0103 ?<\/p>\n<p>A\u015f putea s\u0103 continui, dar cred c\u0103 este suficient !<\/p>\n<p>\u0162ara nu are nevoie de Lideri, ci de o clas\u0103 conduc\u0103toare expresie a unei \u201ealegeri de jos \u00een sus\u201d \u015fi a desemn\u0103rii ei pe criterii STRICT de COMPETEN\u0162\u0102 \u015fi RESPONSABILITATE, deoarece DEMOCRA\u0162IA unanim acceptat\u0103 azi, produce o clas\u0103 politic\u0103 de DELINCVEN\u0162I, deoarece noi to\u0163i suntem constr\u00e2n\u015fi s\u0103 intr\u0103m \u00een majoritatea constituit\u0103 din&#8230; DELINCVEN\u0162I.<\/p>\n<p>DEMOCRA\u0162IA a fost instaurat\u0103 cu succes \u00een Rom\u00e2nia \u015fi Aiurea, majoritatea \u201emanelist\u0103\u201d impun\u00e2nd demni \u015fi proprii reprezentan\u0163i !!!<\/p>\n<p>P\u00e2n\u0103 c\u00e2nd nu va dispare \u201em\u0103c\u0103iala partidic\u0103\u201d, inclus\u0103 deci \u015fi cea monarhist\u0103, cu rol de deviere a aten\u0163iei publice de la adev\u0103ratele probleme ale omenirii, nu vom face \u201e saltul \u00eenainte\u201d !<\/p>\n","protected":false},"excerpt":{"rendered":"<p>Monarhia salveaz\u0103 Rom\u00e2nia ? Pornesc de la premiza c\u0103 sunt \u00eempotriva oric\u0103rei \u201drememor\u0103ri istorice\u201d \u00een ceea ce prive\u015fte forma de guvernare \u015fi o s\u0103 explic de ce: \u00cen primul r\u00e2nd, \u201dc\u0103utarea \u00een trecutul recent\u201d a formei de guvernare, demonstreaz\u0103\u2026 lipsa de imagina\u0163ie a unui popor, care disperat de falimentul actualei clase politice, nu este capabil [&hellip;]<\/p>\n","protected":false},"author":2,"featured_media":0,"comment_status":"open","ping_status":"open","sticky":false,"template":"","format":"standard","meta":{"footnotes":""},"categories":[73],"tags":[210,458],"jetpack_featured_media_url":"","_links":{"self":[{"href":"https:\/\/bassdu.mine.bz\/index.php?rest_route=\/wp\/v2\/posts\/3647"}],"collection":[{"href":"https:\/\/bassdu.mine.bz\/index.php?rest_route=\/wp\/v2\/posts"}],"about":[{"href":"https:\/\/bassdu.mine.bz\/index.php?rest_route=\/wp\/v2\/types\/post"}],"author":[{"embeddable":true,"href":"https:\/\/bassdu.mine.bz\/index.php?rest_route=\/wp\/v2\/users\/2"}],"replies":[{"embeddable":true,"href":"https:\/\/bassdu.mine.bz\/index.php?rest_route=%2Fwp%2Fv2%2Fcomments&post=3647"}],"version-history":[{"count":1,"href":"https:\/\/bassdu.mine.bz\/index.php?rest_route=\/wp\/v2\/posts\/3647\/revisions"}],"predecessor-version":[{"id":3648,"href":"https:\/\/bassdu.mine.bz\/index.php?rest_route=\/wp\/v2\/posts\/3647\/revisions\/3648"}],"wp:attachment":[{"href":"https:\/\/bassdu.mine.bz\/index.php?rest_route=%2Fwp%2Fv2%2Fmedia&parent=3647"}],"wp:term":[{"taxonomy":"category","embeddable":true,"href":"https:\/\/bassdu.mine.bz\/index.php?rest_route=%2Fwp%2Fv2%2Fcategories&post=3647"},{"taxonomy":"post_tag","embeddable":true,"href":"https:\/\/bassdu.mine.bz\/index.php?rest_route=%2Fwp%2Fv2%2Ftags&post=3647"}],"curies":[{"name":"wp","href":"https:\/\/api.w.org\/{rel}","templated":true}]}}