{"id":3652,"date":"2014-09-15T21:26:51","date_gmt":"2014-09-15T20:26:51","guid":{"rendered":"http:\/\/bassdu.mine.nu\/?p=3652"},"modified":"2014-09-15T21:26:51","modified_gmt":"2014-09-15T20:26:51","slug":"un-lingvist-din-maramures-arunca-in-aer-tot-ce-ai-invatat-la-istorie","status":"publish","type":"post","link":"https:\/\/bassdu.mine.bz\/?p=3652","title":{"rendered":"Un lingvist din Maramure\u015f arunc\u0103 \u00een aer tot ce ai \u00eenv\u0103\u0163at la istorie!"},"content":{"rendered":"<p><strong>Iat\u0103 c\u0103 LATINOPA\u0162II vor avea de comb\u0103tut un LINGVIST CU PATALAMA, care sus\u0163ine ceea ce Densu\u015fianu spunea cu 150 de ani mai devreme, apropos de leg\u0103tura limbii rom\u00e2ne cu LIMBA ETRUSCILOR.<\/strong><br \/>\n<strong>Eu \u00eensumi am descris lucr\u0103rile etruscologului MEL COPELAND cu aceea\u015fi concluzie, \u00een diverse materiale, inclusiv \u00een OIERITUL- DOVADA PRIMORDIALIT\u0102\u0162II \u015eI CONTINUIT\u0102\u0162II NOASTRE<\/strong> ( <a href=\"Iat\u0103 c\u0103 LATINOPA\u0162II vor avea de comb\u0103tut un LINGVIST CU PATALAMA, care sus\u0163ine ceea ce Densu\u015fianu spunea cu 150 de ani mai devreme, apropos de leg\u0103tura limbii rom\u00e2ne cu LIMBA ETRUSCILOR. Eu \u00eensumi am descris lucr\u0103rile lui MEL COPELAND cu aceea\u015fi concluzie, \u00een diverse materiale, inclusiv \u00een OIERITUL- DOVADA PRIMORDIALIT\u0102\u0162II \u015eI CONTINUIT\u0102\u0162II NOASTRE ( https:\/\/www.academia.edu\/5163054\/OIERITUL_Principala_dovada_a_PRIMORDIALITATII_si_CONTINUITATII_noastre )\">https:\/\/www.academia.edu\/5163054\/OIERITUL_Principala_dovada_a_PRIMORDIALITATII_si_CONTINUITATII_noastre<\/a> )<\/p>\n<p>\u201e<span style=\"color: #800000;\">Un cercet\u0103tor din Maramure\u015f spune c\u0103 poate dovedi faptul c\u0103 limba rom\u00e2n\u0103 veche este de fapt la originea tuturor limbilor europene. George Cadar are 57 de ani \u015fi este licen\u0163iat \u00een istorie antic\u0103, membru al Asocia\u0163iei Rom\u00e2ne de Studii Semiotice \u015fi al Societ\u0103\u0163ii Interna\u0163ionale de \u015etiin\u0163e Semiotice \u015fi este autorul a mai multe c\u0103r\u0163i de semiotic\u0103 \u015fi studii de specialitate. Cercet\u0103torul este convins c\u0103 limba rom\u00e2n\u0103 este urma\u015fa unei a\u015fa-numite \u201elimbi b\u0103tr\u00e2ne\u201d.<\/span><\/p>\n<p><span style=\"color: #800000;\">Afirma\u0163iile b\u0103im\u0103reanului contrazic flagrant tot ceea ce ai \u00eenv\u0103\u0163at la \u015fcoal\u0103 din c\u0103r\u0163ile de istorie, dar b\u0103im\u0103reanul sus\u0163ine c\u0103 are documente care pot proba tot ce spune. Acesta a publicat, de cur\u00e2nd, studiul \u201eOrigini. Sf\u00e2nta limb\u0103 b\u0103tr\u00e2n\u0103 a zimbri-ge\u0163ilor\u201d, iar \u00een prezent lucreaz\u0103 la o alt\u0103 carte, \u201eVlahii. Alahva\u201d care con\u0163ine 12 dic\u0163ionare \u00een care sunt traduse \u00een \u201elimba b\u0103tr\u00e2n\u0103\u201d cuvinte din tot at\u00e2tea alte limbi europene, pentru a demonstra c\u0103 acestea \u00ee\u015fi au originea \u00een ea.<\/span><\/p>\n<p><span style=\"color: #800000;\">Acesta va participa \u00een perioada 16-20 septembrie la Sofia la cel de-al XII-lea Congres al Societ\u0103\u0163ii Interna\u0163ionale de Studii Semiotice, al\u0103turi de speciali\u015fti din 130 de \u0163\u0103ri. Acolo va \u00eencerca s\u0103-\u015fi demonstreze teoriile.<\/span><\/p>\n<p><span style=\"color: #800000;\"> \u201eLa Sofia voi \u00eencerca s\u0103 fac o aplica\u0163ie practic\u0103 s\u0103 demonstrez invita\u0163ilor o prim\u0103 decriptare a unui \u00eenscris \u00een etrusc\u0103, lucru care nu s-a mai \u00eent\u00e2mplat, tocmai pentru a dovedi c\u0103 dac\u0103 se cunoa\u015fte pronun\u0163ia limbii noastre b\u0103tr\u00e2ne se poate realiza descifrarea unui asemenea text etrusc\u201d, spune George Cadar.<\/span><\/p>\n<p><span style=\"color: #800000;\"> \u201eCe-o s\u0103 supun eu acolo aten\u0163iei, decriptarea \u00abStelei funerare din Lemnos\u00bb care nu a mai fost niciodat\u0103 f\u0103cut\u0103 \u015fi care a fost descoperit\u0103 pe teritoriul grecesc \u015fi decriptarea textului \u00een trac\u0103 de pe inelul de la Ezerovo, decoperit \u00een 1912\u201d, mai spune Cadar.<\/span><\/p>\n<p><span style=\"color: #800000;\">Lingvistul sus\u0163ine c\u0103 este o \u00eencercare provocatoare pentru el. \u00cen opinia lui, p\u00e2n\u0103 acum nu s-a \u00eencercat o descifrare a limbii etrusce tocmai pentru c\u0103 nu se cuno\u015ftea pronun\u0163ia la momentul scrierii pe artefact. George Cadar are \u00een spate aproape 40 de ani de studii, dar spune c\u0103 se bazeaz\u0103 foarte mult \u015fi pe cercet\u0103rile f\u0103cute de Nicolae Densu\u015fianu<\/span>.<\/p>\n<p><span style=\"color: #800000;\">Mai multe despre \u201etraducerea\u201d care va fi o premier\u0103 mondial\u0103 nu vrea s\u0103 dezv\u0103luie, dar spune c\u0103 va reveni cu explica\u0163ii am\u0103nun\u0163ite dup\u0103 ce se va \u00eentoarce de la Sofia.<\/span>\u201d<\/p>\n<p><strong>sursa:Vocea Transilvaniei<\/strong><\/p>\n","protected":false},"excerpt":{"rendered":"<p>Iat\u0103 c\u0103 LATINOPA\u0162II vor avea de comb\u0103tut un LINGVIST CU PATALAMA, care sus\u0163ine ceea ce Densu\u015fianu spunea cu 150 de ani mai devreme, apropos de leg\u0103tura limbii rom\u00e2ne cu LIMBA ETRUSCILOR. Eu \u00eensumi am descris lucr\u0103rile etruscologului MEL COPELAND cu aceea\u015fi concluzie, \u00een diverse materiale, inclusiv \u00een OIERITUL- DOVADA PRIMORDIALIT\u0102\u0162II \u015eI CONTINUIT\u0102\u0162II NOASTRE ( https:\/\/www.academia.edu\/5163054\/OIERITUL_Principala_dovada_a_PRIMORDIALITATII_si_CONTINUITATII_noastre [&hellip;]<\/p>\n","protected":false},"author":2,"featured_media":0,"comment_status":"open","ping_status":"open","sticky":false,"template":"","format":"standard","meta":{"footnotes":""},"categories":[3],"tags":[1495,1497,409,1049,1496,184],"jetpack_featured_media_url":"","_links":{"self":[{"href":"https:\/\/bassdu.mine.bz\/index.php?rest_route=\/wp\/v2\/posts\/3652"}],"collection":[{"href":"https:\/\/bassdu.mine.bz\/index.php?rest_route=\/wp\/v2\/posts"}],"about":[{"href":"https:\/\/bassdu.mine.bz\/index.php?rest_route=\/wp\/v2\/types\/post"}],"author":[{"embeddable":true,"href":"https:\/\/bassdu.mine.bz\/index.php?rest_route=\/wp\/v2\/users\/2"}],"replies":[{"embeddable":true,"href":"https:\/\/bassdu.mine.bz\/index.php?rest_route=%2Fwp%2Fv2%2Fcomments&post=3652"}],"version-history":[{"count":1,"href":"https:\/\/bassdu.mine.bz\/index.php?rest_route=\/wp\/v2\/posts\/3652\/revisions"}],"predecessor-version":[{"id":3653,"href":"https:\/\/bassdu.mine.bz\/index.php?rest_route=\/wp\/v2\/posts\/3652\/revisions\/3653"}],"wp:attachment":[{"href":"https:\/\/bassdu.mine.bz\/index.php?rest_route=%2Fwp%2Fv2%2Fmedia&parent=3652"}],"wp:term":[{"taxonomy":"category","embeddable":true,"href":"https:\/\/bassdu.mine.bz\/index.php?rest_route=%2Fwp%2Fv2%2Fcategories&post=3652"},{"taxonomy":"post_tag","embeddable":true,"href":"https:\/\/bassdu.mine.bz\/index.php?rest_route=%2Fwp%2Fv2%2Ftags&post=3652"}],"curies":[{"name":"wp","href":"https:\/\/api.w.org\/{rel}","templated":true}]}}