{"id":3691,"date":"2014-11-03T23:31:27","date_gmt":"2014-11-03T22:31:27","guid":{"rendered":"http:\/\/bassdu.mine.nu\/?p=3691"},"modified":"2014-11-03T23:31:27","modified_gmt":"2014-11-03T22:31:27","slug":"scurta-analiza-post-electorala","status":"publish","type":"post","link":"https:\/\/bassdu.mine.bz\/?p=3691","title":{"rendered":"Scurt\u0103 analiz\u0103 post-electoral\u0103"},"content":{"rendered":"<p>MI\u015eCAREA DACIA a suferit o \u00eenfr\u00e2ngere grea!<br \/>\nDar nu ne mir\u0103m prea tare, deoarece suntem con\u015ftien\u0163i de FOR\u0162A SISTEMULUI!<br \/>\nMI\u015eCAREA DACIA r\u0103m\u00e2ne ferm pe baricade \u015fi are mul\u0163umirea de sine, c\u0103 nu va regreta alegerea pe care a f\u0103cut-o, spre deosebire de cei care au votat valabil, sau au boicotat, am\u00e2n\u00e2nd OB\u015eTESCUL SF\u00c2R\u015eIT AL UNUI SISTEM SCLAVAGIST!!!<br \/>\nCu toat\u0103 campania noastr\u0103 pentru VOTUL NUL, procentul acestora a sc\u0103zut de la 5,83 de la Europene, la 2,44 acum!?<br \/>\nEste adev\u0103rat c\u0103 semnifica\u0163ia alegerilor e diferit\u0103, acum partidele arunc\u00e2nd \u00een lupt\u0103 toate m\u0103g\u0103riile de care sunt capabile, deoarece era \u00een joc, uneori chiar libertatea personal\u0103 a unor lideri.<br \/>\nEu personal am v\u0103zut turi\u015fti electorali, pomeni electorale, curv\u0103s\u0103reli electorale, etc. de a trebuit s\u0103 fac apel frecvent la &#8230; l\u0103m\u00e2ie!?<br \/>\nTot a\u015fa de adev\u0103rat este, c\u0103 \u201ehipsterii societ\u0103\u0163ii civile\u201d de \u201eacas\u0103\u201d au promovat BOICOTUL, probabil deoarece aveau altceva \u00een program duminic\u0103, sau deoarece a\u015fa li s-a indicat, sau \u201esugerat subliminal\u201d, de la \u201ecentru\u201d!?<br \/>\nExplica\u0163ia de fond, r\u0103m\u00e2ne lipsa unei for\u0163e politice independente de partidele de la Bucure\u015fti, care s\u0103 \u00eempiedice penetrarea peninsulei de \u201efiliale\u201d, cu tot tac\u00e2mul lor de roz\u0103tori de oase, asocia\u0163ii (a)culturale, turism electoral, limbi\u015fti, asista\u0163i, etc. \u00eentocmai ca \u201eacas\u0103\u201d!<br \/>\nPartidele rom\u00e2ne\u015fti au adus cu ele cele mai rudimentare METODE DE MANIPULARE, a acelora pe care ele \u00eensele i-au trimis departe de \u0163ar\u0103, \u00een virtutea unui \u201eordin superior\u201d!<br \/>\nAm v\u0103zut \u015fi o diaspor\u0103 revoltat\u0103 c\u0103 nu poate vota!<br \/>\nFoarte frumos&#8230; la prima vedere!?<br \/>\nApoi, c\u00e2nd citesc rezultatele alegerilor \u015fi v\u0103d 3,5% VOTURI NULE \u00een Prahova \u015fi numai 0,9% la Torino, m\u0103 enervez!<br \/>\nCum adic\u0103? Sunt mai ANTI-SISTEM \u201emaneli\u015ftii\u201d de prahoveni, dec\u00e2t c\u0103p\u015funarii, zidarii, \u015foferii \u015fi badantele care au luat cuno\u015ftin\u0163\u0103 chiar cu studii superioare de LIBERALISM???<br \/>\nNu \u015ftiu de ce, dar am impresia c\u0103 diasporenii care merg de S\u0103rb\u0103tori acas\u0103 cu BMW-uri \u015fi se cac\u0103 \u00een fundul cur\u0163ii, devin majoritari \u015fi se impun din ce \u00een ce mai acerb \u015fi \u00een via\u0163a cet\u0103\u0163ii!?!? \u015etiu eu ce zic, c\u0103 doar sunt pe aici de la \u00eenceputuri \u015fi am putut s\u0103 constat at\u00e2t degradarea welfare-ului italian, c\u00e2t \u015fi a diasporei rom\u00e2ne\u015fti, \u00eenc\u0103pute pe m\u00e2na unor fufe \u015fi \u0163op\u00e2rlani (a)culturali, (a)politici, (a)nalfabe\u0163i, (a)puc\u0103tori, etc. care rod \u015fi ei un os pe unde apuc\u0103, chit c\u0103 trebuie s\u0103 foloseasc\u0103 frecvent \u015fi limbile!?<br \/>\nMul\u0163i se sup\u0103r\u0103 totu\u015fi \u00een mod nejustificat pe diaspor\u0103, c\u0103 ar fi votat altfel dec\u00e2t cei de acas\u0103. Au votat 170.000 de rum\u00e2ni, adic\u0103 0.75% din total \u015fi au f\u0103cut mai mult valuri, dec\u00e2t s\u0103 influen\u0163eze rezultatul global.<br \/>\nFaptul c\u0103 diaspora prefer\u0103 majoritar dreapta, nu se datoreaz\u0103 \u00een\u0163elegerii liberalismului, ci doar orgoliului prostesc de a tr\u0103i \u201eafar\u0103\u201d, adic\u0103 \u00een leag\u0103nul liberalismului. Din p\u0103cate, mul\u0163i au dat cu capul \u00een muchiile Sistemului, \u015fi al\u0163ii \u00eei vor urma, deoarece CRIZA a trimis \u015fi va mai trimite pe mul\u0163i acas\u0103!? Tot din p\u0103cate, acolo nu-i va a\u015ftepta, dec\u00e2t ceea ce au favorizat c\u00e2nd erau pe aici!?<\/p>\n","protected":false},"excerpt":{"rendered":"<p>MI\u015eCAREA DACIA a suferit o \u00eenfr\u00e2ngere grea! Dar nu ne mir\u0103m prea tare, deoarece suntem con\u015ftien\u0163i de FOR\u0162A SISTEMULUI! MI\u015eCAREA DACIA r\u0103m\u00e2ne ferm pe baricade \u015fi are mul\u0163umirea de sine, c\u0103 nu va regreta alegerea pe care a f\u0103cut-o, spre deosebire de cei care au votat valabil, sau au boicotat, am\u00e2n\u00e2nd OB\u015eTESCUL SF\u00c2R\u015eIT AL UNUI [&hellip;]<\/p>\n","protected":false},"author":2,"featured_media":0,"comment_status":"open","ping_status":"open","sticky":false,"template":"","format":"standard","meta":{"footnotes":""},"categories":[73],"tags":[1512,1156,1029,1581,1514,566,177,210,1513,608,1057],"jetpack_featured_media_url":"","_links":{"self":[{"href":"https:\/\/bassdu.mine.bz\/index.php?rest_route=\/wp\/v2\/posts\/3691"}],"collection":[{"href":"https:\/\/bassdu.mine.bz\/index.php?rest_route=\/wp\/v2\/posts"}],"about":[{"href":"https:\/\/bassdu.mine.bz\/index.php?rest_route=\/wp\/v2\/types\/post"}],"author":[{"embeddable":true,"href":"https:\/\/bassdu.mine.bz\/index.php?rest_route=\/wp\/v2\/users\/2"}],"replies":[{"embeddable":true,"href":"https:\/\/bassdu.mine.bz\/index.php?rest_route=%2Fwp%2Fv2%2Fcomments&post=3691"}],"version-history":[{"count":1,"href":"https:\/\/bassdu.mine.bz\/index.php?rest_route=\/wp\/v2\/posts\/3691\/revisions"}],"predecessor-version":[{"id":3692,"href":"https:\/\/bassdu.mine.bz\/index.php?rest_route=\/wp\/v2\/posts\/3691\/revisions\/3692"}],"wp:attachment":[{"href":"https:\/\/bassdu.mine.bz\/index.php?rest_route=%2Fwp%2Fv2%2Fmedia&parent=3691"}],"wp:term":[{"taxonomy":"category","embeddable":true,"href":"https:\/\/bassdu.mine.bz\/index.php?rest_route=%2Fwp%2Fv2%2Fcategories&post=3691"},{"taxonomy":"post_tag","embeddable":true,"href":"https:\/\/bassdu.mine.bz\/index.php?rest_route=%2Fwp%2Fv2%2Ftags&post=3691"}],"curies":[{"name":"wp","href":"https:\/\/api.w.org\/{rel}","templated":true}]}}