{"id":3711,"date":"2014-11-17T23:28:18","date_gmt":"2014-11-17T22:28:18","guid":{"rendered":"http:\/\/bassdu.mine.nu\/?p=3711"},"modified":"2014-11-23T22:24:23","modified_gmt":"2014-11-23T21:24:23","slug":"fanariotii-de-azi","status":"publish","type":"post","link":"https:\/\/bassdu.mine.bz\/?p=3711","title":{"rendered":"FANARIO\u0162II DE AZI"},"content":{"rendered":"<p>PREMISA<\/p>\n<p>De\u015fi nu a beneficiat de votul meu, care a fost NUL, urez d-lui Pre\u015fedinte Iohannis s\u0103 fac\u0103 o figur\u0103 c\u00e2t mai frumoas\u0103 \u00een fruntea statului!<br \/>\nAceea\u015fi urare i-a\u015f fi f\u0103cut-o \u015fi lui Ponta, dar nu a fost s\u0103 fie!?<br \/>\nR\u0103m\u00e2ne cert, c\u0103 niciunul dintre candida\u0163i nu corespunde PRINCIPIILOR MI\u015eC\u0102RII DACIA!<\/p>\n<p>PARADOXURI<\/p>\n<p>Alegerea d-lui Iohannis \u00een fruntea statului d\u0103 urm\u0103toarele indica\u0163ii PARADOXALE:<br \/>\n1. Se demonstreaz\u0103 \u00eenc\u0103 o dat\u0103, c\u0103 poporul rom\u00e2n nu este NA\u0162IONALIST-\u015eOVIN. S\u0103 sper\u0103m c\u0103 \u015fi alte etnii mai mult sau mai pu\u0163in conlocuitoare, vor \u015ftii s\u0103 interpreteze \u015fi s\u0103 aprecieze la fel!?<br \/>\nPoporul rom\u00e2n este bun!&#8230; uneori, prost de bun!?&#8230; vorba aia: \u201ecin&#8217; se ia cu mine bine, \u00eei dau haina de pe mine&#8230;\u201d<br \/>\n\u00cen acela\u015fi timp, exist\u0103 pericolul ca evenimentul s\u0103 fie interpretat de unii, ca o DOVAD\u0102 DE SL\u0102BICIUNE \u015eI LIPS\u0102 DE AUTOSTIM\u0102, \u00een virtutea unui trecut milenar de SUBORDONARE \u015eI CEDARE FOR\u0162AT\u0102 A SUVERANIT\u0102\u0162II, de\u015fi azi condi\u0163iile sunt oarecum schimbate!? Alde Gherman&amp;co, deja au trecut la concluzii, pun\u00e2ndu-\u015fi pe profil o Rom\u00e2nie ro\u015f-albastr\u0103, de\u015fi dup\u0103 opinia mea e \u00een \u00eentregime&#8230; gri!?<br \/>\n2. \u00cen fa\u0163a EUROPEI facem \u201eun figurone\u201d! Suntem un caz unic de toleran\u0163\u0103 etnic\u0103!!!<br \/>\nExist\u0103 \u00eens\u0103 pericolul ca Europa s\u0103 cread\u0103 c\u0103 \u00een Rom\u00e2nia fiind posibil ORICE, pot face \u015fi ORIC\u00c2T, de dat\u0103 ce au dinainte o turm\u0103 u\u015for de p\u0103storit de &#8230; lupi!?<br \/>\n3. Rom\u00e2nii au demonstrat c\u0103 de\u015fi ORTODOC\u015eI, sunt at\u00e2t de toleran\u0163i, c\u0103 pot alege un Pre\u015fedinte REFORMAT&#8230; p\u0103cat c\u0103 eu am v\u0103zut un filmule\u0163 \u00eentr-o biseric\u0103 reformat\u0103, unde se c\u00e2ntau anumite imnule\u0163e \u00een german\u0103 \u015fi nu \u015ftiu dac\u0103 era frumos din partea lor!?<br \/>\n4. ORTODOC\u015eII din Deal, au declarat prin gura preasfin\u0163itului, c\u0103 uneori \u201estr\u0103inul\u201d poate lucra pentru rom\u00e2ni, paraf\u00e2ndu-l pe neam\u0163 \u015fi av\u00e2ndu-i cumva \u00een memorie pe FANARIO\u0162I!?<br \/>\nP\u0103cat c\u0103 au f\u0103cut-o dup\u0103 ce zarurile fuseser\u0103 aruncate, iar mai devreme se g\u00e2ndeau la alte neamuri&#8230; tot str\u0103ine!?<br \/>\n5. DIASPORA a demonstrat c\u0103 are o mare capacitate de mobilizare, c\u00e2nd \u0163ara o cere.<br \/>\nDe exemplu, la primul tur, unde am votat eu am fost 222 votan\u0163i, iar la turul 2 am fost 1.800 de EROI!?<br \/>\nEu am v\u0103zut EROII la fa\u0163a locului \u015fi \u00a0\u0163in s\u0103 v\u0103 spun c\u0103 aveam alt\u0103 imagine \u00een minte!<br \/>\nPe total diaspor\u0103, s-a trecut de la 130.000 la aproape 400.000!?!?&#8230; \u015fi asta ca r\u0103spuns la pie\u0163ele din Rom\u00e2nia, care s-au revoltat c\u0103 unii n-au putut s\u0103 voteze la primul tur, pentru c\u0103 s-au dus to\u0163i buluc&#8230; dup\u0103 ce au terminat gr\u0103tarele!?&#8230; sau poate au fost mobiliza\u0163i astfel, c\u0103 numai cine nu-i cunoa\u015fte, nu \u015ftie de ce sunt capabili unii!? \u00a0S\u0103 fie oare, c\u0103 cineva are un sim\u0163 organizatoric foarte dezvoltat???<br \/>\nDac\u0103 da, cinste lor, c\u0103 au f\u0103cut o treab\u0103 excelent\u0103, mai ales c\u0103 am impresia c\u0103 \u201etab\u0103ra ailalt\u0103\u201d, a epuizat cartu\u015fele \u00een primul tur,<br \/>\nsper\u00e2nd \u00eentr-un blitzkrieg, uit\u00e2nd c\u0103 e \u015fi un neam\u0163 pe acolo!?<br \/>\n6.\u00a0ROM\u00c2NII au demonstrat c\u0103 POT SCHIMBA FOAIA \u015fi se pot UNI atunci c\u00e2nd se mobilizeaz\u0103.<br \/>\nP\u0103cat c\u0103 numai o r\u0103sucesc \u015fi nimeni nu se uit\u0103 \u00een spatele lui Iohannes, ca s\u0103 vad\u0103 c\u0103 sunt TOT \u0102IA, care erau \u00een prim plan \u015fi \u00eenainte&#8230; mai sacrific\u0103 EI c\u00e2te unul, ca s\u0103 potolesc\u0103 turma, dar sunt \u201epierderi programate, limitate \u015fi nesemnificative\u201d.<br \/>\nRom\u00e2nii consider\u0103 c\u0103 s-au UNIT \u00een sf\u00e2r\u015fit ca s\u0103 scape de \u201eciuma comunist\u0103\u201d, nerealiz\u00e2nd c\u0103 DIVIZIUNEA este tot mai profund\u0103, fie \u00eentre cet\u0103\u0163enii de \u201eacas\u0103\u201d, fie \u00eentre ei \u015fi cei de \u201eafar\u0103\u201d. Aceast\u0103 DIVIZIUNE este rodul dictonului multimilenar: DEZBIN\u0102 \u015eI ST\u0102P\u00c2NE\u015eTE \u015fi ar fi suficient s\u0103 ne \u00eentreb\u0103m CUI PRODEST pentru a pricepe!? Din p\u0103cate, rom\u00e2nii continu\u0103 s\u0103 fie prizonierii MITULUI CAVERNEI \u015fi s\u0103 sufere de SINDROMUL STOCKHOLM!?<br \/>\nRom\u00e2nii \u00eenc\u0103 mai cred \u00een mod paradoxal, c\u0103 un om poate face Istorie!?!?<br \/>\nNu doamnelor \u015fi domnilor!<br \/>\nIstoria o scriu mereu la \u00ceNALTE POR\u0162I \u015fi p\u00e2n\u0103 nu li se ia \u201ecreionul\u201d din m\u00e2n\u0103, tot a\u015fa va fi!<br \/>\nMI\u015eCAREA DACIA le-ar da peste m\u00e2n\u0103, dar nu are cu cine!?<\/p>\n","protected":false},"excerpt":{"rendered":"<p>PREMISA De\u015fi nu a beneficiat de votul meu, care a fost NUL, urez d-lui Pre\u015fedinte Iohannis s\u0103 fac\u0103 o figur\u0103 c\u00e2t mai frumoas\u0103 \u00een fruntea statului! Aceea\u015fi urare i-a\u015f fi f\u0103cut-o \u015fi lui Ponta, dar nu a fost s\u0103 fie!? R\u0103m\u00e2ne cert, c\u0103 niciunul dintre candida\u0163i nu corespunde PRINCIPIILOR MI\u015eC\u0102RII DACIA! PARADOXURI Alegerea d-lui Iohannis [&hellip;]<\/p>\n","protected":false},"author":2,"featured_media":0,"comment_status":"open","ping_status":"open","sticky":false,"template":"","format":"standard","meta":{"footnotes":""},"categories":[73],"tags":[1525,203,1581,1522,1526,1521,177,210,1523,1527,154,1524],"jetpack_featured_media_url":"","_links":{"self":[{"href":"https:\/\/bassdu.mine.bz\/index.php?rest_route=\/wp\/v2\/posts\/3711"}],"collection":[{"href":"https:\/\/bassdu.mine.bz\/index.php?rest_route=\/wp\/v2\/posts"}],"about":[{"href":"https:\/\/bassdu.mine.bz\/index.php?rest_route=\/wp\/v2\/types\/post"}],"author":[{"embeddable":true,"href":"https:\/\/bassdu.mine.bz\/index.php?rest_route=\/wp\/v2\/users\/2"}],"replies":[{"embeddable":true,"href":"https:\/\/bassdu.mine.bz\/index.php?rest_route=%2Fwp%2Fv2%2Fcomments&post=3711"}],"version-history":[{"count":3,"href":"https:\/\/bassdu.mine.bz\/index.php?rest_route=\/wp\/v2\/posts\/3711\/revisions"}],"predecessor-version":[{"id":3714,"href":"https:\/\/bassdu.mine.bz\/index.php?rest_route=\/wp\/v2\/posts\/3711\/revisions\/3714"}],"wp:attachment":[{"href":"https:\/\/bassdu.mine.bz\/index.php?rest_route=%2Fwp%2Fv2%2Fmedia&parent=3711"}],"wp:term":[{"taxonomy":"category","embeddable":true,"href":"https:\/\/bassdu.mine.bz\/index.php?rest_route=%2Fwp%2Fv2%2Fcategories&post=3711"},{"taxonomy":"post_tag","embeddable":true,"href":"https:\/\/bassdu.mine.bz\/index.php?rest_route=%2Fwp%2Fv2%2Ftags&post=3711"}],"curies":[{"name":"wp","href":"https:\/\/api.w.org\/{rel}","templated":true}]}}