{"id":3791,"date":"2015-04-09T21:30:57","date_gmt":"2015-04-09T20:30:57","guid":{"rendered":"http:\/\/bassdu.mine.nu\/?p=3791"},"modified":"2015-04-09T21:47:17","modified_gmt":"2015-04-09T20:47:17","slug":"de-ce-in-romania-nu-exista-panouri-fotovoltaice-pe-casele-gospodarilor","status":"publish","type":"post","link":"https:\/\/bassdu.mine.bz\/?p=3791","title":{"rendered":"De ce \u00een Rom\u00e2nia nu exist\u0103 panouri fotovoltaice pe casele gospodarilor?"},"content":{"rendered":"<p>Pornind de la experien\u0163a personal\u0103, m\u0103 \u00eentreb de ce oare nu s-a declan\u015fat p\u00e2n\u0103 \u00een acest moment o ANCHET\u0102 SOCIAL\u0102, JURNALISTIC\u0102 \u015eI CHIAR JUDICIAR\u0102 pe tema PRODUC\u0162IEI DE ENERGIE CURAT\u0102, care \u00een ROM\u00c2NIA, spre deosebire de restul Europei, este rezervat\u0103 numai MULTINA\u0162IONALELOR STR\u0102INE \u015fi POTENTA\u0162ILOR FINANCIARI AUTOHTONI, dar nu \u015fi CET\u0102\u0162EANULUI DE R\u00c2ND!?!?<br \/>\nCa premis\u0103, informez c\u0103 ITALIA are o putere instalat\u0103 de ENERGIE VERDE\/CURAT\u0102\/RENOVABIL\u0102 de 8 Gw, din care un sfert apar\u0163ine PRIVA\u0162ILOR CET\u0102\u0162ENI.<br \/>\nOare \u00een Rom\u00e2nia nu s-a aflat de CRIZA ENERGETIC\u0102?<br \/>\nOare \u00een Rom\u00e2nia nu s-a aflat de CERNOB\u00ceL \u015fi FUKUSHIMA?<br \/>\nOare \u00een Rom\u00e2nia nu s-a aflat c\u0103 Germania \u201eIESE DIN NUCLEAR\u201d?<br \/>\nOare \u00een Rom\u00e2nia nu se \u015ftie nimic de EPUIZAREA COMBUSTIBILILOR FOSILI?<br \/>\nOare \u00een Rom\u00e2nia nu se \u015ftie nimic de profunda CRIZ\u0102 AMBIENTAL\u0102?<br \/>\nOare \u00een Rom\u00e2nia nu este nevoie de A CREA NOI LOCURI DE MUNC\u0102 \u00een acest domeniu?<br \/>\nOare \u00een Rom\u00e2nia nu este contemplat\u0103 INDEPENDEN\u0162A ENERGETIC\u0102, dec\u00e2t c\u00e2nd e vorba de CHEVRON&amp;sisters?<br \/>\nOare \u00een Rom\u00e2nia avem o CLAS\u0102 POLITIC\u0102 \u015fi ni\u015fte FUNC\u0162IONARI DE STAT&#8230; \u201ecu pluta\u201d?<br \/>\nOare \u00een Rom\u00e2nia nu exist\u0103 jurnali\u015fti \u00een slujba INTERESULUI NA\u0162IONAL?<br \/>\nOare cei care merg \u201eafar\u0103\u201d, nu au observat acolo acoperi\u015furile pline de panouri fotovoltaice?<br \/>\nOare cei care au observat, nu s-au \u00eentrebat DE CE \u00ceN ROM\u00c2NIA NU SUNT?<\/p>\n<p><a href=\"http:\/\/bassdu.mine.nu\/images\/2015\/04\/IMG_20111010_172539-e1428611363126.jpg\"><img loading=\"lazy\" decoding=\"async\" class=\"aligncenter wp-image-3792 size-medium\" src=\"http:\/\/bassdu.mine.nu\/images\/2015\/04\/IMG_20111010_172539-300x225.jpg\" alt=\"IMG_20111010_172539\" width=\"300\" height=\"225\" \/><\/a><br \/>\nEste oare posibil s\u0103 existe \u00een aceast\u0103 chestiune o Lege din 2008, care s\u0103 nu poat\u0103 fi aplicat\u0103 \u015eI \u00ceN INTERESUL CET\u0102\u0162ENILOR DE R\u00c2ND, deoarece AUTORITATEA NA\u0162IONAL\u0102 de REGLEMENTARE \u00een domeniul ENERGIEI (ANRE) \u201edoarme \u00een papuci\u201d \u015fi nu a realizat NORMELE DE APLICARE conform rolului s\u0103u institu\u0163ional?<br \/>\nAceast\u0103 PROBLEM\u0102 EXCLUSIV ROM\u00c2NEASC\u0102 trebuie adus\u0103 la cuno\u015ftin\u0163a organelor competente de JUSTI\u0162IE \u015fi OPINIEI PUBLICE din \u0163ar\u0103 \u015fi str\u0103in\u0103tate, deoarece este evident\u0103 flagran\u0163a DISCRIMIN\u0102RII SOCIALE, care permite lui \u0162iriac (de exemplu, dar se poate s\u0103pa ad\u00e2nc&#8230;) s\u0103 \u00eencarce facturile de electricitate ale rom\u00e2nilor, f\u0103r\u0103 ca ace\u015ftia s\u0103 poat\u0103 face acela\u015fi lucru \u00een folos propriu!?<br \/>\nExist\u0103 STUDII referitoare la IMPLEMENTAREA SURSELOR DE ENERGIE ALTERNATIVE, care demonstreaz\u0103 c\u0103 ENERGIA VERDE este mult mai pu\u0163in COSTISITOARE pentru cet\u0103\u0163ean, ambient \u015fi stat, dec\u00e2t cea bazat\u0103 pe NUCLEAR \u015fi COMBUSTIBILI FOSILI (oricum EPUIZABILE), dac\u0103 se iau \u00een considera\u0163ie numai PROBLEMELE AMBIENTALE determinate de acestea.<br \/>\nEu personal, am pe cas\u0103 \u00een Rom\u00e2nia 4 panouri de 220w \u015fi a\u015f mai fi ad\u0103ugat altele, dar a\u015ftept din 2011 ca ANRE s\u0103 stabileasc\u0103 MODALIT\u0102\u0162ILE DE CONTRACTARE A ENERGIEI PROVENITE DIN GOSPOD\u0102RIILE CET\u0102\u0162ENILOR \u015fi am o coresponden\u0163\u0103 edificatoare asupra DEZINTERESULUI celor implica\u0163i \u00een REGLEMENTARE, FURNIZARE \u015fi DISTRIBU\u0162IE de ENERGIE ELECTRIC\u0102. \u00centre timp, de\u015fi am un AVIZ TEHNIC DE RACORDARE \u00eenc\u0103 din 2011, am ajuns s\u0103 pl\u0103tesc p\u00e2n\u0103 \u015fi curentul produs de mine, deoarece ni\u015fte \u201especiali\u015fti\u201d de la DISTRIBU\u0162IE\/APARATUR\u0102 DE M\u0102SUR\u0102, au montat un contoar gre\u015fit, intr\u00e2nd ILEGAL pe proprietatea mea, F\u0102R\u0102 AVIZARE PREALABIL\u0102 \u015fi deci, F\u0102R\u0102 PERMISIUNEA MEA!?!? Totul este DOCUMENTAT!<br \/>\nVoi sesiza probabil \u015fi FORURILE COMUNITARE asupra IGNOR\u0102RII NORMELOR EUROPENE \u00een domeniu \u015fi voi implica asocia\u0163ii ale consumatorilor \u015fi juri\u015fti, rom\u00e2ni \u015fi str\u0103ini, deoarece aceasta este o CHESTIUNE FOARTE GRAV\u0102.<br \/>\nVoi ce zice\u0163i?<\/p>\n","protected":false},"excerpt":{"rendered":"<p>Pornind de la experien\u0163a personal\u0103, m\u0103 \u00eentreb de ce oare nu s-a declan\u015fat p\u00e2n\u0103 \u00een acest moment o ANCHET\u0102 SOCIAL\u0102, JURNALISTIC\u0102 \u015eI CHIAR JUDICIAR\u0102 pe tema PRODUC\u0162IEI DE ENERGIE CURAT\u0102, care \u00een ROM\u00c2NIA, spre deosebire de restul Europei, este rezervat\u0103 numai MULTINA\u0162IONALELOR STR\u0102INE \u015fi POTENTA\u0162ILOR FINANCIARI AUTOHTONI, dar nu \u015fi CET\u0102\u0162EANULUI DE R\u00c2ND!?!? Ca premis\u0103, [&hellip;]<\/p>\n","protected":false},"author":2,"featured_media":0,"comment_status":"open","ping_status":"open","sticky":false,"template":"","format":"standard","meta":{"footnotes":""},"categories":[3,1],"tags":[331,720,1550,1058,913,322,1551,752],"jetpack_featured_media_url":"","_links":{"self":[{"href":"https:\/\/bassdu.mine.bz\/index.php?rest_route=\/wp\/v2\/posts\/3791"}],"collection":[{"href":"https:\/\/bassdu.mine.bz\/index.php?rest_route=\/wp\/v2\/posts"}],"about":[{"href":"https:\/\/bassdu.mine.bz\/index.php?rest_route=\/wp\/v2\/types\/post"}],"author":[{"embeddable":true,"href":"https:\/\/bassdu.mine.bz\/index.php?rest_route=\/wp\/v2\/users\/2"}],"replies":[{"embeddable":true,"href":"https:\/\/bassdu.mine.bz\/index.php?rest_route=%2Fwp%2Fv2%2Fcomments&post=3791"}],"version-history":[{"count":2,"href":"https:\/\/bassdu.mine.bz\/index.php?rest_route=\/wp\/v2\/posts\/3791\/revisions"}],"predecessor-version":[{"id":3794,"href":"https:\/\/bassdu.mine.bz\/index.php?rest_route=\/wp\/v2\/posts\/3791\/revisions\/3794"}],"wp:attachment":[{"href":"https:\/\/bassdu.mine.bz\/index.php?rest_route=%2Fwp%2Fv2%2Fmedia&parent=3791"}],"wp:term":[{"taxonomy":"category","embeddable":true,"href":"https:\/\/bassdu.mine.bz\/index.php?rest_route=%2Fwp%2Fv2%2Fcategories&post=3791"},{"taxonomy":"post_tag","embeddable":true,"href":"https:\/\/bassdu.mine.bz\/index.php?rest_route=%2Fwp%2Fv2%2Ftags&post=3791"}],"curies":[{"name":"wp","href":"https:\/\/api.w.org\/{rel}","templated":true}]}}