{"id":3822,"date":"2015-06-20T21:11:47","date_gmt":"2015-06-20T20:11:47","guid":{"rendered":"http:\/\/bassdu.mine.nu\/?p=3822"},"modified":"2015-06-20T21:11:47","modified_gmt":"2015-06-20T20:11:47","slug":"laudato-si-enciclica-papei-francisc","status":"publish","type":"post","link":"https:\/\/bassdu.mine.bz\/?p=3822","title":{"rendered":"Laudato si&#8217; &#8211; Enciclica papei Francisc"},"content":{"rendered":"<p><a href=\"http:\/\/bassdu.mine.nu\/images\/2015\/06\/papa.jpeg\"><img loading=\"lazy\" decoding=\"async\" class=\"aligncenter size-full wp-image-3823\" src=\"http:\/\/bassdu.mine.nu\/images\/2015\/06\/papa.jpeg\" alt=\"papa\" width=\"276\" height=\"183\" \/><\/a><\/p>\n<p>MI\u015eCAREA DACIA a afirmat de la \u00eenceputuri, adic\u0103 de acum 6 ani, c\u0103 militeaz\u0103 pentru SPIRITUL OPEN-FREE SOURCE, adic\u0103 nu va emite preten\u0163ii de PROPRIETATE INTELECTUAL\u0102 asupra IDEILOR \u00ceN INTEGRITATEA LOR, exprimate \u00een materialele sale&#8230; cam cum a procedat \u015fi RICHARD STALLMAN \u00een domeniul s\u0103u. Ca \u015fi el (scuza\u0163i compara\u0163ia, de\u015fi poate nu e exagerat\u0103!?), MI\u015eCAREA DACIA a fost b\u0103l\u0103c\u0103rit\u0103 de \u201esocietatea civil\u0103\u201d, cu fel de fel de epitete \u015fi insulte: extremist\u0103, comunistoid\u0103, fascistoid\u0103, UTOPIST\u0102, masonic\u0103, elitist\u0103, egalitarist\u0103, etc.<br \/>\nGlumind, aproape c\u0103 ne c\u0103im c\u0103 nu am instituit PROPRIETATE INTELECTUAL\u0102 asupra IDEILOR noastre, deoarece \u00een ultimul timp, tot mai mul\u0163i NE COPIAZ\u0102!?!?<br \/>\n\u00ceNTREBAREA care se pune este: DE CE O FAC?&#8230; care le e INTERESUL?<br \/>\nMI\u015eCAREA DACIA este m\u00e2ndr\u0103 c\u0103 IDEILE sale \u00eencep s\u0103 aib\u0103 AUDIEN\u0162\u0102, p\u00e2n\u0103 \u015fi \u00een ambientul VATICANULUI CATOLIC \u015fi al CONSTANTINOPOLULUI ORTODOX \u015fi sper\u0103 din inim\u0103 c\u0103 se \u015fi va AC\u0162IONA pe aceste baze.<br \/>\nP\u0103i cum s\u0103 nu te bucuri, c\u00e2nd papa Francisc, \u00eempreun\u0103 cu patriarhul Bartolomeu \u201evorbesc\u201d aceea\u015fi limb\u0103 cu MI\u015eCAREA DACIA???&#8230; \u015fi o fac dup\u0103 consult\u0103ri cu diver\u015fi clerici de pe tot P\u0103m\u00e2ntul, ba chiar \u015fi cu oameni de \u015ftiin\u0163\u0103 precum John Schellnhuber, fondator \u015fi director al \u201ePotsdam Institute for Climate Impact Research\u201d \u015fi Carolyn Woo decan al \u201eMendoza College of Business\u201d, din Universitatea nordamerican\u0103 \u201eNotre Dame\u201d.<br \/>\n\u00cen enciclica LAUDATO SI&#8217;, subtitrat\u0103 \u201eECOLOGIA INTEGRAL\u0102\u201d, papa Francisc vorbe\u015fte despre:<br \/>\n&#8211; Planeta noastr\u0103 este azi jefuit\u0103 \u015fi maltratat\u0103 \u00een numele PROFITULUI.<br \/>\n&#8211; Societatea omenneasc\u0103 este din ce \u00een ce mai polarizat\u0103 \u00een boga\u0163i \u015fi s\u0103raci, cu o tot mai accentuat\u0103 diferen\u0163iere.<br \/>\n&#8211; \u201eProprietatea privat\u0103 nu este absolut\u0103, sau intangibil\u0103\u201d(!!!)<br \/>\n&#8211; Incapacitatea ONU de a st\u0103vili SCHIMB\u0102RILE CLIMATICE.<br \/>\n&#8211; Salvarea B\u0102NCILOR pe seama CET\u0102\u0162ENILOR este IMORAL\u0102.<br \/>\n&#8211; Avertizare asupra pericolului ARMELOR DE DISTRUGERE \u00ceN MAS\u0102.<br \/>\n&#8211; DEBITUL SUVERAN trebuie solu\u0163ionat.<br \/>\n&#8211; Statele puternice jefuiesc \u00een toate planurile pe celelalte (NEOCOLONIALISM).<br \/>\n&#8211; Statele puternice sunt responsabile pentru R\u0102ZBOAIELE, pe care le alimenteaz\u0103 \u201ec\u00e2t mai departe de casa lor\u201d.<br \/>\n&#8211; VALORILE PROMOVATE \u00een societate sunt tot mai IMORALE.<br \/>\n&#8211; Trebuie s\u0103 renun\u0163\u0103m la CRE\u015eTERE \u015fi s\u0103 ne g\u00e2ndim la DESCRE\u015eTEREA FERICIT\u0102, care comport\u0103 SCHIMBAREA RADICAL\u0102 A MODULUI DE TRAI.<br \/>\n&#8211; samd.<br \/>\nBine\u00een\u0163eles c\u0103 s-au auzit \u015fi voci de protest&#8230; ghici de unde? Episcopi nord-americani repro\u015feaz\u0103 papei c\u0103 \u201enu e un om de \u015ftiin\u0163\u0103\u201d pentru a emite astfel de idei!?<br \/>\nLi se r\u0103spunde c\u0103 nici ei nu sunt!!!<\/p>\n<p>Din punctul nostru de vedere, FAPTELE pe care le a\u015ftept\u0103m sunt foarte simple:<br \/>\nA\u015ftept\u0103m o AFURISIRE CU NUME \u015eI PRONUME a celor viza\u0163i, f\u0103r\u0103 a fi numi\u0163i!<br \/>\nMai a\u015ftept\u0103m ca Vaticanul s\u0103-\u015fi lichideze imensul patrimoniu, constituit pe acelea\u015fi baze cu toate patrimoniile din lume.<br \/>\nA\u015ftept\u0103m ca papii \u015fi clericii s\u0103 nu mai binecuv\u00e2nteze bombardierele \u015fi armele, ci s\u0103-i afuriseasc\u0103 pe PRODUC\u0102TORI.<br \/>\nA\u015ftept\u0103m s\u0103 fie afurisit\u0103 CLASA POLITIC\u0102 ce cultiv\u0103 acest SISTEM SCLAVAGIST.<br \/>\n\u00centr-un cuv\u00e2nt, a\u015ftept\u0103m FAPTE, ci nu VORBE!&#8230; &#8230; altfel este doar IPOCRIZIE, sau poate \u00ceNCERCARE DE A-\u015eI \u00ceNSU\u015eI IDEI PROMOVATE de adev\u0103ratele for\u0163e ANTI-SISTEM, pentru a le bagateliza \u015fi goli de con\u0163inut!!!<\/p>\n","protected":false},"excerpt":{"rendered":"<p>MI\u015eCAREA DACIA a afirmat de la \u00eenceputuri, adic\u0103 de acum 6 ani, c\u0103 militeaz\u0103 pentru SPIRITUL OPEN-FREE SOURCE, adic\u0103 nu va emite preten\u0163ii de PROPRIETATE INTELECTUAL\u0102 asupra IDEILOR \u00ceN INTEGRITATEA LOR, exprimate \u00een materialele sale&#8230; cam cum a procedat \u015fi RICHARD STALLMAN \u00een domeniul s\u0103u. Ca \u015fi el (scuza\u0163i compara\u0163ia, de\u015fi poate nu e exagerat\u0103!?), [&hellip;]<\/p>\n","protected":false},"author":2,"featured_media":0,"comment_status":"open","ping_status":"open","sticky":false,"template":"","format":"standard","meta":{"footnotes":""},"categories":[3],"tags":[572,274,475,1212,210,1232,1557,318,1478],"jetpack_featured_media_url":"","_links":{"self":[{"href":"https:\/\/bassdu.mine.bz\/index.php?rest_route=\/wp\/v2\/posts\/3822"}],"collection":[{"href":"https:\/\/bassdu.mine.bz\/index.php?rest_route=\/wp\/v2\/posts"}],"about":[{"href":"https:\/\/bassdu.mine.bz\/index.php?rest_route=\/wp\/v2\/types\/post"}],"author":[{"embeddable":true,"href":"https:\/\/bassdu.mine.bz\/index.php?rest_route=\/wp\/v2\/users\/2"}],"replies":[{"embeddable":true,"href":"https:\/\/bassdu.mine.bz\/index.php?rest_route=%2Fwp%2Fv2%2Fcomments&post=3822"}],"version-history":[{"count":1,"href":"https:\/\/bassdu.mine.bz\/index.php?rest_route=\/wp\/v2\/posts\/3822\/revisions"}],"predecessor-version":[{"id":3824,"href":"https:\/\/bassdu.mine.bz\/index.php?rest_route=\/wp\/v2\/posts\/3822\/revisions\/3824"}],"wp:attachment":[{"href":"https:\/\/bassdu.mine.bz\/index.php?rest_route=%2Fwp%2Fv2%2Fmedia&parent=3822"}],"wp:term":[{"taxonomy":"category","embeddable":true,"href":"https:\/\/bassdu.mine.bz\/index.php?rest_route=%2Fwp%2Fv2%2Fcategories&post=3822"},{"taxonomy":"post_tag","embeddable":true,"href":"https:\/\/bassdu.mine.bz\/index.php?rest_route=%2Fwp%2Fv2%2Ftags&post=3822"}],"curies":[{"name":"wp","href":"https:\/\/api.w.org\/{rel}","templated":true}]}}