{"id":3836,"date":"2015-08-30T18:37:16","date_gmt":"2015-08-30T17:37:16","guid":{"rendered":"http:\/\/bassdu.mine.nu\/?p=3836"},"modified":"2015-08-30T18:38:45","modified_gmt":"2015-08-30T17:38:45","slug":"un-pic-de-geografie-dar-si-geopolitica","status":"publish","type":"post","link":"https:\/\/bassdu.mine.bz\/?p=3836","title":{"rendered":"Un pic de GEOGRAFIE, dar \u015fi&#8230; GEOPOLITIC\u0102"},"content":{"rendered":"<p>&nbsp;<\/p>\n<p>Tr\u0103im \u00een plin\u0103 DEMOCRA\u0162IE, \u00een ciuda unor p\u0103reri contrare MAJORITARE!?<br \/>\nPulimea \u015fi pizdimea care reprezint\u0103 MAJORITATEA DEMOCRATIC\u0102 la nivel global (nu numai na\u0163ional cum gre\u015fit cred unii), decide soarta, inclusiv a oamenilor DE\u015eTEPTA\u0162I!?!?<br \/>\nUrm\u0103resc cu interes evolu\u0163ia EXODULUI \u00ceN MAS\u0102 DIN AFRICA \u015eI ORIENTUL APROPIAT \u015fi nu am g\u0103sit pe nimeni care s\u0103 se \u00eentrebe: DE CE VIN \u0102\u015eTIA PRIN UNGARIA???<br \/>\nDac\u0103 eu a\u015f fi un NA\u0162IONALIST \u015eOVIN, m-a\u015f bucura de R\u0102UL ALTORA, dar eu nu sunt a\u015fa, iar MI\u015eCAREA DACIA va avea aceast\u0103 orientare, ori o voi p\u0103r\u0103si, dup\u0103 a o fi fondat!?<br \/>\nCine cunoa\u015fte un pic de GEOGRAFIE, dar \u015fi GEOPOLITIC\u0102, poate observa c\u0103 \u201eDRUMUL CEL MAI SCURT \u015eI LESNICIOS C\u0102TRE NORDUL EUROPEI\u201d, unde declar\u0103 to\u0163i CLANDESTINII c\u0103 vor s\u0103 mearg\u0103, trece prin BOSNIA, CROA\u0162IA, SLOVENIA, AUSTRIA, GERMANIA, deoarece particularit\u0103\u0163ile de relief, vegeta\u0163ie, gr\u0103nicerat, religie \u201ede suport\u201d, distan\u0163e kilometrice, etc. sunt mult mai favorabile dec\u00e2t prin Ungaria!?!?!?<br \/>\nDe ce nu se \u00eentreab\u0103 nimeni DE CE???<br \/>\nV\u0103 spun eu: pentru c\u0103 UNGARIA e \u201eOAIA NEAGR\u0102\u201d \u00een acest moment, iar postarea de mai jos e proba!!!<br \/>\n\u00cen final, celor care se dau de ceasul mor\u0163ii, c\u0103 cei care condamn\u0103 exodul ar fi necre\u015ftini, dobitoci, xenofobi, inumani, etc., le spun c\u0103 AU DREPTATE&#8230; PAR\u0162IAL!<br \/>\nAsta, deoarece niciunul nu vorbe\u015fte \u00eenc\u0103 \u015fi nu DENUN\u0162\u0102, ceea ce este CAUZA, limit\u00e2ndu-se a evoca doar EFECTELE!?<br \/>\nAm citit INSULTELE unui JURNALIST, dar pe mine nu m\u0103 p\u0103c\u0103le\u015fte: dac\u0103 e JURNALIST \u015fi dac\u0103-i mai vedem moaca \u00een televiziuni, chiar spun\u00e2nd \u015fi chestii de bun sim\u0163 (c\u0103 trebuie s-o fac\u0103 pentru AUDIEN\u0162\u0102), se datoreaz\u0103 faptului c\u0103 e o SLUG\u0102 A SISTEMULUI!!!<br \/>\nSISTEMUL, dup\u0103 ce a ORGANIZAT \u201eREVOLU\u0162II\u201d, \u201ePRIM\u0102VERI\u201d, \u201eEXPORTURI DE DEMOCRA\u0162IE\u201d, \u201eCIVILIZ\u0102RI\u201d, \u201eCRE\u015eTIN\u0102RI\u201d, etc. (a se citi NEOCOLONIALISM), ne arunc\u0103 nou\u0103, SCLAVILOR s\u0103i, RESPONSABILITATEA AC\u0162IUNILOR SALE OCULTE!!!<br \/>\nRESPONSABILITATEA ACTUALEI SITUA\u0162II este a SISTEMULUI SCLAVAGIST NEOCOLONIALIST \u015fi trebuie ca acesta s\u0103 fie DEMOLAT!<br \/>\nOrice alt\u0103 cale, ne va duce la ACEEA\u015eI M\u0102RIE CU ALT\u0102 P\u0102L\u0102RIE!&#8230; iat\u0103 de ce MI\u015eCAREA DACIA nu are nimic de-a face cu NIMENI! Deoarece numai la noi SE G\u00c2NDE\u015eTE ASTFEL!!!<br \/>\nO NOU\u0102 LUME E POSIBIL\u0102!&#8230; dar dac\u0103 pulimea \u015fi pizdimea DOARME, va suporta consecin\u0163ele!?!?<br \/>\nVoi reveni cu o postare mai pe larg, pentru a explica CUI PRODEST &#8230;<\/p>\n<p><a href=\"http:\/\/www.cotidianul.ro\/inalt-oficial-ungar-sua-sunt-la-originea-problemei-imigrantilor-din-europa-261740\/\">http:\/\/www.cotidianul.ro\/inalt-oficial-ungar-sua-sunt-la-originea-problemei-imigrantilor-din-europa-261740\/<\/a><\/p>\n","protected":false},"excerpt":{"rendered":"<p>&nbsp; Tr\u0103im \u00een plin\u0103 DEMOCRA\u0162IE, \u00een ciuda unor p\u0103reri contrare MAJORITARE!? Pulimea \u015fi pizdimea care reprezint\u0103 MAJORITATEA DEMOCRATIC\u0102 la nivel global (nu numai na\u0163ional cum gre\u015fit cred unii), decide soarta, inclusiv a oamenilor DE\u015eTEPTA\u0162I!?!? Urm\u0103resc cu interes evolu\u0163ia EXODULUI \u00ceN MAS\u0102 DIN AFRICA \u015eI ORIENTUL APROPIAT \u015fi nu am g\u0103sit pe nimeni care s\u0103 se [&hellip;]<\/p>\n","protected":false},"author":2,"featured_media":0,"comment_status":"open","ping_status":"open","sticky":false,"template":"","format":"standard","meta":{"footnotes":""},"categories":[3],"tags":[1562,209,1563,1561,177,1502,1560,1478,457,729],"jetpack_featured_media_url":"","_links":{"self":[{"href":"https:\/\/bassdu.mine.bz\/index.php?rest_route=\/wp\/v2\/posts\/3836"}],"collection":[{"href":"https:\/\/bassdu.mine.bz\/index.php?rest_route=\/wp\/v2\/posts"}],"about":[{"href":"https:\/\/bassdu.mine.bz\/index.php?rest_route=\/wp\/v2\/types\/post"}],"author":[{"embeddable":true,"href":"https:\/\/bassdu.mine.bz\/index.php?rest_route=\/wp\/v2\/users\/2"}],"replies":[{"embeddable":true,"href":"https:\/\/bassdu.mine.bz\/index.php?rest_route=%2Fwp%2Fv2%2Fcomments&post=3836"}],"version-history":[{"count":2,"href":"https:\/\/bassdu.mine.bz\/index.php?rest_route=\/wp\/v2\/posts\/3836\/revisions"}],"predecessor-version":[{"id":3838,"href":"https:\/\/bassdu.mine.bz\/index.php?rest_route=\/wp\/v2\/posts\/3836\/revisions\/3838"}],"wp:attachment":[{"href":"https:\/\/bassdu.mine.bz\/index.php?rest_route=%2Fwp%2Fv2%2Fmedia&parent=3836"}],"wp:term":[{"taxonomy":"category","embeddable":true,"href":"https:\/\/bassdu.mine.bz\/index.php?rest_route=%2Fwp%2Fv2%2Fcategories&post=3836"},{"taxonomy":"post_tag","embeddable":true,"href":"https:\/\/bassdu.mine.bz\/index.php?rest_route=%2Fwp%2Fv2%2Ftags&post=3836"}],"curies":[{"name":"wp","href":"https:\/\/api.w.org\/{rel}","templated":true}]}}