{"id":3885,"date":"2016-05-05T22:05:32","date_gmt":"2016-05-05T21:05:32","guid":{"rendered":"http:\/\/bassdu.mine.nu\/?p=3885"},"modified":"2016-05-06T22:15:53","modified_gmt":"2016-05-06T21:15:53","slug":"3885","status":"publish","type":"post","link":"https:\/\/bassdu.mine.bz\/?p=3885","title":{"rendered":"DACISMUL&#8230; MI\u015eC\u0102RII DACIA"},"content":{"rendered":"<p>&nbsp;<\/p>\n<p>Cei mai mul\u0163i aderen\u0163i la MI\u015eCAREA DACIA tr\u0103iesc cu impresia c\u0103 noi am face parte din categoria DACI\u015eTILOR, DACOMANILOR, DACOPA\u0162ILOR, DACOLOGILOR, etc., ceea ce este gre\u015fit!<br \/>\nNoi ne numim MI\u015eCAREA DACIA, ci nu MI\u015eCAREA DACILOR!<br \/>\nVoci autorizate, ne repro\u015feaz\u0103 chiar c\u0103 ar trebui s\u0103 ne raport\u0103m la GE\u0162I, ci nu la DACI \u015fi au dreptate \u00een felul lor, de\u015fi, repet, nu POPULA\u0162IA reprezint\u0103 INTERESUL nostru, ci SPIRITUL&#8230; TERITORIUL&#8230; STATUL!!!<br \/>\nIat\u0103 pe scurt, c\u00e2teva motive pentru care ne numim MI\u015eCAREA DACIA \u015fi c\u00e2teva considera\u0163ii despre DACISM:<\/p>\n<p>1. DACIA, este numele statului INDEPENDENT \u015fi SUVERAN, sl\u0103bit, cucerit \u015fi destr\u0103mat de c\u0103tre IMPERIUL ROMAN, acum aproape 2000 de ani.<br \/>\nA fost ultima form\u0103 statal\u0103 ce a avut acest STATUT, iar noi \u201et\u00e2njim\u201d s\u0103 REDEVENIM astfel, dup\u0103 2000 de ani de SCLAVIE!<br \/>\nMI\u015eCAREA DACIA proiecteaz\u0103 un STAT PUTERNIC, INDEPENDENT \u015eI SUVERAN \u00een arealul carpato-dun\u0103reano-pontic, \u00een care s\u0103 se afirme O NOU\u0102 PARADIGM\u0102 SOCIO-ECONOMIC\u0102, a\u015fa cum nimeni nu a mai proiectat pe la noi, dar care are PUNCTE DE REFERIN\u0162\u0102 IMPORTANTE la al\u0163ii \u201emai de\u015ftep\u0163i ca noi\u201d, ce pot fi identifica\u0163i din materialele noastre de SUS\u0162INERE IDEOLOGIC\u0102.<br \/>\nAceast\u0103 NOU\u0102 PARADIGM\u0102 SOCIO-ECONOMIC\u0102 nu va p\u0103stra NIMIC din actuala, ba chiar va avea diverse \u201eelemente\u201d din TRECUTUL nostru, a\u015fa cum oricine va putea constata din PRINCIPIILE \u015fi OBIECTIVELE MI\u015eC\u0102RII DACIA!?<br \/>\nIat\u0103 o prim\u0103 justificare a numelui mi\u015fc\u0103rii!<\/p>\n<p>2. MI\u015eCAREA DACIA respinge categoric IUDEO-CRE\u015eTINISMUL \u015fi \u00een mod special, teoria potrivit c\u0103reia DACII AR FI FOST CRE\u015eTINI, \u00ceNAINTE DE CRISTOS, cum afirm\u0103 diver\u015fi IGNORAN\u0162I \u201eDACI CRE\u015eTINI\u201d!?<br \/>\nDOVEZI ale faptului c\u0103 ne tragem dintr-o popula\u0163ie ce avea un CULT SOLAR, GNOSTIC, sunt, \u015fi nu o s\u0103 stau aici s\u0103 rememorez! Deci, mai degrab\u0103 invit\u0103m pe toat\u0103 lumea, inclusiv PRELA\u0162II BISERICII ORTODOXE ROM\u00c2NE, s\u0103 redescopere ZAMOLXIANISMUL, str\u00e2ns integrat cu MITRAISMUL \u015fi alte CULTURI SOLARE \u015fi GNOSTICE!<br \/>\nF\u0103r\u0103 \u00eendoial\u0103 c\u0103 TRADI\u0162IILE POPULARE sunt in majoritate precrestine. Asadar sarbatoarea crestina a fost cea care s-a suprapus peste traditiile populare, si nu invers. C\u0103 ne\/le place sau nu, ele fac parte din bagajul identitar al poporului roman.<br \/>\nIUDEO-CRE\u015eTINISMUL este o \u201ef\u0103c\u0103tur\u0103\u201d a unuia pe nume PAUL, fost GNOSTIC, ce a creat o nou\u0103 RELIGIE cu scopul de a demola puterea IMPERIULUI ROMAN, ceea ce i-a \u015fi reu\u015fit!<br \/>\nIUDEO-CRE\u015eTINISMUL este un \u201eamestec mecanic\u201d al IUDAISMULUI cu MITRAISMUL, acesta din urm\u0103 fiind COPIAT \u00ceN FORM\u0102, DAR ANIHILAT \u00ceN FOND!&#8230; a r\u0103mas o RELIGIE ABRAHAMIC\u0102, MATERIALIST\u0102, suport al unei PARADIGME MASTER-SLAVE, la fel ca IUDAISMUL \u015fi ISLAMUL de mai t\u00e2rziu. Toate trei RELIGII MAJORE au deci un FOND SEMITIC., ABRAHAM fiind prezent \u00een toate trei, cu celebrul \u015fi de ne\u00een\u0163eles (pentru oamenii normali) \u00eendemn de a-\u015fi demonstra CREDIN\u0162A c\u0103tre \u201eDUMNEZEUL DIN AFARA INFINITULUI\u201d, prin uciderea propriului fiu!?!? Nemernicul de SATANA, ar fi \u00eencercat s\u0103 salveze progenitura, dar a fost \u201egonit cu pietre\u201d de trei ori!?<br \/>\nSe impune o medita\u0163ie serioas\u0103 asupra \u00eentreb\u0103rii:<br \/>\nCINE a fost BUN \u015fi cine a fost R\u0102U?<br \/>\nVoi \u00een locul lui ABRAHAM, ce a\u0163i fi f\u0103cut???<br \/>\n\u00cen func\u0163ie de r\u0103spuns, pretind c\u0103 pot afirma cu certitudine cine e IDIOT \u015fi cine NU!<br \/>\nApoi, medita\u0163i \u015fi asupra P\u0102CATULUI PRIMORDIAL \u015fi decide\u0163i dac\u0103 CUNOA\u015eTEREA BINELUI \u015eI R\u0102ULUI este cu adev\u0103rat un P\u0102CAT!? Acum, mai \u0163ine\u0163i cont c\u0103 \u015eARPELE reprezenta altceva \u00een tradi\u0163ia P\u0102G\u00c2N\u0102, dec\u00e2t \u00een cele trei RELIGII ABRAHAMICE!<br \/>\nDesigur c\u0103 pentru cei care cred c\u0103 trebuie S\u0102 CREZI \u015eI S\u0102 NU CERCETEZI, r\u0103spunsurile sunt scontate!?<br \/>\nNu avem nimic cu SEMI\u0162II, care pot face ce vor \u201eacas\u0103 la ei\u201d, dar noi afirm\u0103m cu t\u0103rie c\u0103 avem o SPIRITUALITATE EUROPEAN\u0102, SOLAR\u0102, GNOSTIC\u0102 \u015fi ne rezerv\u0103m DREPTUL de a ne-o redob\u00e2ndi!!!<br \/>\nIat\u0103 o a doua justificare!<\/p>\n<p>3. INTERESUL nostru pentru DACISM, nu este alimentat de dorin\u0163a de a demonstra c\u0103 suntem mai breji ca al\u0163ii, ci de preocuparea noastr\u0103 de a DEMITIZA tot ceea ce SISTEMUL ne bag\u0103 pe g\u00e2t de 2000 de ani!&#8230; \u00een acest caz, ISTORIA \u015fi LINGVISTICA.<br \/>\nEste evident c\u0103 ISTORIA ESTE SCRIS\u0102 DE \u00ceNVING\u0102TORI, iar noi suntem cu regularitate \u00ceNVIN\u015eI de 2000 de ani, \u00eencep\u00e2nd tocmai cu cucerirea de c\u0103tre IMPERIUL ROMAN.<br \/>\nSP\u0102LAREA CREIERELOR s-a concretizat \u00een ASCUNDEREA ADEV\u0102RULUI ISTORIC \u015fi \u00eenlocuirea sa cu MINCIUNA GOGONAT\u0102! \u00cen acela\u015fi context se afl\u0103 \u015fi LINGVISTICA.<br \/>\nAstfel, ni s-a b\u0103gat \u00een cap c\u0103 am fi mai pro\u015fti ca al\u0163ii, c\u0103 am fi venetici \u00een propriul areal, c\u0103 nu am avea o limb\u0103 cu r\u0103d\u0103cini multimilenare, c\u0103 am fi predestina\u0163i s\u0103 fim SCLAVII altora, etc.<br \/>\nSingura acuza\u0163ie pe care ne-o \u00eensu\u015fim \u015fi cu care chiar ne m\u00e2ndrim, este c\u0103 am fost \u015fi suntem considera\u0163i descenden\u0163i din&#8230; P\u0102G\u00c2NI!<br \/>\nMI\u015eCAREA DACIA nu concepe s\u0103 acorde poporului nostru supercalit\u0103\u0163i, dar nici \u201eprostul satului\u201d nu accept\u0103 s\u0103 fim considera\u0163i!? Asta se cheam\u0103 DEMNITATE NA\u0162IONAL\u0102!<\/p>\n<p>4. Unul din PRINCIPIILE MI\u015eC\u0102RII DACIA este RE\u00ceNTREGIREA \u0162\u0102RII \u00ceN VECHILE HOTARE, care nu ar \u00eensemna mai mult, dec\u00e2t RE-UNIREA celor dou\u0103 state rom\u00e2ne\u015fti.<br \/>\nCe nume este mai potrivit dec\u00e2t DACIA???<br \/>\nROM\u00c2NIA MARE este o \u0163ar\u0103 pe care nu mai vrem s-o avem!<br \/>\nNu mai vrem MONARHIE ALOGEN\u0102, INEGALITATE SOCIAL\u0102, PRIVILEGII MO\u015eTENITE, PARTIDISM, CAPITALISM, GLOBALIZARE, LIPSA SUVERANIT\u0102\u0162II NA\u0162IONALE, \u00ceNSTR\u0102INAREA RESURSELOR UMANE \u015eI MATERIALE, DEPENDEN\u0162A DE MONEDE ETALON \u015eI DE SISTEME FINANCIAR-BANCARE STR\u0102INE, INEGALITATE \u00ceN EDUCA\u0162IE \u015eI S\u0102N\u0102TATE, samd!!!<br \/>\nVrem o \u0162AR\u0102 NOU\u0102, \u00eentr-O NOU\u0102 LUME, bazat\u0103 pe O NOU\u0102 PARADIGM\u0102 SOCIO-ECONOMIC\u0102!!!<br \/>\nVrem DACIA!!!<\/p>\n<p>5. MI\u015eCAREA DACIA afirm\u0103 r\u0103spicat c\u0103 nu are nimic \u00een comun cu urm\u0103torele categorii:<br \/>\n&#8211; dacopa\u0163ii ignoran\u0163i, care deseori au dificult\u0103\u0163i \u00een a scrie rom\u00e2ne\u015fte, deoarece LECTURILE lor sunt egale cu zero.<br \/>\n&#8211; \u201edacii cre\u015ftini\u201d, care ignor\u0103 ISTORIA RELIGIILOR.<br \/>\n&#8211; dacomanii care \u201etr\u0103iesc pe seama geto-dacilor\u201d ne\u015ftiind s\u0103 fac\u0103 altceva, aliment\u00e2nd foamea de senza\u0163ional a APLAU-DACILOR, v\u00e2nz\u00e2ndu-le tricouri, \u015fi alte \u201em\u0103rfuri\u201d. Vom continua s\u0103 apreciem ADEV\u0102RATELE INFORMA\u0162II, dar vom combate ce este ABSURD!<br \/>\n\u201eAfar\u0103 cu mercan\u0163ii din Templu!\u201d<br \/>\n&#8211; dacopa\u0163ii ce se consider\u0103 100% daci, de ras\u0103 superioar\u0103 altor popoare \u015fi care mai vorbesc \u00eenc\u0103 limba dac\u0103!?<br \/>\n&#8211; trasei\u015ftii politici de tot felul, care au g\u0103sit \u00een DACISM \u201eo vac\u0103 de muls\u201d.<br \/>\n&#8211; diver\u015fii \u201eguru\u201d ce v\u00e2nd ILUZII \u015fi SPIRITUALITATE DE DOI BANI.<br \/>\nToate aceste specimene fac mai mult r\u0103u, dec\u00e2t bine, DACISMULUI!!!<\/p>\n<p><a href=\"http:\/\/bassdu.mine.nu\/images\/2014\/06\/foto2.jpg\" rel=\"attachment wp-att-3626\"><img loading=\"lazy\" decoding=\"async\" class=\"aligncenter wp-image-3626\" src=\"http:\/\/bassdu.mine.nu\/images\/2014\/06\/foto2.jpg\" alt=\"foto2\" width=\"320\" height=\"427\" srcset=\"https:\/\/bassdu.mine.bz\/images\/2014\/06\/foto2.jpg 1500w, https:\/\/bassdu.mine.bz\/images\/2014\/06\/foto2-225x300.jpg 225w, https:\/\/bassdu.mine.bz\/images\/2014\/06\/foto2-768x1024.jpg 768w, https:\/\/bassdu.mine.bz\/images\/2014\/06\/foto2-900x1200.jpg 900w\" sizes=\"(max-width: 320px) 100vw, 320px\" \/><\/a><\/p>\n<p>MI\u015eCAREA DACIA trece \u00eentr-o nou\u0103 etap\u0103 de EVOLU\u0162IE \u015fi cur\u00e2nd vom prezenta FORMA FINAL\u0102 a PRINCIPIILOR, \u00eentr-un MANIFEST ce va fi publicat.<br \/>\n\u00cen acest context, e necesar s\u0103 explic\u0103m DENUMIREA MI\u015eC\u0102RII \u015fi s\u0103 dezambiguiz\u0103m SCOPULUI acesteia.<\/p>\n","protected":false},"excerpt":{"rendered":"<p>&nbsp; Cei mai mul\u0163i aderen\u0163i la MI\u015eCAREA DACIA tr\u0103iesc cu impresia c\u0103 noi am face parte din categoria DACI\u015eTILOR, DACOMANILOR, DACOPA\u0162ILOR, DACOLOGILOR, etc., ceea ce este gre\u015fit! Noi ne numim MI\u015eCAREA DACIA, ci nu MI\u015eCAREA DACILOR! Voci autorizate, ne repro\u015feaz\u0103 chiar c\u0103 ar trebui s\u0103 ne raport\u0103m la GE\u0162I, ci nu la DACI \u015fi au [&hellip;]<\/p>\n","protected":false},"author":2,"featured_media":0,"comment_status":"open","ping_status":"open","sticky":false,"template":"","format":"standard","meta":{"footnotes":""},"categories":[3],"tags":[487,210,295],"jetpack_featured_media_url":"","_links":{"self":[{"href":"https:\/\/bassdu.mine.bz\/index.php?rest_route=\/wp\/v2\/posts\/3885"}],"collection":[{"href":"https:\/\/bassdu.mine.bz\/index.php?rest_route=\/wp\/v2\/posts"}],"about":[{"href":"https:\/\/bassdu.mine.bz\/index.php?rest_route=\/wp\/v2\/types\/post"}],"author":[{"embeddable":true,"href":"https:\/\/bassdu.mine.bz\/index.php?rest_route=\/wp\/v2\/users\/2"}],"replies":[{"embeddable":true,"href":"https:\/\/bassdu.mine.bz\/index.php?rest_route=%2Fwp%2Fv2%2Fcomments&post=3885"}],"version-history":[{"count":5,"href":"https:\/\/bassdu.mine.bz\/index.php?rest_route=\/wp\/v2\/posts\/3885\/revisions"}],"predecessor-version":[{"id":3890,"href":"https:\/\/bassdu.mine.bz\/index.php?rest_route=\/wp\/v2\/posts\/3885\/revisions\/3890"}],"wp:attachment":[{"href":"https:\/\/bassdu.mine.bz\/index.php?rest_route=%2Fwp%2Fv2%2Fmedia&parent=3885"}],"wp:term":[{"taxonomy":"category","embeddable":true,"href":"https:\/\/bassdu.mine.bz\/index.php?rest_route=%2Fwp%2Fv2%2Fcategories&post=3885"},{"taxonomy":"post_tag","embeddable":true,"href":"https:\/\/bassdu.mine.bz\/index.php?rest_route=%2Fwp%2Fv2%2Ftags&post=3885"}],"curies":[{"name":"wp","href":"https:\/\/api.w.org\/{rel}","templated":true}]}}