{"id":3908,"date":"2016-06-26T11:35:47","date_gmt":"2016-06-26T10:35:47","guid":{"rendered":"http:\/\/bassdu.mine.nu\/?p=3908"},"modified":"2016-06-26T18:19:30","modified_gmt":"2016-06-26T17:19:30","slug":"sunteti-siguri-ca-pricepeti-ce-inseamna-brexit","status":"publish","type":"post","link":"https:\/\/bassdu.mine.bz\/?p=3908","title":{"rendered":"Sunte\u0163i siguri c\u0103 pricepe\u0163i ce \u00eenseamn\u0103 BREXIT???"},"content":{"rendered":"<p><a href=\"http:\/\/bassdu.mine.nu\/images\/2016\/06\/images.jpeg\" rel=\"attachment wp-att-3909\"><img loading=\"lazy\" decoding=\"async\" class=\"aligncenter size-full wp-image-3909\" src=\"http:\/\/bassdu.mine.nu\/images\/2016\/06\/images.jpeg\" alt=\"images\" width=\"297\" height=\"170\" \/><\/a><\/p>\n<p>\u00cen primul r\u0103nd \u0163in s\u0103 precizez c\u0103 nimeni la ora actual\u0103 nu poate s\u0103 prevad\u0103 toate consecin\u0163ele BREXIT, ci doar s\u0103 remarce izolate \u201eefecte colaterale\u201d, deoarece \u201etermenii divor\u0163ului\u201d nu au fost stabili\u0163i \u00eenc\u0103 de cele dou\u0103 p\u0103r\u0163i.<br \/>\n<strong>PREMIS\u0102<\/strong><br \/>\nMul\u0163i \u201eanali\u015fti de carton\u201d uit\u0103 c\u0103 Londra este \u015fi va r\u0103m\u00e2ne CAPITALA FINANCIAR\u0102 a Lumii, at\u00e2ta timp c\u00e2t nu se va schimba actuala PARADIGM\u0102 SOCIO-ECONOMIC\u0102 ce are la baz\u0103 GLOBALIZAREA, tot a\u015fa cum Vaticanul e CAPITALA ABRAHAMISMULUI (unii citesc SPIRITUAL\u0102 limit\u00e2nd sensul termenului), iar Washingtonul cea MILITAR\u0102.<br \/>\nCine crede c\u0103 DAVID Cameron e un descreierat, s\u0103 reciteasc\u0103 prenumele s\u0103u&#8230; s\u0103-i parcurg\u0103 CV&#8230; \u00een final, s\u0103 se obi\u015fnuiasc\u0103 \u201ea citi printre r\u00e2nduri\u201d \u015fi s\u0103 priceap\u0103 c\u0103 \u201enimic nu e \u00eent\u00e2mpl\u0103tor\u201d.<br \/>\nEsen\u0163ialul ce trebuie re\u0163inut, este c\u0103 SUA face ce vrea \u00een GB, care-i este \u201ecal troian\u201d \u00een Europa!!!<br \/>\nNu am preten\u0163ia s\u0103 dezleg eu ENIGMA efectelor colaterale pe termen lung, ci doar s\u0103 eviden\u0163iez paradoxul c\u00e2torva OPINII:<\/p>\n<p><strong>1. \u201eGB va intra \u00een Criz\u0103 Neagr\u0103, deoarece Lira se pr\u0103bu\u015fe\u015fte\u201d &#8211; FALS<\/strong><br \/>\nDac\u0103 Lira se depreciaz\u0103, EXPORTURILE vor cre\u015fte, cu toate consecin\u0163ele de rigoare: pre\u0163urile de produc\u0163ie \u00een Euro \u015fi Dolari vor scade \u015fi vor putea compensa chiar \u015fi pu\u0163in probabila taxare suplimentar\u0103 a UE. \u00cen plus, exporturile \u00een restul lumii ar avea un stimulent excep\u0163ional. Se poate spune c\u0103 GB va putea redeveni o for\u0163\u0103 productiv\u0103, nu numai financiar\u0103.<\/p>\n<p><strong>2. \u201eB\u0102NCILE \u015fi INVESTITORII vor p\u0103r\u0103si GB\u201d &#8211; FALS<\/strong><br \/>\nDatorit\u0103 punctului anterior, GB va deveni \u015fi mai apetisant\u0103 acestora, deoarece PROFITURILE vor cre\u015fte, iar unde sunt acestea, sunt \u015fi BANII. E posibil ca anumite b\u0103nci s-o fac\u0103, dar din alte interese dec\u00e2t cele financiare, cu grave consecin\u0163e pe termen lung. Chiar admi\u0163\u00e2nd c\u0103 b\u0103ncile vor p\u0103r\u0103si GB, locul lor va fi ocupat de China \u015fi Rusia, iar asta numai \u00een interesul UE nu este!?<br \/>\nAm citit opiniile diver\u015filor \u201eanali\u015fti de carton\u201d autohtoni, care sper\u0103 \u00een migra\u0163ia capitalurilor c\u0103tre Rom\u00e2nia!? Sunt du\u015fi cu sorcova!!!<\/p>\n<p><strong>3. \u201eBUN\u0102STAREA POPULA\u0162IEI va suferi o depreciere\u201d &#8211; FALS<\/strong><br \/>\nNumai emigran\u0163ii europeni (\u015fi nu numai) vor suferi, deoarece le va dispare actualul Statut Social \u015fi vor trebui s\u0103 se mul\u0163umeasc\u0103 cu mai pu\u0163in, sau s\u0103 p\u0103r\u0103seasc\u0103 GB \u00een momentul pierderii locului de munc\u0103. Azi, milioane de emigran\u0163i beneficiaz\u0103 de ajutoarele sociale impuse de Reglement\u0103rile UE.<br \/>\n\u00cen acest moment sunt mari comunit\u0103\u0163i de polonezi, italieni, rom\u00e2ni, bulgari, \u015famd. care vor suferi consecin\u0163ele.<\/p>\n<p><strong>4. \u201eB\u0102TR\u00c2NII au votat pentru Brexit, \u00een vreme ce TINERII, nu!? &#8211; EI \u015eI???<\/strong><br \/>\nLipsa de COEREN\u0162\u0102 a opinioni\u015ftilor ne ofer\u0103 un specimen: p\u00e2n\u0103 mai ieri-alalt\u0103ieri, to\u0163i publicau poze cu \u201etineretul depravat\u201d din GB, iar azi \u00eei pup\u0103-n dos!? Nu e oare adev\u0103rat c\u0103 b\u0103tr\u00e2nii de azi sunt cei care ascultau \u201eImagine all the people\u201d, militau \u00eempotriva R\u0103zboiului, f\u0103ceau \u201erevolu\u0163ia din 1968\u201d, cucereau drepturi sociale dup\u0103 R\u0103zboi, ba chiar le-au f\u0103cut \u015fi \u201erevolu\u0163ii \u00een Est\u201d acum aproape 30 de ani, c\u00e2nd mul\u0163i nu erau nici \u00een proiect de a fi!? Este adev\u0103rat c\u0103 mul\u0163i b\u0103tr\u00e2ni sunt confuzi, ne\u00een\u0163eleg\u00e2nd pe ce lume sunt, dar tinerii sunt mai abitir!!!<br \/>\nCe avem azi? Un TINERET care ascult\u0103 manele, \u201etutch-tutch electronic\u201d, sunt to\u0163i absolve\u0163i de facult\u0103\u0163i, dar analfabe\u0163i \u00een mare parte, stau pe spinarea b\u0103tr\u00e2nilor, c\u0103 a\u015fa vrea mu\u015fchiul UE: s\u0103 munceasc\u0103 b\u0103tr\u00e2nii p\u00e2n\u0103 mor!? \u00cen mod paradoxal, tineretului \u00eei place \u00een UE, chiar dac\u0103 aceasta le rezerv\u0103 o pensie de mizerie de-abia dup\u0103 72 de ani de via\u0163\u0103!?!?&#8230; chiar dac\u0103 \u00cenv\u0103\u0163\u0103m\u00e2ntul e azi de Rahat!?&#8230; chiar dac\u0103 S\u0103n\u0103tatea e azi la p\u00e2m\u0103nt!?&#8230; chiar dac\u0103 devin mai SCLAVI dec\u00e2t erau p\u0103rin\u0163ii lor!? Ace\u015ftia nu sesizeaz\u0103 PERICOLUL ISLAMIZ\u0102RII EUROPEI alimentat de o Uniune European\u0103 PSIHOPATIC\u0102, ba chiar se manifest\u0103 ca for\u0163\u0103 motrice a MULTICULTURALISMULUI!? Poate GB a priceput c\u0103 trebuie pus\u0103 o FR\u00c2N\u0102 \u00een acest proces!?<br \/>\nC\u00e2\u0163i dintre tinerii no\u015ftri realizeaz\u0103 c\u0103 unor cet\u0103\u0163eni comunitari li se restr\u00e2nge dreptul la LIBERA CIRCULA\u0162IE (SCHENGEN), \u00een vreme ce IMIGRAN\u0162II ISLAMICI se plimb\u0103 liber prin Europa, f\u0103r\u0103 s\u0103-i cunoasc\u0103 LEGILE \u015fi afirm\u00e2nd r\u0103spicat c\u0103 ne vor impune ISLAMUL???<br \/>\nGB are mari responsabilit\u0103\u0163i istorice fa\u0163\u0103 de diverse popoare, asemenea altor foste puteri coloniale, dar numai O NOU\u0102 PARADIGM\u0102 SOCIO-ECONOMIC\u0102 va rezolva aceast\u0103 problem\u0103, deoarece altfel, BREXIT nu este altceva dec\u00e2t o \u00eencercare ineficient\u0103 de rezolvare a CRIZEI EXISTEN\u0162IALE a \u00eentregii Lumi!? EMIGRAN\u0162II trebuiesc ajuta\u0163i ACAS\u0102 LA EI \u015fi eliminate R\u0102ZBOAIELE care justific\u0103 prezen\u0163a lor aici! ROM\u00c2NIA nu are astfel de obliga\u0163ii, dar i se impune \u201esolidaritate\u201d, \u00een vreme ce nu beneficiaz\u0103 de a\u015fa ceva!?!?<br \/>\nTo\u0163i tinerii \u0103\u015ftia tun\u0103 \u015fi fulger\u0103 \u00eempotriva NA\u0162IONALISMULUI, pentru c\u0103 ei sunt GLOBALIZATORI!?<br \/>\nEi nu pricep c\u0103 fostele imperii coloniale judec\u0103 conform zicalei \u201es\u0103 moar\u0103 \u015fi capra vecinului!\u201d, iar dac\u0103 ei s-au procopsit cu \u201eefectele colaterale\u201d, trebuie s-o facem \u015fi noi, c\u0103 altfel suntem RASI\u015eTI, NA\u0162IONALI\u015eTI, XENOFOBI!<br \/>\nNu, dragii mo\u015fului! Eu vin cu alt\u0103 zic\u0103toare: \u201eCAPUL FACE, CAPUL TRAGE!\u201d<br \/>\nNA\u0162IONALISMUL \u00een viziunea MI\u015eC\u0102RII DACIA nu \u00eenseamn\u0103 s\u0103 sclavizezi alte popoare, ci s\u0103 aib\u0103 fiecare parte de OPORTUNIT\u0102\u0162I EGALE, inclusiv \u00een men\u0163inerea propriei IDENTIT\u0102\u0162I NA\u0162IONALE, deoarece LEGILE NATURII spun c\u0103 brazii nu cresc la Ecuator, iar palmierii nu cresc la poli! P\u0102M\u00c2NTUL este un ORGANISM, dar are ORGANE!!!<br \/>\nTINERII ar trebuie s\u0103 con\u015ftientizeze c\u0103 INTEGRAREA ROM\u00c2NIEI \u00ceN UE trebuie s\u0103 \u00eenceap\u0103 cu SALARII EGALE, iar dac\u0103 asta nu e posibil, atunci mai bine lips\u0103!?&#8230; ne vom agrega noi \u201es\u0103racii\u201d \u00eentre noi, a\u015fa cum s-a mai f\u0103cut cu bune rezultate \u015fi cum prevede MI\u015eCAREA DACIA c\u00e2nd pune la PRINCIPII: O NOU\u0102 POLITIC\u0102 REGIONAL\u0102.<br \/>\nUNIUNEA EUROPEAN\u0102 a devenit \u201eAL PATRULEA REICH\u201d, un imperiu nemilos cu S\u0102RACII \u015fi foarte binevoitor cu B\u0102NCILE!?<br \/>\nMI\u015eCAREA DACIA proiecteaz\u0103 O NOU\u0102 LUME pentru tineri, dar ei dorm \u00een bocanci!?&#8230; suntem noi B\u0102TR\u00c2NII care ne ostoim!? Unii se mul\u0163umesc cu firimiturile SISTEMULUI, lucr\u00e2nd supu\u015fi la CORPORA\u0162II, iar \u201emajoritatea democratic\u0103\u201d e total IGNORANT\u0102.<br \/>\nMI\u015eCAREA DACIA militeaz\u0103 pentru o REFORMARE grabnic\u0103 a UE, alternativa fiind ROEXIT!<\/p>\n<p><a href=\"http:\/\/bassdu.mine.nu\/images\/2016\/06\/index.jpeg\" rel=\"attachment wp-att-3910\"><img loading=\"lazy\" decoding=\"async\" class=\"aligncenter size-full wp-image-3910\" src=\"http:\/\/bassdu.mine.nu\/images\/2016\/06\/index.jpeg\" alt=\"index\" width=\"284\" height=\"177\" \/><\/a><\/p>\n<p><strong>5. DEMOCRA\u0162IA care nu mai place!?<\/strong><br \/>\nMajoritatea contestatorilor BREXIT sunt \u00een acela\u015fi timp \u015fi sus\u0163in\u0103tori ai DEMOCRA\u0162IEI!?!?<br \/>\nUn pic de COEREN\u0162\u0102 doamnelor \u015fi domnilor!<br \/>\nNumai MI\u015eCAREA DACIA militeaz\u0103 \u00ceMPOTRIVA DEMOCRA\u0162IEI \u015fi e considerat\u0103 UTOPIST\u0102!?<br \/>\n\u201eD\u0102\u015eTEP\u0162II\u201d ne-utopi\u015fti ar trebui s\u0103 vad\u0103 dincolo de lungul nasului \u015fi s\u0103-\u015fi imagineze aplicarea \u015eARIEI \u00een \u201eoccidentul civilizat\u201d!?!?<br \/>\nIat\u0103 unica motiva\u0163ie pentru care MI\u015eCAREA DACIA este \u00eempotriva BREXIT!&#8230; pentru c\u0103 e pe baz\u0103 de DEMOCRA\u0162IE!<br \/>\nDar motivul pentru care este favorabil\u0103, este la fel de puternic: a demonstrat sl\u0103biciunea unui SISTEM, care se va pr\u0103bu\u015fi sub lovitura propriilor PRINCIPII!?<br \/>\nAt\u00e2ta timp c\u00e2t \u201emajoritatea democratic\u0103\u201d are voce \u00een capitolul GUVERNARE, chiar \u015fi lipsit\u0103 \u00een fond, omenirea va fi sluga lui MYTOS\/SENTIMENTE, c\u00e2nd LOGOS\/RA\u0162IUNEA i-ar deschide calea spre (R)EVOLU\u0162IE!<br \/>\nMERITOCRA\u0162IA este alternativa!&#8230; RA\u0162IUNEA este CALEA!<br \/>\nO ELIT\u0102 ALTRUIST\u0102 trebuie s\u0103 ia locul actualei ELITE INDIVIDUALISTE \u015fi cu c\u00e2t \u00eent\u00e2rzierea va fi mai mare, cu at\u00e2t mai VIOLENT\u0102 va fi trecerea!!!<\/p>\n<p><strong>6. Contrarii BREXIT<\/strong><br \/>\nMEDIA ni-i arat\u0103 pe cei contrari BREXIT: clerul abrahamic, bancherii, birocra\u0163ii UE, tinerii sp\u0103la\u0163i pe creiere cu Erasmus, \u201epartidele istorice\u201d, ignoran\u0163ii, \u015famd.<br \/>\nEi bine, MI\u015eCAREA DACIA este \u00een \u201ecealalt\u0103 barc\u0103\u201d, un motiv \u00een plus s\u0103 ne plac\u0103 BREXIT!<br \/>\n\u201e\u00cent\u0103r\u00e2t\u0103-i drace, c\u0103 nou\u0103 ne place!\u201d<br \/>\nNoi nu avem ce s\u0103 mai pierdem, a\u015fa c\u0103 S\u0102 IMPLODEZE TOT, c\u0103 numai astfel vom putea construi O NOU\u0102 LUME!?<\/p>\n","protected":false},"excerpt":{"rendered":"<p>\u00cen primul r\u0103nd \u0163in s\u0103 precizez c\u0103 nimeni la ora actual\u0103 nu poate s\u0103 prevad\u0103 toate consecin\u0163ele BREXIT, ci doar s\u0103 remarce izolate \u201eefecte colaterale\u201d, deoarece \u201etermenii divor\u0163ului\u201d nu au fost stabili\u0163i \u00eenc\u0103 de cele dou\u0103 p\u0103r\u0163i. PREMIS\u0102 Mul\u0163i \u201eanali\u015fti de carton\u201d uit\u0103 c\u0103 Londra este \u015fi va r\u0103m\u00e2ne CAPITALA FINANCIAR\u0102 a Lumii, at\u00e2ta timp [&hellip;]<\/p>\n","protected":false},"author":2,"featured_media":0,"comment_status":"open","ping_status":"open","sticky":false,"template":"","format":"standard","meta":{"footnotes":""},"categories":[3],"tags":[1592,210,295,52],"jetpack_featured_media_url":"","_links":{"self":[{"href":"https:\/\/bassdu.mine.bz\/index.php?rest_route=\/wp\/v2\/posts\/3908"}],"collection":[{"href":"https:\/\/bassdu.mine.bz\/index.php?rest_route=\/wp\/v2\/posts"}],"about":[{"href":"https:\/\/bassdu.mine.bz\/index.php?rest_route=\/wp\/v2\/types\/post"}],"author":[{"embeddable":true,"href":"https:\/\/bassdu.mine.bz\/index.php?rest_route=\/wp\/v2\/users\/2"}],"replies":[{"embeddable":true,"href":"https:\/\/bassdu.mine.bz\/index.php?rest_route=%2Fwp%2Fv2%2Fcomments&post=3908"}],"version-history":[{"count":6,"href":"https:\/\/bassdu.mine.bz\/index.php?rest_route=\/wp\/v2\/posts\/3908\/revisions"}],"predecessor-version":[{"id":3916,"href":"https:\/\/bassdu.mine.bz\/index.php?rest_route=\/wp\/v2\/posts\/3908\/revisions\/3916"}],"wp:attachment":[{"href":"https:\/\/bassdu.mine.bz\/index.php?rest_route=%2Fwp%2Fv2%2Fmedia&parent=3908"}],"wp:term":[{"taxonomy":"category","embeddable":true,"href":"https:\/\/bassdu.mine.bz\/index.php?rest_route=%2Fwp%2Fv2%2Fcategories&post=3908"},{"taxonomy":"post_tag","embeddable":true,"href":"https:\/\/bassdu.mine.bz\/index.php?rest_route=%2Fwp%2Fv2%2Ftags&post=3908"}],"curies":[{"name":"wp","href":"https:\/\/api.w.org\/{rel}","templated":true}]}}