{"id":3938,"date":"2016-10-13T21:30:05","date_gmt":"2016-10-13T20:30:05","guid":{"rendered":"http:\/\/bassdu.mine.nu\/?p=3938"},"modified":"2017-10-23T14:13:10","modified_gmt":"2017-10-23T13:13:10","slug":"luceafarul-mesaj-gnostic","status":"publish","type":"post","link":"https:\/\/bassdu.mine.bz\/?p=3938","title":{"rendered":"LUCEAF\u0102RUL &#8211; parabol\u0103 gnostic\u0103?"},"content":{"rendered":"<p><a href=\"http:\/\/bassdu.mine.bz\/images\/2016\/10\/Sabin_Balasa_Luceafarul_Eminescu.jpg\"><img loading=\"lazy\" decoding=\"async\" class=\"aligncenter size-full wp-image-4173\" src=\"http:\/\/bassdu.mine.bz\/images\/2016\/10\/Sabin_Balasa_Luceafarul_Eminescu.jpg\" alt=\"\" width=\"314\" height=\"450\" srcset=\"https:\/\/bassdu.mine.bz\/images\/2016\/10\/Sabin_Balasa_Luceafarul_Eminescu.jpg 314w, https:\/\/bassdu.mine.bz\/images\/2016\/10\/Sabin_Balasa_Luceafarul_Eminescu-209x300.jpg 209w\" sizes=\"(max-width: 314px) 100vw, 314px\" \/><\/a><\/p>\n<p>Nu \u015ftiu dac\u0103 a mai sesizat cineva, dar oricum, nu e important. S\u0103 facem LUMIN\u0102!<br \/>\n\u00cencerca\u0163i s\u0103 citi\u0163i LUCEAF\u0102RUL lui Eminescu (aici doar fragmente) \u201ecitind\u201d \u00een loc de:<\/p>\n<p><strong>Luceaf\u0103rul &#8211; Lucifer<\/strong><\/p>\n<p><span style=\"color: #000080;\"><em>\u201ePorni luceaf\u0103rul. Cre\u015fteau<\/em><\/span><br \/>\n<span style=\"color: #000080;\"><em>\u00cen cer a lui aripe,<\/em><\/span><br \/>\n<span style=\"color: #000080;\"><em>\u015ei c\u0103i de mii de ani treceau<\/em><\/span><br \/>\n<span style=\"color: #000080;\"><em>\u00cen tot at\u00e2tea clipe.<\/em><\/span><\/p>\n<p><span style=\"color: #000080;\"><em>Un cer de stele dedesubt,<\/em><\/span><br \/>\n<span style=\"color: #000080;\"><em>Deasupra-i cer de stele &#8211;<\/em><\/span><br \/>\n<span style=\"color: #000080;\"><em>P\u0103rea un fulger ne&#8217;ntrerupt<\/em><\/span><br \/>\n<span style=\"color: #000080;\"><em>R\u0103t\u0103citor prin ele.\u201d<\/em><\/span><\/p>\n<p><span style=\"color: #000080;\"><em>\u015ei din a chaosului v\u0103i,<\/em><\/span><br \/>\n<span style=\"color: #000080;\"><em>Jur \u00eemprejur de sine,<\/em><\/span><br \/>\n<span style=\"color: #000080;\"><em>Vedea, ca-n ziua cea dent\u00e2i,<\/em><\/span><br \/>\n<span style=\"color: #000080;\"><em>Cum izvorau lumine;\u201d<\/em><\/span><\/p>\n<p><strong>C\u0103t\u0103lina &#8211; Omenirea<\/strong><\/p>\n<p><span style=\"color: #008000;\">\u201eCobori \u00een jos, luceaf\u0103r bl\u00e2nd,<\/span><br \/>\n<span style=\"color: #008000;\">Alunec\u00e2nd pe-o raz\u0103,<\/span><br \/>\n<span style=\"color: #008000;\">P\u0103trunde-n cas\u0103 \u015fi \u00een g\u00e2nd<\/span><br \/>\n<span style=\"color: #008000;\">\u015ei via\u0163a-mi lumineaz\u0103!\u201d<\/span><\/p>\n<p>&#8230;&#8230;&#8230;&#8230;..<\/p>\n<p><span style=\"color: #008000;\">Ea-l asculta pe copila\u015f<\/span> (C\u0103t\u0103lin)<br \/>\n<span style=\"color: #008000;\">Uimit\u0103 \u015fi distras\u0103,<\/span><br \/>\n<span style=\"color: #008000;\">\u015ei ru\u015finos \u015fi dr\u0103g\u0103la\u015f,<\/span><br \/>\n<span style=\"color: #008000;\">Mai nu vrea, mai se las\u0103,<\/span><\/p>\n<p><span style=\"color: #008000;\">\u015ei-i zice-ncet: &#8211; \u00cenc\u0103 de mic<\/span><br \/>\n<span style=\"color: #008000;\">Te cuno\u015fteam pe tine,<\/span><br \/>\n<span style=\"color: #008000;\">\u015ei guraliv \u015fi de nimic,<\/span><br \/>\n<span style=\"color: #008000;\">Te-ai potrivi cu mine&#8230;<br \/>\n<\/span><br \/>\n<strong>Dumnezeu &#8211; Abraxas<\/strong><\/p>\n<p><span style=\"color: #800080;\">\u201e- Hyperion, ce din genuni<\/span><br \/>\n<span style=\"color: #800080;\">R\u0103sai c-o-ntreag\u0103 lume,<\/span><br \/>\n<span style=\"color: #800080;\">Nu cere semne \u015fi minuni<\/span><br \/>\n<span style=\"color: #800080;\">Care n-au chip \u015fi nume;<\/span><\/p>\n<p><span style=\"color: #800080;\">Tu vrei un om s\u0103 te soco\u0163i<\/span><br \/>\n<span style=\"color: #800080;\">Cu ei s\u0103 te asameni?<\/span><br \/>\n<span style=\"color: #800080;\">Dar piar\u0103 oamenii cu to\u0163i,<\/span><br \/>\n<span style=\"color: #800080;\">S-ar na\u015fte iar\u0103\u015fi oameni.<\/span><\/p>\n<p><span style=\"color: #800080;\">Ei numai doar dureaz\u0103-n v\u00e2nt<\/span><br \/>\n<span style=\"color: #800080;\">De\u015ferte idealuri &#8211;<\/span><br \/>\n<span style=\"color: #800080;\">C\u00e2nd valuri afl\u0103 un morm\u00e2nt,<\/span><br \/>\n<span style=\"color: #800080;\">R\u0103sar \u00een urm\u0103 valuri;<\/span><\/p>\n<p><span style=\"color: #800080;\">Ei doar au stele cu noroc<\/span><br \/>\n<span style=\"color: #800080;\">\u015ei prigoniri de soarte,<\/span><br \/>\n<span style=\"color: #800080;\">Noi nu avem nici timp, nici loc<\/span><br \/>\n<span style=\"color: #800080;\">\u015ei nu cunoa\u015ftem moarte.\u201d<\/span><\/p>\n<p><strong>C\u0103t\u0103lin &#8211; Satana<\/strong><\/p>\n<p><span style=\"color: #ff0000;\">\u201e\u00cen vremea asta C\u0103t\u0103lin,<\/span><br \/>\n<span style=\"color: #ff0000;\">Viclean copil de cas\u0103,<\/span><br \/>\n<span style=\"color: #ff0000;\">Ce umple cupele cu vin<\/span><br \/>\n<span style=\"color: #ff0000;\">Mesenilor la mas\u0103,<\/span><\/p>\n<p><span style=\"color: #ff0000;\">Un paj ce poart\u0103 pas cu pas<\/span><br \/>\n<span style=\"color: #ff0000;\">A-mp\u0103r\u0103tesii rochii,<\/span><br \/>\n<span style=\"color: #ff0000;\">B\u0103iat din flori \u015fi de pripas,<\/span><br \/>\n<span style=\"color: #ff0000;\">Dar \u00eendr\u0103zne\u0163 cu ochii,\u201d<br \/>\n<\/span><br \/>\nVe\u0163i avea o <span style=\"color: #000000;\"><strong>parabol\u0103 gnostic\u0103<\/strong><\/span>.<br \/>\nEminescu merit\u0103 a fi considerat un <span style=\"color: #000000;\"><strong>ILLUMINATUS<\/strong><\/span>!<br \/>\nP\u00e2n\u0103 \u015fi SOARTA i-a fost pe m\u0103sur\u0103!<\/p>\n","protected":false},"excerpt":{"rendered":"<p>Nu \u015ftiu dac\u0103 a mai sesizat cineva, dar oricum, nu e important. S\u0103 facem LUMIN\u0102! \u00cencerca\u0163i s\u0103 citi\u0163i LUCEAF\u0102RUL lui Eminescu (aici doar fragmente) \u201ecitind\u201d \u00een loc de: Luceaf\u0103rul &#8211; Lucifer \u201ePorni luceaf\u0103rul. Cre\u015fteau \u00cen cer a lui aripe, \u015ei c\u0103i de mii de ani treceau \u00cen tot at\u00e2tea clipe. Un cer de stele dedesubt, [&hellip;]<\/p>\n","protected":false},"author":2,"featured_media":0,"comment_status":"open","ping_status":"open","sticky":false,"template":"","format":"standard","meta":{"footnotes":""},"categories":[107],"tags":[1608,1604,1603,1605,1582,1610,1606,1609,1607],"jetpack_featured_media_url":"","_links":{"self":[{"href":"https:\/\/bassdu.mine.bz\/index.php?rest_route=\/wp\/v2\/posts\/3938"}],"collection":[{"href":"https:\/\/bassdu.mine.bz\/index.php?rest_route=\/wp\/v2\/posts"}],"about":[{"href":"https:\/\/bassdu.mine.bz\/index.php?rest_route=\/wp\/v2\/types\/post"}],"author":[{"embeddable":true,"href":"https:\/\/bassdu.mine.bz\/index.php?rest_route=\/wp\/v2\/users\/2"}],"replies":[{"embeddable":true,"href":"https:\/\/bassdu.mine.bz\/index.php?rest_route=%2Fwp%2Fv2%2Fcomments&post=3938"}],"version-history":[{"count":5,"href":"https:\/\/bassdu.mine.bz\/index.php?rest_route=\/wp\/v2\/posts\/3938\/revisions"}],"predecessor-version":[{"id":4174,"href":"https:\/\/bassdu.mine.bz\/index.php?rest_route=\/wp\/v2\/posts\/3938\/revisions\/4174"}],"wp:attachment":[{"href":"https:\/\/bassdu.mine.bz\/index.php?rest_route=%2Fwp%2Fv2%2Fmedia&parent=3938"}],"wp:term":[{"taxonomy":"category","embeddable":true,"href":"https:\/\/bassdu.mine.bz\/index.php?rest_route=%2Fwp%2Fv2%2Fcategories&post=3938"},{"taxonomy":"post_tag","embeddable":true,"href":"https:\/\/bassdu.mine.bz\/index.php?rest_route=%2Fwp%2Fv2%2Ftags&post=3938"}],"curies":[{"name":"wp","href":"https:\/\/api.w.org\/{rel}","templated":true}]}}