{"id":3949,"date":"2016-10-31T21:28:00","date_gmt":"2016-10-31T20:28:00","guid":{"rendered":"http:\/\/bassdu.mine.bz\/?p=3949"},"modified":"2016-10-31T21:36:39","modified_gmt":"2016-10-31T20:36:39","slug":"lansarea-manifestului-miscarii-dacia-la-ploiesti","status":"publish","type":"post","link":"https:\/\/bassdu.mine.bz\/?p=3949","title":{"rendered":"Lansarea Manifestului MI\u015eC\u0102RII DACIA la Ploie\u015fti"},"content":{"rendered":"<p><a href=\"http:\/\/bassdu.mine.bz\/images\/2016\/10\/Ploie\u015fti3.png\" rel=\"attachment wp-att-3950\"><img loading=\"lazy\" decoding=\"async\" class=\"aligncenter wp-image-3950\" src=\"http:\/\/bassdu.mine.bz\/images\/2016\/10\/Ploie\u015fti3.png\" alt=\"ploiesti3\" width=\"450\" height=\"268\" srcset=\"https:\/\/bassdu.mine.bz\/images\/2016\/10\/Ploie\u015fti3.png 684w, https:\/\/bassdu.mine.bz\/images\/2016\/10\/Ploie\u015fti3-300x179.png 300w\" sizes=\"(max-width: 450px) 100vw, 450px\" \/><\/a><\/p>\n<p>Statuia Libert\u0103\u0163ii reprezent\u00e2nd pe MINERVA, zei\u0163a \u00cen\u0163elepciunii \u015fi Luptei Drepte, al doilea FALANSTER dup\u0103 cel originar al lui Charles Fourier \u015fi prima REPUBLIC\u0102, sunt legate de frumosul ora\u015f PLOIE\u015eTI.<br \/>\nV\u0103 a\u015ftept\u0103m la Palatului Culturii pe data de 03.11.2016, ora 18.00, c\u00e2nd va fi prezentat Manifestul MI\u015eC\u0102RII DACIA:<br \/>\n<strong>\u201e \u03a9 NOU\u0102 LUME &#8211; Oportunit\u0103\u0163i egale pentru to\u0163i copiii\u201d<\/strong><br \/>\n<em>Ghid de Meritocra\u0163ie Iluminist\u0103.<\/em><\/p>\n<p><a href=\"http:\/\/bassdu.mine.bz\/images\/2016\/10\/COPERTA.jpg\" rel=\"attachment wp-att-3951\"><img loading=\"lazy\" decoding=\"async\" class=\"aligncenter wp-image-3951\" src=\"http:\/\/bassdu.mine.bz\/images\/2016\/10\/COPERTA.jpg\" alt=\"coperta\" width=\"480\" height=\"328\" srcset=\"https:\/\/bassdu.mine.bz\/images\/2016\/10\/COPERTA.jpg 3650w, https:\/\/bassdu.mine.bz\/images\/2016\/10\/COPERTA-300x205.jpg 300w, https:\/\/bassdu.mine.bz\/images\/2016\/10\/COPERTA-768x524.jpg 768w, https:\/\/bassdu.mine.bz\/images\/2016\/10\/COPERTA-1024x699.jpg 1024w\" sizes=\"(max-width: 480px) 100vw, 480px\" \/><\/a><\/p>\n","protected":false},"excerpt":{"rendered":"<p>Statuia Libert\u0103\u0163ii reprezent\u00e2nd pe MINERVA, zei\u0163a \u00cen\u0163elepciunii \u015fi Luptei Drepte, al doilea FALANSTER dup\u0103 cel originar al lui Charles Fourier \u015fi prima REPUBLIC\u0102, sunt legate de frumosul ora\u015f PLOIE\u015eTI. V\u0103 a\u015ftept\u0103m la Palatului Culturii pe data de 03.11.2016, ora 18.00, c\u00e2nd va fi prezentat Manifestul MI\u015eC\u0102RII DACIA: \u201e \u03a9 NOU\u0102 LUME &#8211; Oportunit\u0103\u0163i egale pentru [&hellip;]<\/p>\n","protected":false},"author":2,"featured_media":0,"comment_status":"open","ping_status":"open","sticky":false,"template":"","format":"standard","meta":{"footnotes":""},"categories":[1593],"tags":[1588,1611,44,586,1613,210,1614],"jetpack_featured_media_url":"","_links":{"self":[{"href":"https:\/\/bassdu.mine.bz\/index.php?rest_route=\/wp\/v2\/posts\/3949"}],"collection":[{"href":"https:\/\/bassdu.mine.bz\/index.php?rest_route=\/wp\/v2\/posts"}],"about":[{"href":"https:\/\/bassdu.mine.bz\/index.php?rest_route=\/wp\/v2\/types\/post"}],"author":[{"embeddable":true,"href":"https:\/\/bassdu.mine.bz\/index.php?rest_route=\/wp\/v2\/users\/2"}],"replies":[{"embeddable":true,"href":"https:\/\/bassdu.mine.bz\/index.php?rest_route=%2Fwp%2Fv2%2Fcomments&post=3949"}],"version-history":[{"count":5,"href":"https:\/\/bassdu.mine.bz\/index.php?rest_route=\/wp\/v2\/posts\/3949\/revisions"}],"predecessor-version":[{"id":3956,"href":"https:\/\/bassdu.mine.bz\/index.php?rest_route=\/wp\/v2\/posts\/3949\/revisions\/3956"}],"wp:attachment":[{"href":"https:\/\/bassdu.mine.bz\/index.php?rest_route=%2Fwp%2Fv2%2Fmedia&parent=3949"}],"wp:term":[{"taxonomy":"category","embeddable":true,"href":"https:\/\/bassdu.mine.bz\/index.php?rest_route=%2Fwp%2Fv2%2Fcategories&post=3949"},{"taxonomy":"post_tag","embeddable":true,"href":"https:\/\/bassdu.mine.bz\/index.php?rest_route=%2Fwp%2Fv2%2Ftags&post=3949"}],"curies":[{"name":"wp","href":"https:\/\/api.w.org\/{rel}","templated":true}]}}