{"id":3975,"date":"2016-11-14T23:55:25","date_gmt":"2016-11-14T22:55:25","guid":{"rendered":"http:\/\/bassdu.mine.bz\/?p=3975"},"modified":"2016-11-14T23:55:25","modified_gmt":"2016-11-14T22:55:25","slug":"alegerile-prezidentiale-din-republica-moldova","status":"publish","type":"post","link":"https:\/\/bassdu.mine.bz\/?p=3975","title":{"rendered":"Alegerile preziden\u0163iale din Republica Moldova"},"content":{"rendered":"<p>Coerent cu PRINCIPIILE sale, iat\u0103 punctual pozi\u0163ia MI\u015eC\u0102RII DACIA fa\u0163\u0103 de alegerile preziden\u0163iale din 13 Noiembrie din st\u00e2nga Prutului:<br \/>\n1. \u00cen st\u00e2nga Prutului lipse\u015fte o for\u0163\u0103 politic\u0103 REUNIONIST\u0102 de ST\u00c2NGA, l\u0103s\u00e2nd c\u00e2mp liber mancur\u0163ilor sociali\u015fti. Tinerii moldoveni reunioni\u015fti trebuie s\u0103 con\u015ftientizeze MOARTEA CAPITALISMULUI \u015fi a \u00eentregului s\u0103u SET DE VALORI \u015fi s\u0103-\u015fi adapteze pozi\u0163iile, risc\u00e2nd altfel s\u0103 \u00eemp\u0103rt\u0103\u015feasc\u0103 soarta acestuia.<br \/>\nMI\u015eCAREA DACIA nu este nici de st\u00e2nga \u015fi nici de dreapta, ci de DEASUPRA \u015fi militeaz\u0103 \u00een mod fundamental pentru OPORTUNIT\u0102\u0162I EGALE PENTRU TO\u0162I COPIII \u015fi \u00een mod special pentru MERITOCRA\u0162IA ILUMINIST\u0102 (asta ca s\u0103 nu fim acuza\u0163i de apologia St\u00e2ngii). O astfel de mi\u015fcare este alternativ\u0103 TUTUROR PARTIDELOR existente pe ambele maluri de Prut! Lua\u0163i de v\u0103 \u201ead\u0103pa\u0163i\u201d!<br \/>\n<span style=\"color: #000080;\"><strong>MI\u015eCAREA DACIA se adreseaz\u0103:<\/strong><\/span><br \/>\n<span style=\"color: #000080;\"><strong>Celor care simt c\u0103 ceva este profund \u00een neregul\u0103 cu lumea;<\/strong><\/span><br \/>\n<span style=\"color: #000080;\"><strong>Celor care \u201ecaut\u0103 ceva\u201d f\u0103r\u0103 s\u0103 \u015ftie ce caut\u0103 \u015fi f\u0103r\u0103 s\u0103 \u015ftie unde s\u0103 caute;<\/strong><\/span><br \/>\n<span style=\"color: #000080;\"><strong>Celor care percep c\u0103 omenirea a r\u0103mas f\u0103r\u0103 busol\u0103 \u015fi a pierdut drumul;<\/strong><\/span><br \/>\n<span style=\"color: #000080;\"><strong>Celor c\u0103rora talentul le permite s\u0103 \u00een\u0163eleag\u0103;<\/strong><\/span><br \/>\n<span style=\"color: #000080;\"><strong>Celor c\u0103rora voin\u0163a le poate sus\u0163ine efortul;<\/strong><\/span><br \/>\n<strong><span style=\"color: #000080;\">MI\u015eCAREA DACIA le poate ar\u0103ta calea.\u00a0<\/span><\/strong><br \/>\n2. RUSOFOBIA nu favorizeaz\u0103 procesul REUNIRII, deci trebuie c\u0103utat (ca \u00eentotdeauna) ECHILIBRUL GEOSTRATEGIC, deoarece \u201epozi\u0163iile extreme produc efecte extreme\u201d. Celor din st\u00e2nga Prutului trebuie s\u0103 li se explice fundamental c\u0103 interesul Rusiei fa\u0163\u0103 de ei este exclusiv GEOSTRATEGIC-MILITAR, pe c\u00e2nd al Rom\u00e2niei este bazat pe\u00a0 S\u00c2NGELE COMUN. Rom\u00e2nia este gata s\u0103 fac\u0103 SACRIFICII pentru integrare, f\u0103r\u0103 ca asta s\u0103-i aduc\u0103 substan\u0163iale avantaje materiale sau geostrategice, de care o \u0162AR\u0102 BOGAT\u0102 \u015fi PACIFIC\u0102 precum a noastr\u0103 nu are nevoie. Asta nu \u00eenseamn\u0103 s\u0103 se desconsidere influen\u0163a ruseasc\u0103, ci s\u0103 se instaureze\u00a0 o pozi\u0163ie ECHILIBRAT\u0102. MI\u015eCAREA DACIA militeaz\u0103 pentru RELA\u0162II BUNE cu Rusia, dar \u00een condi\u0163iile unui RESPECT RECIPROC, ci nu pe baz\u0103 de VASALITATE. Este adev\u0103rat c\u0103 acum Rom\u00e2nia este vasal\u0103 altora, dar tendin\u0163ele la nivel european sunt centrifuge, astfel c\u0103 \u00ceMPREUN\u0102, prin REUNIRE, putem s\u0103 \u00eenfrunt\u0103m mai u\u015for SFIDELE de la orizontul \u00eentunecat!<br \/>\nFEDERA\u0162IA RUS\u0102 este azi un IMPERIU OLIGARHIC MULTIETNIC, iar \u00een acest\u0103 realitate contrar\u0103 PRINCIPIILOR MI\u015eC\u0102RII DACIA, a\u015ftept\u0103m din partea poporului vecin o DE\u015eTEPTARE precum dorim \u015fi alor no\u015ftri \u015fi atunci vom fi PRIETENI!<br \/>\n3. \u201eLegarea\u201d REUNIRII de ideologia LIBERAL\u0102 sau \u015fi mai r\u0103u, de MONARHIE, dup\u0103 cum procedeaz\u0103 azi inclusiv tinerii de la Ac\u0163iunea 2012 \u015fi Tinerii Moldovei, este o GRE\u015eEAL\u0102 STRATEGIC\u0102 \u00een contextul unei popula\u0163ii dogmatizate de bol\u015fevici pentru multe decenii. Nu po\u0163i cere \u201es\u0103 vin\u0103 jandarmul rom\u00e2n\u201d s\u0103 te scape de corup\u0163ie \u015fi s\u0103 te vaie\u0163i muiere\u015fte c\u0103 ace\u015ftia \u201ete omoar\u0103\u201d c\u00e2nd ai \u00eenc\u0103lcat flagrant regulile statului!?<br \/>\nIdeea c\u0103 TINERII pot face rahatul praf este o ILUZIE SORO\u015eIST\u0102, deoarece pentru a\u015fa \u00eentreprindere e nevoie mai ales de \u00ceN\u0162ELEP\u0162I, iar \u00ceN\u0162ELEPCIUNEA este indisolubil legat\u0103 de v\u00e2rst\u0103, experien\u0163\u0103, competen\u0163\u0103, \u015famd. Din p\u0103cate mul\u0163i din tinerii reunioni\u015fti se afi\u015feaz\u0103 cu regi, regine, prin\u0163ese, politicieni rom\u00e2ni ur\u00e2\u0163i \u00een propria \u0163ar\u0103, partide \u015fi partidule\u0163e, f\u0103c\u00e2nd DAUNE REUNIRII!?&#8230; \u201ela loc comanda!\u201d sau ve\u0163i da socoteal\u0103! \u0162ine\u0163i cont de ce scrie pe aici \u015fi ve\u0163i avea \u015fi vom avea SUCCES!<br \/>\nTinerilor rom\u00e2ni le lipse\u015fte deocamdat\u0103 cu des\u0103v\u00e2r\u015fire CULTURA POLITIC\u0102 (nu numai \u00een st\u00e2nga Prutului), ce nu se rezum\u0103 la IDEALURI, ci trebuie s\u0103 \u00eenglobeze \u015fi TACTICA, STRATEGIA, PRAGMATISMUL, DIPLOMA\u0162IA, INTELIGEN\u0162A, COMPETEN\u0162A, \u015famd.<br \/>\n4. Maia Sandu nu a propus celor din st\u00e2nga Prutului niciun PROGRAM POLITIC, ax\u00e2ndu-\u015fi propaganda exclusiv pe LUPTA \u00ceMPOTRIVA CORUP\u0162IEI. Ea nu pricepe c\u0103 aceasta este INTRINSEC\u0102 SISTEMULUI \u015fi c\u0103 nu poate fi eliminat\u0103 dec\u00e2t cu DEMOLAREA acestuia!? CAPITALISMUL E MORT \u015fi Maia Sandu nu a priceput, ba se pare c\u0103 a picat \u00een \u201eplasa soro\u015fist\u0103\u201d!? Consider\u0103m deci c\u0103 nu e o tragedie alegerea lui Dodon, mai ales c\u0103 \u201efiecare pas\u0103re pre limba ei piere\u201d \u015fi vom avea cur\u00e2nd confirmarea. Nu po\u0163i milita impotriva oligarhiei \u015fi s\u0103 vrei s\u0103 te ancorezi unui Imperiu Oligarhic, f\u0103r\u0103 s\u0103 pl\u0103te\u015fti poli\u0163ele!? \u00cenceta\u0163i cu protestele inutile, c\u0103 risca\u0163i \u015fi risc\u0103m un Maidan, iar atunci v\u0103 va judeca Istoria, ci nu \u201ejandarmul rom\u00e2n\u201d!?<br \/>\nVICTORIA nu trebuie s\u0103 fie fulminant\u0103, ca un foc de paie! E de MUNC\u0102! F\u0103ce\u0163i-o cu INTELIGEN\u0162\u0102 \u015fi IMPLICARE cu to\u0163i concet\u0103\u0163enii vo\u015ftri \u015fi DACIA v\u0103 va mul\u0163umi!<br \/>\n5. \u201ePerforman\u0163ele\u201d actualei guvern\u0103ri de la Chi\u015fin\u0103u au fost \u015fi sunt de tot rahatul, astfel c\u0103 REUNIREA este \u00eempiedicat\u0103 fundamental tocmai de aceia care se manifest\u0103 (cel pu\u0163in \u00een aparen\u0163\u0103) pentru INTEGRAREA EUROPEAN\u0102.<br \/>\nPe de alt\u0103 parte, guvernan\u0163ii de la Bucure\u015fti nu sunt mai breji, \u00eemp\u0103r\u0163ind RESPONSABILITATEA cu cei de\u00a0 pe cel\u0103lalt mal de Prut pentru actualul HAOS NA\u0162IONAL.<br \/>\n6. Regiunile Transnistria \u015fi G\u0103g\u0103uzia trebuiesc somate s\u0103-\u015fi defineasc\u0103 pozi\u0163ia fa\u0163\u0103 de SUVERANITATEA STATULUI, iar \u00een cazul c\u0103 se men\u0163in \u201erefractare\u201d, trebuie scoase din aten\u0163ia acestuia \u015fi de la deciderea SOARTEI \u0162\u0102RII, men\u0163in\u00e2ndu-se aten\u0163ia \u00een teritoriul lor exclusiv pentru etnicii rom\u00e2nii cu scopul ap\u0103r\u0103rii drepturilor inalienabile \u015fi identit\u0103\u0163ii lor na\u0163ionale. Acestea se vor \u00eentoarce cu coada \u00eentre picioare dac\u0103 lucrurile vor decurge \u00een mod natural, fiind izolate din \u00a0toate punctele de vedere \u00eentre Ucraina \u015fi Uniunea European\u0103.<br \/>\n7. \u00cen procesul REUNIRII trebuiesc antrenate \u015fi MINORIT\u0102\u0162ILE, c\u0103rora trebuie s\u0103 li se explice c\u0103 statutul lor \u00een contextul Reglement\u0103rilor Europene este garantat \u015fi la cel mai ridicat nivel posibil. REUNIREA trebuie f\u0103cut\u0103 DE TO\u0162I \u015eI PENTRU TO\u0162I, ci nu de dreapta, liberal\u0103, socialist\u0103, etnic\u0103, \u015famd.!<\/p>\n<p>CONCLUZIE<br \/>\nOmenirea este \u00een pragul unor importante SFIDE \u015fi numai cei INTELIGEN\u0162I vor evita TRAUMELE!<br \/>\n&#8211; Nu v\u0103 pierde\u0163i \u00een DETALII NESEMNIFICATIVE!<br \/>\n&#8211; LUPTA ANTI-SISTEM e dur\u0103, acesta beneficiind de MIN\u0162I \u00ceNTUNECATE!<br \/>\n&#8211; Fi\u0163i LUMINA \u015fi vom birui!<\/p>\n","protected":false},"excerpt":{"rendered":"<p>Coerent cu PRINCIPIILE sale, iat\u0103 punctual pozi\u0163ia MI\u015eC\u0102RII DACIA fa\u0163\u0103 de alegerile preziden\u0163iale din 13 Noiembrie din st\u00e2nga Prutului: 1. \u00cen st\u00e2nga Prutului lipse\u015fte o for\u0163\u0103 politic\u0103 REUNIONIST\u0102 de ST\u00c2NGA, l\u0103s\u00e2nd c\u00e2mp liber mancur\u0163ilor sociali\u015fti. Tinerii moldoveni reunioni\u015fti trebuie s\u0103 con\u015ftientizeze MOARTEA CAPITALISMULUI \u015fi a \u00eentregului s\u0103u SET DE VALORI \u015fi s\u0103-\u015fi adapteze pozi\u0163iile, risc\u00e2nd [&hellip;]<\/p>\n","protected":false},"author":2,"featured_media":0,"comment_status":"open","ping_status":"open","sticky":false,"template":"","format":"standard","meta":{"footnotes":""},"categories":[1],"tags":[333,1617,1618,210,295,669,670,52],"jetpack_featured_media_url":"","_links":{"self":[{"href":"https:\/\/bassdu.mine.bz\/index.php?rest_route=\/wp\/v2\/posts\/3975"}],"collection":[{"href":"https:\/\/bassdu.mine.bz\/index.php?rest_route=\/wp\/v2\/posts"}],"about":[{"href":"https:\/\/bassdu.mine.bz\/index.php?rest_route=\/wp\/v2\/types\/post"}],"author":[{"embeddable":true,"href":"https:\/\/bassdu.mine.bz\/index.php?rest_route=\/wp\/v2\/users\/2"}],"replies":[{"embeddable":true,"href":"https:\/\/bassdu.mine.bz\/index.php?rest_route=%2Fwp%2Fv2%2Fcomments&post=3975"}],"version-history":[{"count":1,"href":"https:\/\/bassdu.mine.bz\/index.php?rest_route=\/wp\/v2\/posts\/3975\/revisions"}],"predecessor-version":[{"id":3976,"href":"https:\/\/bassdu.mine.bz\/index.php?rest_route=\/wp\/v2\/posts\/3975\/revisions\/3976"}],"wp:attachment":[{"href":"https:\/\/bassdu.mine.bz\/index.php?rest_route=%2Fwp%2Fv2%2Fmedia&parent=3975"}],"wp:term":[{"taxonomy":"category","embeddable":true,"href":"https:\/\/bassdu.mine.bz\/index.php?rest_route=%2Fwp%2Fv2%2Fcategories&post=3975"},{"taxonomy":"post_tag","embeddable":true,"href":"https:\/\/bassdu.mine.bz\/index.php?rest_route=%2Fwp%2Fv2%2Ftags&post=3975"}],"curies":[{"name":"wp","href":"https:\/\/api.w.org\/{rel}","templated":true}]}}